{"id":47501,"date":"2014-06-11T09:38:52","date_gmt":"2014-06-11T13:38:52","guid":{"rendered":"http:\/\/www.eltrabajo.cl\/portal\/?p=47501"},"modified":"2014-06-11T09:38:52","modified_gmt":"2014-06-11T13:38:52","slug":"piden-que-responsables-ayuden-a-costear-tratamiento-de-nino-atropellado","status":"publish","type":"post","link":"https:\/\/eltrabajo.cl\/portal\/piden-que-responsables-ayuden-a-costear-tratamiento-de-nino-atropellado\/","title":{"rendered":"Piden que responsables ayuden a costear tratamiento de ni\u00f1o atropellado"},"content":{"rendered":"<figure id=\"attachment_47502\" aria-describedby=\"caption-attachment-47502\" style=\"width: 317px\" class=\"wp-caption alignleft\"><a href=\"https:\/\/i0.wp.com\/www.eltrabajo.cl\/portal\/wp-content\/uploads\/2014\/06\/Atropellado1.jpg\"><img data-recalc-dims=\"1\" loading=\"lazy\" decoding=\"async\" class=\" wp-image-47502 \" alt=\"ESPERANDO UNA EXPLICACI\u00d3N.- Familiares de Cristopher Arce Collao esperan que los responsables de haberlo atropellado puedan dar una explicaci\u00f3n y ayuden a costear los gastos.\" src=\"https:\/\/i0.wp.com\/www.eltrabajo.cl\/portal\/wp-content\/uploads\/2014\/06\/Atropellado1.jpg?resize=317%2C215\" width=\"317\" height=\"215\" srcset=\"https:\/\/i0.wp.com\/eltrabajo.cl\/portal\/wp-content\/uploads\/2014\/06\/Atropellado1.jpg?w=529&amp;ssl=1 529w, https:\/\/i0.wp.com\/eltrabajo.cl\/portal\/wp-content\/uploads\/2014\/06\/Atropellado1.jpg?resize=200%2C135&amp;ssl=1 200w, https:\/\/i0.wp.com\/eltrabajo.cl\/portal\/wp-content\/uploads\/2014\/06\/Atropellado1.jpg?resize=300%2C203&amp;ssl=1 300w, https:\/\/i0.wp.com\/eltrabajo.cl\/portal\/wp-content\/uploads\/2014\/06\/Atropellado1.jpg?resize=150%2C101&amp;ssl=1 150w, https:\/\/i0.wp.com\/eltrabajo.cl\/portal\/wp-content\/uploads\/2014\/06\/Atropellado1.jpg?resize=400%2C270&amp;ssl=1 400w\" sizes=\"auto, (max-width: 317px) 100vw, 317px\" \/><\/a><figcaption id=\"caption-attachment-47502\" class=\"wp-caption-text\">ESPERANDO UNA EXPLICACI\u00d3N.- Familiares de Cristopher Arce Collao esperan que los responsables de haberlo atropellado puedan dar una explicaci\u00f3n y ayuden a costear los gastos.<\/figcaption><\/figure>\n<p><strong>PUTAENDO.-<\/strong> Familiares del peque\u00f1o Cristopher Arce Collao esperan que los responsables de haberlo atropellado puedan dar una explicaci\u00f3n y ayuden a costear los gastos que deber\u00e1n enfrentar en la recuperaci\u00f3n de Cristopher. La se\u00f1ora Mar\u00eda Valencia, abuela del peque\u00f1o Cristopher Arce, se\u00f1al\u00f3 a Diario El Trabajo que despu\u00e9s que se enter\u00f3 que su nieto fue atropellado han vivido momentos bastante duros, por la incertidumbre de no saber qu\u00e9 hab\u00eda ocurrido con Cristopher y luego al enterarse que quienes lo atropellaron no le prestaron auxilio, les invadi\u00f3 la rabia y la impotencia, lo que se sum\u00f3 a la desesperaci\u00f3n al enterarse que el peque\u00f1o perdi\u00f3 tres piezas dentales y result\u00f3 con una lesi\u00f3n en una de sus manos.<\/p>\n<p>Mar\u00eda Valencia asegura que el dentista hoy est\u00e1 experimentando, pues no hay algo seguro que permita salvar los tres dientes de Cristopher, por lo que ya les indicaron que el tratamiento ser\u00e1 bastante largo y costoso, ante lo cual hizo un llamado a quienes atropellaron a su nieto para que puedan asumir su responsabilidad y ayudar en el dif\u00edcil tratamiento que hoy deben enfrentar.<\/p>\n<p>Hoy, Cristopher Arce se encuentra en cama y tomando muchos medicamentos, adem\u00e1s para alimentarse s\u00f3lo puede tragar papillas, ya que es imposible que por el momento pueda masticar cualquier tipo de alimento, lo que tambi\u00e9n ha generado un gasto extra a una familia, que por cierto no cuenta con los medios econ\u00f3micos para solventar un tratamiento cuyo monto es desconocido y tambi\u00e9n el gasto en remedios y en alimentaci\u00f3n que hoy deben asumir luego que Cristopher fuera atropellado por dos sujetos en motocicleta que se dieron a la fuga y no prestaron la ayuda cuando el peque\u00f1o cay\u00f3 al pavimento.<\/p>\n<p>Patricio Gallardo M.<\/p>\n<p>&nbsp;<\/p>\n","protected":false},"excerpt":{"rendered":"<p>PUTAENDO.- Familiares del peque\u00f1o Cristopher Arce Collao esperan que los responsables de haberlo atropellado puedan dar una explicaci\u00f3n y ayuden a costear los gastos que deber\u00e1n enfrentar en la recuperaci\u00f3n de Cristopher&#8230;.<\/p>\n","protected":false},"author":482,"featured_media":47502,"comment_status":"open","ping_status":"closed","sticky":false,"template":"","format":"standard","meta":{"advanced_seo_description":"","jetpack_seo_html_title":"","jetpack_seo_noindex":false,"_jetpack_memberships_contains_paid_content":false,"footnotes":""},"categories":[15],"tags":[],"class_list":["post-47501","post","type-post","status-publish","format-standard","has-post-thumbnail","hentry","category-comunidad"],"jetpack_featured_media_url":"https:\/\/i0.wp.com\/eltrabajo.cl\/portal\/wp-content\/uploads\/2014\/06\/Atropellado1.jpg?fit=529%2C358&ssl=1","jetpack_sharing_enabled":true,"jetpack_likes_enabled":true,"jetpack-related-posts":[],"_links":{"self":[{"href":"https:\/\/eltrabajo.cl\/portal\/wp-json\/wp\/v2\/posts\/47501","targetHints":{"allow":["GET"]}}],"collection":[{"href":"https:\/\/eltrabajo.cl\/portal\/wp-json\/wp\/v2\/posts"}],"about":[{"href":"https:\/\/eltrabajo.cl\/portal\/wp-json\/wp\/v2\/types\/post"}],"author":[{"embeddable":true,"href":"https:\/\/eltrabajo.cl\/portal\/wp-json\/wp\/v2\/users\/482"}],"replies":[{"embeddable":true,"href":"https:\/\/eltrabajo.cl\/portal\/wp-json\/wp\/v2\/comments?post=47501"}],"version-history":[{"count":0,"href":"https:\/\/eltrabajo.cl\/portal\/wp-json\/wp\/v2\/posts\/47501\/revisions"}],"wp:featuredmedia":[{"embeddable":true,"href":"https:\/\/eltrabajo.cl\/portal\/wp-json\/wp\/v2\/media\/47502"}],"wp:attachment":[{"href":"https:\/\/eltrabajo.cl\/portal\/wp-json\/wp\/v2\/media?parent=47501"}],"wp:term":[{"taxonomy":"category","embeddable":true,"href":"https:\/\/eltrabajo.cl\/portal\/wp-json\/wp\/v2\/categories?post=47501"},{"taxonomy":"post_tag","embeddable":true,"href":"https:\/\/eltrabajo.cl\/portal\/wp-json\/wp\/v2\/tags?post=47501"}],"curies":[{"name":"wp","href":"https:\/\/api.w.org\/{rel}","templated":true}]}}