{"id":47508,"date":"2014-06-11T09:42:04","date_gmt":"2014-06-11T13:42:04","guid":{"rendered":"http:\/\/www.eltrabajo.cl\/portal\/?p=47508"},"modified":"2014-06-11T09:42:04","modified_gmt":"2014-06-11T13:42:04","slug":"pagan-primer-cheque-a-trabajadores-del-aseo-beneficiados-por-bono","status":"publish","type":"post","link":"https:\/\/eltrabajo.cl\/portal\/pagan-primer-cheque-a-trabajadores-del-aseo-beneficiados-por-bono\/","title":{"rendered":"Pagan primer cheque a trabajadores del aseo beneficiados por bono"},"content":{"rendered":"<figure id=\"attachment_47509\" aria-describedby=\"caption-attachment-47509\" style=\"width: 528px\" class=\"wp-caption alignnone\"><a href=\"https:\/\/i0.wp.com\/www.eltrabajo.cl\/portal\/wp-content\/uploads\/2014\/06\/Cheque1.jpg\"><img data-recalc-dims=\"1\" loading=\"lazy\" decoding=\"async\" class=\"size-full wp-image-47509\" alt=\"LLEG\u00d3 LA PLATA.- El primer cheque por una suma superior a los $39 millones, entreg\u00f3 ayer martes el Alcalde Patricio Freire a los dirigentes representantes de los trabajadores de la empresa Proactiva.\" src=\"https:\/\/i0.wp.com\/www.eltrabajo.cl\/portal\/wp-content\/uploads\/2014\/06\/Cheque1.jpg?resize=528%2C360\" width=\"528\" height=\"360\" srcset=\"https:\/\/i0.wp.com\/eltrabajo.cl\/portal\/wp-content\/uploads\/2014\/06\/Cheque1.jpg?w=528&amp;ssl=1 528w, https:\/\/i0.wp.com\/eltrabajo.cl\/portal\/wp-content\/uploads\/2014\/06\/Cheque1.jpg?resize=200%2C136&amp;ssl=1 200w, https:\/\/i0.wp.com\/eltrabajo.cl\/portal\/wp-content\/uploads\/2014\/06\/Cheque1.jpg?resize=300%2C204&amp;ssl=1 300w, https:\/\/i0.wp.com\/eltrabajo.cl\/portal\/wp-content\/uploads\/2014\/06\/Cheque1.jpg?resize=150%2C102&amp;ssl=1 150w, https:\/\/i0.wp.com\/eltrabajo.cl\/portal\/wp-content\/uploads\/2014\/06\/Cheque1.jpg?resize=400%2C272&amp;ssl=1 400w\" sizes=\"auto, (max-width: 528px) 100vw, 528px\" \/><\/a><figcaption id=\"caption-attachment-47509\" class=\"wp-caption-text\">LLEG\u00d3 LA PLATA.- El primer cheque por una suma superior a los $39 millones, entreg\u00f3 ayer martes el Alcalde Patricio Freire a los dirigentes representantes de los trabajadores de la empresa Proactiva.<\/figcaption><\/figure>\n<p>El primer cheque por una suma superior a los $39 millones, entreg\u00f3 ayer martes el Alcalde Patricio Freire a los dirigentes representantes de los trabajadores de la empresa Proactiva, beneficiados por el bono, cumpliendo as\u00ed el compromiso adquirido por el jefe comunal. La entrega del cheque se realiz\u00f3 en la municipalidad, con la presencia de los dirigentes y representantes de la empresa de aseo, luego de una serie de reuniones que permitieron determinar la forma de pago.<\/p>\n<p>\u201cLlegamos a un compromiso con la directiva del sindicato y llegamos a un acuerdo la semana pasada y hoy d\u00eda estamos haciendo entrega de la primera remesa, van a ser tres documentos, que es un compromiso de la Municipalidad\u201d, dijo el jefe comunal. El alcalde explic\u00f3 que existe un compromiso con la empresa Proactiva que ahora debe entregar los recursos a los 51 trabajadores beneficiados por el bono, que contempla a barredores, peonetas, auxiliares y choferes, quienes recibir\u00e1n un cheque individual.<\/p>\n<p>Los dirigentes se mostraron conformes al recibir el documento, destacando que siempre existi\u00f3 la disponibilidad de parte del Alcalde Freire de analizar la situaci\u00f3n y de cancelar el bono a los trabajadores.<\/p>\n<p>\u201cLlegamos a un acuerdo la semana reci\u00e9n pasada, que el municipio se compromet\u00eda a pagar este bono en tres cuotas, la primera era del 8 de junio y por problemas administrativos no se pudo antes y ahora esto, es una realidad\u201d, dijo Hugo Mart\u00ednez, Presidente del Sindicato de los Trabajadores de Proactiva.<\/p>\n<p>El Subgerente de Operaciones de Proactiva, Arturo Gotschlich, se\u00f1al\u00f3 que la forma de pago se estableci\u00f3 en un anexo de contrato que se firm\u00f3 entre la Municipalidad de San Felipe y la empresa, que determina que el pago se har\u00e1 en tres cuotas. Una vez recibido el cheque, los recursos ingresan en la cuenta de la empresa para que posteriormente la Gerencia de Recursos Humanos elabore un anexo de contrato a cada trabajador para poder cancelar este bono, que deber\u00eda ser en los pr\u00f3ximos d\u00edas.<\/p>\n<p>&nbsp;<\/p>\n","protected":false},"excerpt":{"rendered":"<p>El primer cheque por una suma superior a los $39 millones, entreg\u00f3 ayer martes el Alcalde Patricio Freire a los dirigentes representantes de los trabajadores de la empresa Proactiva, beneficiados por el&#8230;<\/p>\n","protected":false},"author":482,"featured_media":47509,"comment_status":"open","ping_status":"closed","sticky":false,"template":"","format":"standard","meta":{"advanced_seo_description":"","jetpack_seo_html_title":"","jetpack_seo_noindex":false,"_jetpack_memberships_contains_paid_content":false,"footnotes":""},"categories":[1],"tags":[],"class_list":["post-47508","post","type-post","status-publish","format-standard","has-post-thumbnail","hentry","category-cronica"],"jetpack_featured_media_url":"https:\/\/i0.wp.com\/eltrabajo.cl\/portal\/wp-content\/uploads\/2014\/06\/Cheque1.jpg?fit=528%2C360&ssl=1","jetpack_sharing_enabled":true,"jetpack_likes_enabled":true,"jetpack-related-posts":[],"_links":{"self":[{"href":"https:\/\/eltrabajo.cl\/portal\/wp-json\/wp\/v2\/posts\/47508","targetHints":{"allow":["GET"]}}],"collection":[{"href":"https:\/\/eltrabajo.cl\/portal\/wp-json\/wp\/v2\/posts"}],"about":[{"href":"https:\/\/eltrabajo.cl\/portal\/wp-json\/wp\/v2\/types\/post"}],"author":[{"embeddable":true,"href":"https:\/\/eltrabajo.cl\/portal\/wp-json\/wp\/v2\/users\/482"}],"replies":[{"embeddable":true,"href":"https:\/\/eltrabajo.cl\/portal\/wp-json\/wp\/v2\/comments?post=47508"}],"version-history":[{"count":0,"href":"https:\/\/eltrabajo.cl\/portal\/wp-json\/wp\/v2\/posts\/47508\/revisions"}],"wp:featuredmedia":[{"embeddable":true,"href":"https:\/\/eltrabajo.cl\/portal\/wp-json\/wp\/v2\/media\/47509"}],"wp:attachment":[{"href":"https:\/\/eltrabajo.cl\/portal\/wp-json\/wp\/v2\/media?parent=47508"}],"wp:term":[{"taxonomy":"category","embeddable":true,"href":"https:\/\/eltrabajo.cl\/portal\/wp-json\/wp\/v2\/categories?post=47508"},{"taxonomy":"post_tag","embeddable":true,"href":"https:\/\/eltrabajo.cl\/portal\/wp-json\/wp\/v2\/tags?post=47508"}],"curies":[{"name":"wp","href":"https:\/\/api.w.org\/{rel}","templated":true}]}}