{"id":47535,"date":"2014-06-12T09:23:34","date_gmt":"2014-06-12T13:23:34","guid":{"rendered":"http:\/\/www.eltrabajo.cl\/portal\/?p=47535"},"modified":"2014-06-12T09:30:34","modified_gmt":"2014-06-12T13:30:34","slug":"carabineros-reciben-charla-forense-y-legal-en-el-hospital-psiquiatrico","status":"publish","type":"post","link":"https:\/\/eltrabajo.cl\/portal\/carabineros-reciben-charla-forense-y-legal-en-el-hospital-psiquiatrico\/","title":{"rendered":"Carabineros reciben charla forense y legal en el hospital psiqui\u00e1trico"},"content":{"rendered":"<figure id=\"attachment_47536\" aria-describedby=\"caption-attachment-47536\" style=\"width: 528px\" class=\"wp-caption alignnone\"><a href=\"https:\/\/i0.wp.com\/www.eltrabajo.cl\/portal\/wp-content\/uploads\/2014\/06\/Charla11.jpg\"><img data-recalc-dims=\"1\" loading=\"lazy\" decoding=\"async\" class=\"size-full wp-image-47536\" alt=\"LA CAPACITACI\u00d3N.- As\u00ed se dio inicio a una jornada de capacitaci\u00f3n enfocada principalmente para que el personal policial conozca de una manera m\u00e1s cercana los derechos que protegen a los pacientes del hospital psiqui\u00e1trico.\" src=\"https:\/\/i0.wp.com\/www.eltrabajo.cl\/portal\/wp-content\/uploads\/2014\/06\/Charla11.jpg?resize=528%2C295\" width=\"528\" height=\"295\" srcset=\"https:\/\/i0.wp.com\/eltrabajo.cl\/portal\/wp-content\/uploads\/2014\/06\/Charla11.jpg?w=528&amp;ssl=1 528w, https:\/\/i0.wp.com\/eltrabajo.cl\/portal\/wp-content\/uploads\/2014\/06\/Charla11.jpg?resize=200%2C111&amp;ssl=1 200w, https:\/\/i0.wp.com\/eltrabajo.cl\/portal\/wp-content\/uploads\/2014\/06\/Charla11.jpg?resize=300%2C167&amp;ssl=1 300w, https:\/\/i0.wp.com\/eltrabajo.cl\/portal\/wp-content\/uploads\/2014\/06\/Charla11.jpg?resize=150%2C83&amp;ssl=1 150w, https:\/\/i0.wp.com\/eltrabajo.cl\/portal\/wp-content\/uploads\/2014\/06\/Charla11.jpg?resize=400%2C223&amp;ssl=1 400w\" sizes=\"auto, (max-width: 528px) 100vw, 528px\" \/><\/a><figcaption id=\"caption-attachment-47536\" class=\"wp-caption-text\">LA CAPACITACI\u00d3N.- As\u00ed se dio inicio a una jornada de capacitaci\u00f3n enfocada principalmente para que el personal policial conozca de una manera m\u00e1s cercana los derechos que protegen a los pacientes del hospital psiqui\u00e1trico.<\/figcaption><\/figure>\n<p><strong>PUTAENDO<\/strong>.- Una importante jornada de capacitaci\u00f3n recibi\u00f3 el personal de Carabineros de la comuna, por parte de profesionales del hospital psiqui\u00e1trico en el \u00e1rea legal y forense. Por expresa solicitud del Teniente \u00c1ngelo Acevedo, la ma\u00f1ana de este mi\u00e9rcoles la Directora del Hospital Psiqui\u00e1trico, Jeanette De la Barrera junto al Abogado Cristian Magnam y el Suboficial de Gendarmer\u00eda y Jefe de esos servicios al interior del Phillipe Pinel, Freddy Alvarado, se dio inicio a una jornada de capacitaci\u00f3n enfocada principalmente para que el personal policial conozca de una manera m\u00e1s cercana los derechos que protegen a los pacientes del hospital psiqui\u00e1trico, incluso si estos se encuentran en unidades forenses.<\/p>\n<figure id=\"attachment_47537\" aria-describedby=\"caption-attachment-47537\" style=\"width: 317px\" class=\"wp-caption alignright\"><a href=\"https:\/\/i0.wp.com\/www.eltrabajo.cl\/portal\/wp-content\/uploads\/2014\/06\/Directora-Hospital.jpg\"><img data-recalc-dims=\"1\" loading=\"lazy\" decoding=\"async\" class=\" wp-image-47537 \" alt=\"Directora del Hospital Psiqui\u00e1trico Phillipe Pinel, Jeanette De la Barrera.\" src=\"https:\/\/i0.wp.com\/www.eltrabajo.cl\/portal\/wp-content\/uploads\/2014\/06\/Directora-Hospital.jpg?resize=317%2C307\" width=\"317\" height=\"307\" srcset=\"https:\/\/i0.wp.com\/eltrabajo.cl\/portal\/wp-content\/uploads\/2014\/06\/Directora-Hospital.jpg?w=529&amp;ssl=1 529w, https:\/\/i0.wp.com\/eltrabajo.cl\/portal\/wp-content\/uploads\/2014\/06\/Directora-Hospital.jpg?resize=154%2C150&amp;ssl=1 154w, https:\/\/i0.wp.com\/eltrabajo.cl\/portal\/wp-content\/uploads\/2014\/06\/Directora-Hospital.jpg?resize=300%2C290&amp;ssl=1 300w, https:\/\/i0.wp.com\/eltrabajo.cl\/portal\/wp-content\/uploads\/2014\/06\/Directora-Hospital.jpg?resize=150%2C145&amp;ssl=1 150w, https:\/\/i0.wp.com\/eltrabajo.cl\/portal\/wp-content\/uploads\/2014\/06\/Directora-Hospital.jpg?resize=400%2C387&amp;ssl=1 400w\" sizes=\"auto, (max-width: 317px) 100vw, 317px\" \/><\/a><figcaption id=\"caption-attachment-47537\" class=\"wp-caption-text\">Directora del Hospital Psiqui\u00e1trico Phillipe Pinel, Jeanette De la Barrera.<\/figcaption><\/figure>\n<p><strong>PANTALLA GIGANTE<\/strong><\/p>\n<p>El Suboficial Alvarado en una extensa presentaci\u00f3n detall\u00f3 a Carabineros c\u00f3mo enfrentar y conocer la forma de proceder con un usuario psiqui\u00e1trico, entregando detalles de la experiencia adquirida por Gendarmer\u00eda en lo relacionado al trato de los usuarios, lo que sirve a Carabineros sobre todo cuando se trata de entrevistarse con alguna persona que pueda tener alg\u00fan tipo de patolog\u00eda psiqui\u00e1trica.<\/p>\n<p>Por su parte el Abogado Magnam detall\u00f3 en profundidad los alcances de la Ley Penal en cuanto a las responsabilidades que pueden recaer en los usuarios, que aun habiendo participado en hechos de connotaci\u00f3n p\u00fablica, la ley los exime de responsabilidad por sus patolog\u00edas cl\u00ednicas y tambi\u00e9n aquellos usuarios que son enviados desde tribunales a ex\u00e1menes y peritajes en las unidades especializadas de tipo forense que existen al interior del Phillipe Pinel.<\/p>\n<p>El Teniente Acevedo agradeci\u00f3 la disposici\u00f3n de la Directora del hospital psiqui\u00e1trico y calific\u00f3 la jornada como provechosa para todos los carabineros, pues permiti\u00f3 conocer en profundidad muchos aspectos, lo que les permitir\u00e1 mejorar los procedimientos, por ejemplo cuando alg\u00fan usuario haga abandono de su tratamiento como ha ocurrido en algunos casos y es encontrado por Carabineros en la v\u00eda p\u00fablica.<\/p>\n<p>Acevedo adem\u00e1s indic\u00f3 que este tipo de capacitaciones resultan fundamentales, pues de alguna forma permite conocer c\u00f3mo la ley protege a los pacientes que tienen patolog\u00edas psiqui\u00e1tricas y que por distintos motivos, en un momento determinado Carabineros debe interactuar con ellos o con su entorno.<\/p>\n<p>Patricio Gallardo M.<\/p>\n<p>&nbsp;<\/p>\n","protected":false},"excerpt":{"rendered":"<p>PUTAENDO.- Una importante jornada de capacitaci\u00f3n recibi\u00f3 el personal de Carabineros de la comuna, por parte de profesionales del hospital psiqui\u00e1trico en el \u00e1rea legal y forense. Por expresa solicitud del Teniente&#8230;<\/p>\n","protected":false},"author":482,"featured_media":47536,"comment_status":"open","ping_status":"closed","sticky":false,"template":"","format":"standard","meta":{"advanced_seo_description":"","jetpack_seo_html_title":"","jetpack_seo_noindex":false,"_jetpack_memberships_contains_paid_content":false,"footnotes":""},"categories":[1],"tags":[],"class_list":["post-47535","post","type-post","status-publish","format-standard","has-post-thumbnail","hentry","category-cronica"],"jetpack_featured_media_url":"https:\/\/i0.wp.com\/eltrabajo.cl\/portal\/wp-content\/uploads\/2014\/06\/Charla11.jpg?fit=528%2C295&ssl=1","jetpack_sharing_enabled":true,"jetpack_likes_enabled":true,"jetpack-related-posts":[],"_links":{"self":[{"href":"https:\/\/eltrabajo.cl\/portal\/wp-json\/wp\/v2\/posts\/47535","targetHints":{"allow":["GET"]}}],"collection":[{"href":"https:\/\/eltrabajo.cl\/portal\/wp-json\/wp\/v2\/posts"}],"about":[{"href":"https:\/\/eltrabajo.cl\/portal\/wp-json\/wp\/v2\/types\/post"}],"author":[{"embeddable":true,"href":"https:\/\/eltrabajo.cl\/portal\/wp-json\/wp\/v2\/users\/482"}],"replies":[{"embeddable":true,"href":"https:\/\/eltrabajo.cl\/portal\/wp-json\/wp\/v2\/comments?post=47535"}],"version-history":[{"count":0,"href":"https:\/\/eltrabajo.cl\/portal\/wp-json\/wp\/v2\/posts\/47535\/revisions"}],"wp:featuredmedia":[{"embeddable":true,"href":"https:\/\/eltrabajo.cl\/portal\/wp-json\/wp\/v2\/media\/47536"}],"wp:attachment":[{"href":"https:\/\/eltrabajo.cl\/portal\/wp-json\/wp\/v2\/media?parent=47535"}],"wp:term":[{"taxonomy":"category","embeddable":true,"href":"https:\/\/eltrabajo.cl\/portal\/wp-json\/wp\/v2\/categories?post=47535"},{"taxonomy":"post_tag","embeddable":true,"href":"https:\/\/eltrabajo.cl\/portal\/wp-json\/wp\/v2\/tags?post=47535"}],"curies":[{"name":"wp","href":"https:\/\/api.w.org\/{rel}","templated":true}]}}