{"id":47574,"date":"2014-06-12T09:50:20","date_gmt":"2014-06-12T13:50:20","guid":{"rendered":"http:\/\/www.eltrabajo.cl\/portal\/?p=47574"},"modified":"2014-06-12T09:50:20","modified_gmt":"2014-06-12T13:50:20","slug":"inauguran-centro-diurno-fuente-de-vida-en-el-hospital-psiquiatrico","status":"publish","type":"post","link":"https:\/\/eltrabajo.cl\/portal\/inauguran-centro-diurno-fuente-de-vida-en-el-hospital-psiquiatrico\/","title":{"rendered":"Inauguran Centro diurno Fuente de vida en el hospital psiqui\u00e1trico"},"content":{"rendered":"<figure id=\"attachment_47575\" aria-describedby=\"caption-attachment-47575\" style=\"width: 529px\" class=\"wp-caption alignnone\"><a href=\"https:\/\/i0.wp.com\/www.eltrabajo.cl\/portal\/wp-content\/uploads\/2014\/06\/Diurno1.jpg\"><img data-recalc-dims=\"1\" loading=\"lazy\" decoding=\"async\" class=\"size-full wp-image-47575\" alt=\"DIN\u00c1MICO PROYECTO.- La tarde de este martes pasadas las 17:30 horas en dependencias del hospital psiqui\u00e1trico, se dio inicio a la ceremonia en la cual se dio por inaugurado este centro diurno.\" src=\"https:\/\/i0.wp.com\/www.eltrabajo.cl\/portal\/wp-content\/uploads\/2014\/06\/Diurno1.jpg?resize=529%2C358\" width=\"529\" height=\"358\" srcset=\"https:\/\/i0.wp.com\/eltrabajo.cl\/portal\/wp-content\/uploads\/2014\/06\/Diurno1.jpg?w=529&amp;ssl=1 529w, https:\/\/i0.wp.com\/eltrabajo.cl\/portal\/wp-content\/uploads\/2014\/06\/Diurno1.jpg?resize=200%2C135&amp;ssl=1 200w, https:\/\/i0.wp.com\/eltrabajo.cl\/portal\/wp-content\/uploads\/2014\/06\/Diurno1.jpg?resize=300%2C203&amp;ssl=1 300w, https:\/\/i0.wp.com\/eltrabajo.cl\/portal\/wp-content\/uploads\/2014\/06\/Diurno1.jpg?resize=150%2C101&amp;ssl=1 150w, https:\/\/i0.wp.com\/eltrabajo.cl\/portal\/wp-content\/uploads\/2014\/06\/Diurno1.jpg?resize=400%2C270&amp;ssl=1 400w\" sizes=\"auto, (max-width: 529px) 100vw, 529px\" \/><\/a><figcaption id=\"caption-attachment-47575\" class=\"wp-caption-text\">DIN\u00c1MICO PROYECTO.- La tarde de este martes pasadas las 17:30 horas en dependencias del hospital psiqui\u00e1trico, se dio inicio a la ceremonia en la cual se dio por inaugurado este centro diurno.<\/figcaption><\/figure>\n<p><strong>PUTAENDO<\/strong>.- En un ambiente de mucha emotividad se dio inicio a la ceremonia de inauguraci\u00f3n del Centro diurno Fuente de vida, en el hospital psiqui\u00e1trico de la comuna. El Centro diurno Fuente de vida es un dispositivo de salud mental inserto en la comunidad, cuya metodolog\u00eda se basa principalmente en la rehabilitaci\u00f3n psicosocial con el prop\u00f3sito de reforzar y fomentar destrezas sociales y cognitivas compatibles con la vida en la comunidad, favoreciendo la interacci\u00f3n directa con las personas y los dispositivos propios.<\/p>\n<p>Su prop\u00f3sito fundamental es fortalecer la mejora en la calidad de vida de los pacientes y disminuir las desventajas sociales que imposibilitan su plena inclusi\u00f3n.<\/p>\n<p><strong>EQUIPO HUMANO<\/strong><\/p>\n<p>Actualmente participan 20 pacientes en sus talleres, los que ejecutan un equipo conformado por tres t\u00e9cnicos param\u00e9dicos; tres monitores; dos asistentes sociales; una psic\u00f3loga; un terapeuta ocupacional; un profesor de educaci\u00f3n f\u00edsica. El equipo realiza con los usuarios actividades que est\u00e1n subdivididas en talleres como auto cuidado; estimulaci\u00f3n cognitiva; reposter\u00eda; manejo del estr\u00e9s; creaci\u00f3n de un grupo de autoayuda con obtenci\u00f3n de la personalidad jur\u00eddica y manualidades entre otros.<\/p>\n<p>La tarde de este martes pasadas las 17:30 horas en dependencias del hospital psiqui\u00e1trico, se dio inicio a la ceremonia en la cual se dio por inaugurado este centro diurno, mismo que tiene un importante refuerzo ciudadano, tomando en cuenta que por ejemplo la comunidad form\u00f3 parte en el dise\u00f1o del logo y estandarte que tambi\u00e9n fue presentado en la ocasi\u00f3n en la cual estuvo presente la Directora Regional de Senadis, Marisol Torres; el Gobernador Eduardo Le\u00f3n; el Alcalde Guillermo Reyes; los concejales Carlos Gallardo, Sergio Zamora y Luis Sandoval; el Teniente de Carabineros \u00c1ngelo Acevedo; la Directora del Hospital Psiqui\u00e1trico Jeanette De la Barrera; la Presidente de la Agrupaci\u00f3n Luz Crepuscular Cecilia Villalobos; funcionarios y usuarios del recinto.<\/p>\n<p><strong>PRESENTAN VIDEO<\/strong><\/p>\n<p>Dentro de la ceremonia se present\u00f3 un emotivo video en el cual los usuarios pertenecientes al Centro diurno Fuente de vida contaban sus experiencias y lo que significa para ellos pertenecer a este centro, adem\u00e1s de destacar las oportunidades que han recibido.<\/p>\n<p>Al finalizar la actividad, los usuarios pertenecientes al centro diurno realizaron una hermosa presentaci\u00f3n, en la cual levantaron carteles con mensajes como Amor\u2019, \u2018Comprensi\u00f3n\u2019, \u2018Aprender\u2019, \u2018Entrega\u2019 y \u2018So\u00f1ar\u2019, arrancando emocionados aplausos del p\u00fablico presente. Luego en un pasillo adornado con los trabajos de poes\u00eda, pintura y otros, se procedi\u00f3 a un c\u00f3ctel que fue preparado por los usuarios pertenecientes al taller de reposter\u00eda del Centro diurno Fuente de vida.<\/p>\n<p>La Directora Regional de Senadis, Marisol Torres, indic\u00f3 que \u201cestamos apoyando con recursos la generaci\u00f3n del centro diurno con usuarios del hospital y para nosotros es una forma de cumplir un mandato que nos ha dado nuestra presidenta en focalizar intervenciones en el \u00e1mbito de la salud mental\u201d.<\/p>\n<p>Torres se\u00f1al\u00f3 adem\u00e1s que viene un segundo proyecto complementario al proyecto, ya que para Senadis es sumamente importante dar continuidad a este tipo de iniciativas que buscan la reintegraci\u00f3n de los usuarios en su comunidad mediante el desarrollo de habilidades y potencialidades en diferentes \u00e1mbitos.<\/p>\n<p><strong>\u00a0LOGROS DE\u00a0LOS PACIENTES<\/strong><\/p>\n<p>En tanto Jeanette De la Barrera, mostr\u00f3 su satisfacci\u00f3n con la labor realizada por Senadis y manifest\u00f3 que \u201cnuestro fin \u00faltimo es que nuestros usuarios puedan avanzar en sus procesos de rehabilitaci\u00f3n y reintegraci\u00f3n hacia la comunidad y estos usuarios que participan en centros diurnos son los que est\u00e1n en esta etapa de rehabilitaci\u00f3n y tienen que ir acerc\u00e1ndose a la comunidad, por eso que para nosotros haber creado este centro diurno junto a Senadis es un tremendo orgullo, por lo que agradezco a la directora regional por este proyecto, que es el inicio de un proceso prolongado y sostenido\u201d.<\/p>\n<p>De la Barrera se\u00f1al\u00f3 adem\u00e1s que est\u00e1n muy entusiasmados con la segunda etapa de este proyecto, que vendr\u00e1 a complementar las funciones y el apoyo que brinda el Centro diurno.<\/p>\n<p>Por \u00faltimo Cecilia Villalobos, Presidente de la Agrupaci\u00f3n Luz Crepuscular y de la Agrupaci\u00f3n Amigos del hospital psiqui\u00e1trico, se mostr\u00f3 emocionada por los logros que han alcanzado los pacientes y al respecto declar\u00f3 que \u201ces maravilloso verlos contentos, los funcionarios del hospital han hecho un trabajo incre\u00edble y los usuarios con esta demostraci\u00f3n est\u00e1n dejando en claro que si son capaces de desarrollar sus habilidades y tengo la certeza de que todos lo que ellos se propongan lo van a lograr\u201d. La dirigente tambi\u00e9n agradeci\u00f3 el rol de la directora regional del Senadis, que a su juicio fue un pilar fundamental en la concreci\u00f3n de esta iniciativa.<\/p>\n<p>Patricio Gallardo M.<\/p>\n<div class=\"tiled-gallery type-rectangular tiled-gallery-unresized\" data-original-width=\"640\" data-carousel-extra='null' itemscope itemtype=\"http:\/\/schema.org\/ImageGallery\" > <div class=\"gallery-row\" style=\"width: 640px; height: 290px;\" data-original-width=\"640\" data-original-height=\"290\" > <div class=\"gallery-group images-1\" style=\"width: 427px; height: 290px;\" data-original-width=\"427\" data-original-height=\"290\" > <div class=\"tiled-gallery-item tiled-gallery-item-large\" itemprop=\"associatedMedia\" itemscope itemtype=\"http:\/\/schema.org\/ImageObject\"> <a href=\"https:\/\/eltrabajo.cl\/portal\/inauguran-centro-diurno-fuente-de-vida-en-el-hospital-psiquiatrico\/diurno2\/\" border=\"0\" itemprop=\"url\"> <meta itemprop=\"width\" content=\"423\"> <meta itemprop=\"height\" content=\"286\"> <img decoding=\"async\" class=\"\" data-attachment-id=\"47578\" data-orig-file=\"https:\/\/eltrabajo.cl\/portal\/wp-content\/uploads\/2014\/06\/Diurno2.jpg\" data-orig-size=\"529,358\" data-comments-opened=\"1\" data-image-meta=\"{&quot;aperture&quot;:&quot;5.6&quot;,&quot;credit&quot;:&quot;&quot;,&quot;camera&quot;:&quot;Canon EOS REBEL T3i&quot;,&quot;caption&quot;:&quot;&quot;,&quot;created_timestamp&quot;:&quot;1402423917&quot;,&quot;copyright&quot;:&quot;[wopmind]&quot;,&quot;focal_length&quot;:&quot;18&quot;,&quot;iso&quot;:&quot;6400&quot;,&quot;shutter_speed&quot;:&quot;0.05&quot;,&quot;title&quot;:&quot;&quot;}\" data-image-title=\"Diurno2\" data-image-description=\"&lt;p&gt;EMOTIVO MOMENTO.- Al finalizar la actividad, los usuarios pertenecientes al centro diurno levantaron carteles con mensajes como Amor\u2019, \u2018Comprensi\u00f3n\u2019, \u2018Aprender\u2019, \u2018Entrega\u2019 y \u2018So\u00f1ar\u2019, arrancando emocionados aplausos del p\u00fablico presente.&lt;\/p&gt; \" data-medium-file=\"https:\/\/i0.wp.com\/eltrabajo.cl\/portal\/wp-content\/uploads\/2014\/06\/Diurno2.jpg?fit=300%2C203&#038;ssl=1\" data-large-file=\"https:\/\/i0.wp.com\/eltrabajo.cl\/portal\/wp-content\/uploads\/2014\/06\/Diurno2.jpg?fit=529%2C358&#038;ssl=1\" src=\"https:\/\/i0.wp.com\/eltrabajo.cl\/portal\/wp-content\/uploads\/2014\/06\/Diurno2.jpg?w=423&#038;h=286&#038;ssl=1\" srcset=\"https:\/\/i0.wp.com\/eltrabajo.cl\/portal\/wp-content\/uploads\/2014\/06\/Diurno2.jpg?w=529&amp;ssl=1 529w, https:\/\/i0.wp.com\/eltrabajo.cl\/portal\/wp-content\/uploads\/2014\/06\/Diurno2.jpg?resize=200%2C135&amp;ssl=1 200w, https:\/\/i0.wp.com\/eltrabajo.cl\/portal\/wp-content\/uploads\/2014\/06\/Diurno2.jpg?resize=300%2C203&amp;ssl=1 300w, https:\/\/i0.wp.com\/eltrabajo.cl\/portal\/wp-content\/uploads\/2014\/06\/Diurno2.jpg?resize=150%2C101&amp;ssl=1 150w, https:\/\/i0.wp.com\/eltrabajo.cl\/portal\/wp-content\/uploads\/2014\/06\/Diurno2.jpg?resize=400%2C270&amp;ssl=1 400w\" width=\"423\" height=\"286\" loading=\"lazy\" data-original-width=\"423\" data-original-height=\"286\" itemprop=\"http:\/\/schema.org\/image\" title=\"Diurno2\" alt=\"EMOTIVO MOMENTO.- Al finalizar la actividad, los usuarios pertenecientes al centro diurno levantaron carteles con mensajes como Amor\u2019, \u2018Comprensi\u00f3n\u2019, \u2018Aprender\u2019, \u2018Entrega\u2019 y \u2018So\u00f1ar\u2019, arrancando emocionados aplausos del p\u00fablico presente.\" style=\"width: 423px; height: 286px;\" \/> <\/a> <div class=\"tiled-gallery-caption\" itemprop=\"caption description\"> EMOTIVO MOMENTO.- Al finalizar la actividad, los usuarios pertenecientes al centro diurno levantaron carteles con mensajes como Amor\u2019, \u2018Comprensi\u00f3n\u2019, \u2018Aprender\u2019, \u2018Entrega\u2019 y \u2018So\u00f1ar\u2019, arrancando emocionados aplausos del p\u00fablico presente. <\/div> <\/div> <\/div> <!-- close group --> <div class=\"gallery-group images-2\" style=\"width: 213px; height: 290px;\" data-original-width=\"213\" data-original-height=\"290\" > <div class=\"tiled-gallery-item tiled-gallery-item-small\" itemprop=\"associatedMedia\" itemscope itemtype=\"http:\/\/schema.org\/ImageObject\"> <a href=\"https:\/\/eltrabajo.cl\/portal\/inauguran-centro-diurno-fuente-de-vida-en-el-hospital-psiquiatrico\/diurno3\/\" border=\"0\" itemprop=\"url\"> <meta itemprop=\"width\" content=\"209\"> <meta itemprop=\"height\" content=\"141\"> <img decoding=\"async\" class=\"\" data-attachment-id=\"47579\" data-orig-file=\"https:\/\/eltrabajo.cl\/portal\/wp-content\/uploads\/2014\/06\/Diurno3.jpg\" data-orig-size=\"529,358\" data-comments-opened=\"1\" data-image-meta=\"{&quot;aperture&quot;:&quot;5.6&quot;,&quot;credit&quot;:&quot;&quot;,&quot;camera&quot;:&quot;Canon EOS REBEL T3i&quot;,&quot;caption&quot;:&quot;&quot;,&quot;created_timestamp&quot;:&quot;1402423674&quot;,&quot;copyright&quot;:&quot;[wopmind]&quot;,&quot;focal_length&quot;:&quot;18&quot;,&quot;iso&quot;:&quot;6400&quot;,&quot;shutter_speed&quot;:&quot;0.05&quot;,&quot;title&quot;:&quot;&quot;}\" data-image-title=\"Diurno3\" data-image-description=\"&lt;p&gt;POR BUEN CAMINO.- Las autoridades aplaudieron esta iniciativa, pues con este centro diurno los pacientes podr\u00e1n incorporarse m\u00e1s c\u00f3modamente a nuestra comunidad.&lt;\/p&gt; \" data-medium-file=\"https:\/\/i0.wp.com\/eltrabajo.cl\/portal\/wp-content\/uploads\/2014\/06\/Diurno3.jpg?fit=300%2C203&#038;ssl=1\" data-large-file=\"https:\/\/i0.wp.com\/eltrabajo.cl\/portal\/wp-content\/uploads\/2014\/06\/Diurno3.jpg?fit=529%2C358&#038;ssl=1\" src=\"https:\/\/i0.wp.com\/eltrabajo.cl\/portal\/wp-content\/uploads\/2014\/06\/Diurno3.jpg?w=209&#038;h=141&#038;ssl=1\" srcset=\"https:\/\/i0.wp.com\/eltrabajo.cl\/portal\/wp-content\/uploads\/2014\/06\/Diurno3.jpg?w=529&amp;ssl=1 529w, https:\/\/i0.wp.com\/eltrabajo.cl\/portal\/wp-content\/uploads\/2014\/06\/Diurno3.jpg?resize=200%2C135&amp;ssl=1 200w, https:\/\/i0.wp.com\/eltrabajo.cl\/portal\/wp-content\/uploads\/2014\/06\/Diurno3.jpg?resize=300%2C203&amp;ssl=1 300w, https:\/\/i0.wp.com\/eltrabajo.cl\/portal\/wp-content\/uploads\/2014\/06\/Diurno3.jpg?resize=150%2C101&amp;ssl=1 150w, https:\/\/i0.wp.com\/eltrabajo.cl\/portal\/wp-content\/uploads\/2014\/06\/Diurno3.jpg?resize=400%2C270&amp;ssl=1 400w\" width=\"209\" height=\"141\" loading=\"lazy\" data-original-width=\"209\" data-original-height=\"141\" itemprop=\"http:\/\/schema.org\/image\" title=\"Diurno3\" alt=\"POR BUEN CAMINO.- Las autoridades aplaudieron esta iniciativa, pues con este centro diurno los pacientes podr\u00e1n incorporarse m\u00e1s c\u00f3modamente a nuestra comunidad.\" style=\"width: 209px; height: 141px;\" \/> <\/a> <div class=\"tiled-gallery-caption\" itemprop=\"caption description\"> POR BUEN CAMINO.- Las autoridades aplaudieron esta iniciativa, pues con este centro diurno los pacientes podr\u00e1n incorporarse m\u00e1s c\u00f3modamente a nuestra comunidad. <\/div> <\/div> <div class=\"tiled-gallery-item tiled-gallery-item-small\" itemprop=\"associatedMedia\" itemscope itemtype=\"http:\/\/schema.org\/ImageObject\"> <a href=\"https:\/\/eltrabajo.cl\/portal\/inauguran-centro-diurno-fuente-de-vida-en-el-hospital-psiquiatrico\/cecilia-villalobos\/\" border=\"0\" itemprop=\"url\"> <meta itemprop=\"width\" content=\"209\"> <meta itemprop=\"height\" content=\"141\"> <img decoding=\"async\" class=\"\" data-attachment-id=\"47576\" data-orig-file=\"https:\/\/eltrabajo.cl\/portal\/wp-content\/uploads\/2014\/06\/Cecilia-Villalobos.jpg\" data-orig-size=\"529,358\" data-comments-opened=\"1\" data-image-meta=\"{&quot;aperture&quot;:&quot;3.5&quot;,&quot;credit&quot;:&quot;&quot;,&quot;camera&quot;:&quot;Canon EOS REBEL T3i&quot;,&quot;caption&quot;:&quot;&quot;,&quot;created_timestamp&quot;:&quot;1402425278&quot;,&quot;copyright&quot;:&quot;[wopmind]&quot;,&quot;focal_length&quot;:&quot;18&quot;,&quot;iso&quot;:&quot;400&quot;,&quot;shutter_speed&quot;:&quot;0.016666666666667&quot;,&quot;title&quot;:&quot;&quot;}\" data-image-title=\"Cecilia Villalobos\" data-image-description=\"&lt;p&gt;Cecilia Villalobos, Presidente de la Agrupaci\u00f3n Luz Crepuscular y de la Agrupaci\u00f3n Amigos del hospital psiqui\u00e1trico.&lt;\/p&gt; \" data-medium-file=\"https:\/\/i0.wp.com\/eltrabajo.cl\/portal\/wp-content\/uploads\/2014\/06\/Cecilia-Villalobos.jpg?fit=300%2C203&#038;ssl=1\" data-large-file=\"https:\/\/i0.wp.com\/eltrabajo.cl\/portal\/wp-content\/uploads\/2014\/06\/Cecilia-Villalobos.jpg?fit=529%2C358&#038;ssl=1\" src=\"https:\/\/i0.wp.com\/eltrabajo.cl\/portal\/wp-content\/uploads\/2014\/06\/Cecilia-Villalobos.jpg?w=209&#038;h=141&#038;ssl=1\" srcset=\"https:\/\/i0.wp.com\/eltrabajo.cl\/portal\/wp-content\/uploads\/2014\/06\/Cecilia-Villalobos.jpg?w=529&amp;ssl=1 529w, https:\/\/i0.wp.com\/eltrabajo.cl\/portal\/wp-content\/uploads\/2014\/06\/Cecilia-Villalobos.jpg?resize=200%2C135&amp;ssl=1 200w, https:\/\/i0.wp.com\/eltrabajo.cl\/portal\/wp-content\/uploads\/2014\/06\/Cecilia-Villalobos.jpg?resize=300%2C203&amp;ssl=1 300w, https:\/\/i0.wp.com\/eltrabajo.cl\/portal\/wp-content\/uploads\/2014\/06\/Cecilia-Villalobos.jpg?resize=150%2C101&amp;ssl=1 150w, https:\/\/i0.wp.com\/eltrabajo.cl\/portal\/wp-content\/uploads\/2014\/06\/Cecilia-Villalobos.jpg?resize=400%2C270&amp;ssl=1 400w\" width=\"209\" height=\"141\" loading=\"lazy\" data-original-width=\"209\" data-original-height=\"141\" itemprop=\"http:\/\/schema.org\/image\" title=\"Cecilia Villalobos\" alt=\"Cecilia Villalobos, Presidente de la Agrupaci\u00f3n Luz Crepuscular y de la Agrupaci\u00f3n Amigos del hospital psiqui\u00e1trico.\" style=\"width: 209px; height: 141px;\" \/> <\/a> <div class=\"tiled-gallery-caption\" itemprop=\"caption description\"> Cecilia Villalobos, Presidente de la Agrupaci\u00f3n Luz Crepuscular y de la Agrupaci\u00f3n Amigos del hospital psiqui\u00e1trico. <\/div> <\/div> <\/div> <!-- close group --> <\/div> <!-- close row --> <div class=\"gallery-row\" style=\"width: 640px; height: 434px;\" data-original-width=\"640\" data-original-height=\"434\" > <div class=\"gallery-group images-1\" style=\"width: 640px; height: 434px;\" data-original-width=\"640\" data-original-height=\"434\" > <div class=\"tiled-gallery-item tiled-gallery-item-large\" itemprop=\"associatedMedia\" itemscope itemtype=\"http:\/\/schema.org\/ImageObject\"> <a href=\"https:\/\/eltrabajo.cl\/portal\/inauguran-centro-diurno-fuente-de-vida-en-el-hospital-psiquiatrico\/marisol-torres\/\" border=\"0\" itemprop=\"url\"> <meta itemprop=\"width\" content=\"636\"> <meta itemprop=\"height\" content=\"430\"> <img decoding=\"async\" class=\"\" data-attachment-id=\"47580\" data-orig-file=\"https:\/\/eltrabajo.cl\/portal\/wp-content\/uploads\/2014\/06\/Marisol-Torres.jpg\" data-orig-size=\"529,358\" data-comments-opened=\"1\" data-image-meta=\"{&quot;aperture&quot;:&quot;3.5&quot;,&quot;credit&quot;:&quot;&quot;,&quot;camera&quot;:&quot;Canon EOS REBEL T3i&quot;,&quot;caption&quot;:&quot;&quot;,&quot;created_timestamp&quot;:&quot;1402424892&quot;,&quot;copyright&quot;:&quot;[wopmind]&quot;,&quot;focal_length&quot;:&quot;18&quot;,&quot;iso&quot;:&quot;400&quot;,&quot;shutter_speed&quot;:&quot;0.016666666666667&quot;,&quot;title&quot;:&quot;&quot;}\" data-image-title=\"Marisol Torres\" data-image-description=\"&lt;p&gt;Directora Regional de Senadis, Marisol Torres.&lt;\/p&gt; \" data-medium-file=\"https:\/\/i0.wp.com\/eltrabajo.cl\/portal\/wp-content\/uploads\/2014\/06\/Marisol-Torres.jpg?fit=300%2C203&#038;ssl=1\" data-large-file=\"https:\/\/i0.wp.com\/eltrabajo.cl\/portal\/wp-content\/uploads\/2014\/06\/Marisol-Torres.jpg?fit=529%2C358&#038;ssl=1\" src=\"https:\/\/i0.wp.com\/eltrabajo.cl\/portal\/wp-content\/uploads\/2014\/06\/Marisol-Torres.jpg?w=636&#038;h=430&#038;ssl=1\" srcset=\"https:\/\/i0.wp.com\/eltrabajo.cl\/portal\/wp-content\/uploads\/2014\/06\/Marisol-Torres.jpg?w=529&amp;ssl=1 529w, https:\/\/i0.wp.com\/eltrabajo.cl\/portal\/wp-content\/uploads\/2014\/06\/Marisol-Torres.jpg?resize=200%2C135&amp;ssl=1 200w, https:\/\/i0.wp.com\/eltrabajo.cl\/portal\/wp-content\/uploads\/2014\/06\/Marisol-Torres.jpg?resize=300%2C203&amp;ssl=1 300w, https:\/\/i0.wp.com\/eltrabajo.cl\/portal\/wp-content\/uploads\/2014\/06\/Marisol-Torres.jpg?resize=150%2C101&amp;ssl=1 150w, https:\/\/i0.wp.com\/eltrabajo.cl\/portal\/wp-content\/uploads\/2014\/06\/Marisol-Torres.jpg?resize=400%2C270&amp;ssl=1 400w\" width=\"636\" height=\"430\" loading=\"lazy\" data-original-width=\"636\" data-original-height=\"430\" itemprop=\"http:\/\/schema.org\/image\" title=\"Marisol Torres\" alt=\"Directora Regional de Senadis, Marisol Torres.\" style=\"width: 636px; height: 430px;\" \/> <\/a> <div class=\"tiled-gallery-caption\" itemprop=\"caption description\"> Directora Regional de Senadis, Marisol Torres. <\/div> <\/div> <\/div> <!-- close group --> <\/div> <!-- close row --> <\/div>\n","protected":false},"excerpt":{"rendered":"<p>PUTAENDO.- En un ambiente de mucha emotividad se dio inicio a la ceremonia de inauguraci\u00f3n del Centro diurno Fuente de vida, en el hospital psiqui\u00e1trico de la comuna. El Centro diurno Fuente&#8230;<\/p>\n","protected":false},"author":482,"featured_media":47575,"comment_status":"open","ping_status":"closed","sticky":false,"template":"","format":"standard","meta":{"advanced_seo_description":"","jetpack_seo_html_title":"","jetpack_seo_noindex":false,"_jetpack_memberships_contains_paid_content":false,"footnotes":""},"categories":[15],"tags":[],"class_list":["post-47574","post","type-post","status-publish","format-standard","has-post-thumbnail","hentry","category-comunidad"],"jetpack_featured_media_url":"https:\/\/i0.wp.com\/eltrabajo.cl\/portal\/wp-content\/uploads\/2014\/06\/Diurno1.jpg?fit=529%2C358&ssl=1","jetpack_sharing_enabled":true,"jetpack_likes_enabled":true,"jetpack-related-posts":[],"_links":{"self":[{"href":"https:\/\/eltrabajo.cl\/portal\/wp-json\/wp\/v2\/posts\/47574","targetHints":{"allow":["GET"]}}],"collection":[{"href":"https:\/\/eltrabajo.cl\/portal\/wp-json\/wp\/v2\/posts"}],"about":[{"href":"https:\/\/eltrabajo.cl\/portal\/wp-json\/wp\/v2\/types\/post"}],"author":[{"embeddable":true,"href":"https:\/\/eltrabajo.cl\/portal\/wp-json\/wp\/v2\/users\/482"}],"replies":[{"embeddable":true,"href":"https:\/\/eltrabajo.cl\/portal\/wp-json\/wp\/v2\/comments?post=47574"}],"version-history":[{"count":0,"href":"https:\/\/eltrabajo.cl\/portal\/wp-json\/wp\/v2\/posts\/47574\/revisions"}],"wp:featuredmedia":[{"embeddable":true,"href":"https:\/\/eltrabajo.cl\/portal\/wp-json\/wp\/v2\/media\/47575"}],"wp:attachment":[{"href":"https:\/\/eltrabajo.cl\/portal\/wp-json\/wp\/v2\/media?parent=47574"}],"wp:term":[{"taxonomy":"category","embeddable":true,"href":"https:\/\/eltrabajo.cl\/portal\/wp-json\/wp\/v2\/categories?post=47574"},{"taxonomy":"post_tag","embeddable":true,"href":"https:\/\/eltrabajo.cl\/portal\/wp-json\/wp\/v2\/tags?post=47574"}],"curies":[{"name":"wp","href":"https:\/\/api.w.org\/{rel}","templated":true}]}}