{"id":47597,"date":"2014-06-13T09:40:48","date_gmt":"2014-06-13T13:40:48","guid":{"rendered":"http:\/\/www.eltrabajo.cl\/portal\/?p=47597"},"modified":"2014-06-13T09:40:48","modified_gmt":"2014-06-13T13:40:48","slug":"este-sabado-se-realizara-una-nueva-version-de-la-feria-saberes-y-sabores","status":"publish","type":"post","link":"https:\/\/eltrabajo.cl\/portal\/este-sabado-se-realizara-una-nueva-version-de-la-feria-saberes-y-sabores\/","title":{"rendered":"Este s\u00e1bado se realizar\u00e1 una nueva versi\u00f3n de la Feria Saberes y Sabores"},"content":{"rendered":"<figure id=\"attachment_47598\" aria-describedby=\"caption-attachment-47598\" style=\"width: 528px\" class=\"wp-caption alignnone\"><a href=\"https:\/\/i0.wp.com\/www.eltrabajo.cl\/portal\/wp-content\/uploads\/2014\/06\/Feria1.jpg\"><img data-recalc-dims=\"1\" loading=\"lazy\" decoding=\"async\" class=\"size-full wp-image-47598\" alt=\"La actividad arranca este s\u00e1bado 14 de junio desde las 10:00 hasta las 19:00 horas en la Plaza Fernando Aldunce Campos del sector.\" src=\"https:\/\/i0.wp.com\/www.eltrabajo.cl\/portal\/wp-content\/uploads\/2014\/06\/Feria1.jpg?resize=528%2C306\" width=\"528\" height=\"306\" srcset=\"https:\/\/i0.wp.com\/eltrabajo.cl\/portal\/wp-content\/uploads\/2014\/06\/Feria1.jpg?w=528&amp;ssl=1 528w, https:\/\/i0.wp.com\/eltrabajo.cl\/portal\/wp-content\/uploads\/2014\/06\/Feria1.jpg?resize=200%2C115&amp;ssl=1 200w, https:\/\/i0.wp.com\/eltrabajo.cl\/portal\/wp-content\/uploads\/2014\/06\/Feria1.jpg?resize=300%2C173&amp;ssl=1 300w, https:\/\/i0.wp.com\/eltrabajo.cl\/portal\/wp-content\/uploads\/2014\/06\/Feria1.jpg?resize=150%2C86&amp;ssl=1 150w, https:\/\/i0.wp.com\/eltrabajo.cl\/portal\/wp-content\/uploads\/2014\/06\/Feria1.jpg?resize=400%2C231&amp;ssl=1 400w\" sizes=\"auto, (max-width: 528px) 100vw, 528px\" \/><\/a><figcaption id=\"caption-attachment-47598\" class=\"wp-caption-text\">La actividad arranca este s\u00e1bado 14 de junio desde las 10:00 hasta las 19:00 horas en la Plaza Fernando Aldunce Campos del sector.<\/figcaption><\/figure>\n<p><strong>PUTAENDO<\/strong>.- La exitosa Feria de gastronom\u00eda y artesan\u00eda t\u00edpica Saberes y sabores de Rinconada de Silva, tendr\u00e1 su tercera versi\u00f3n este s\u00e1bado 14 de junio desde las 10:00 hasta las 19:00 horas en la Plaza Fernando Aldunce Campos del sector.<\/p>\n<p>Sopaipillas; pan amasado; las exquisitas tortillas de rescoldo; charqui; picarones; arrollado huaso; tejidos; artesan\u00edas; flores; cosm\u00e9ticos naturales; macram\u00e9; policrom\u00eda y mosaicos, son parte de este acierto del Centro de Desarrollo y Expresi\u00f3n Cultural de Rinconada de Silva, organizaci\u00f3n destacada de Putaendo que desde el a\u00f1o pasado ha potenciado la artesan\u00eda y la gastronom\u00eda t\u00edpica a trav\u00e9s de la Feria Saberes y sabores.<\/p>\n<p>Gemma Lepe, Presidente del Centro de Desarrollo y Expresi\u00f3n Cultural de Rinconada de Silva, destac\u00f3 el \u00e9xito y la acogida que ha tenido esta iniciativa en el Valle del Aconcagua e hizo la invitaci\u00f3n para este s\u00e1bado 14 de junio desde las 10:00 horas para que disfruten de la variedad que ofrece esta feria de tradiciones y sabores. La actividad cuenta con el patrocinio de la Municipalidad de Putaendo y tambi\u00e9n como una forma de inundar la actividad de folclore, se contar\u00e1 con la presentaci\u00f3n del Grupo folcl\u00f3rico Los Carmelitos de Rinconada de Silva, a las 16:00 horas.<\/p>\n<p>Patricio Gallardo M.<\/p>\n<p>&nbsp;<\/p>\n","protected":false},"excerpt":{"rendered":"<p>PUTAENDO.- La exitosa Feria de gastronom\u00eda y artesan\u00eda t\u00edpica Saberes y sabores de Rinconada de Silva, tendr\u00e1 su tercera versi\u00f3n este s\u00e1bado 14 de junio desde las 10:00 hasta las 19:00 horas&#8230;<\/p>\n","protected":false},"author":482,"featured_media":47598,"comment_status":"open","ping_status":"closed","sticky":false,"template":"","format":"standard","meta":{"advanced_seo_description":"","jetpack_seo_html_title":"","jetpack_seo_noindex":false,"_jetpack_memberships_contains_paid_content":false,"footnotes":""},"categories":[15],"tags":[],"class_list":["post-47597","post","type-post","status-publish","format-standard","has-post-thumbnail","hentry","category-comunidad"],"jetpack_featured_media_url":"https:\/\/i0.wp.com\/eltrabajo.cl\/portal\/wp-content\/uploads\/2014\/06\/Feria1.jpg?fit=528%2C306&ssl=1","jetpack_sharing_enabled":true,"jetpack_likes_enabled":true,"jetpack-related-posts":[],"_links":{"self":[{"href":"https:\/\/eltrabajo.cl\/portal\/wp-json\/wp\/v2\/posts\/47597","targetHints":{"allow":["GET"]}}],"collection":[{"href":"https:\/\/eltrabajo.cl\/portal\/wp-json\/wp\/v2\/posts"}],"about":[{"href":"https:\/\/eltrabajo.cl\/portal\/wp-json\/wp\/v2\/types\/post"}],"author":[{"embeddable":true,"href":"https:\/\/eltrabajo.cl\/portal\/wp-json\/wp\/v2\/users\/482"}],"replies":[{"embeddable":true,"href":"https:\/\/eltrabajo.cl\/portal\/wp-json\/wp\/v2\/comments?post=47597"}],"version-history":[{"count":0,"href":"https:\/\/eltrabajo.cl\/portal\/wp-json\/wp\/v2\/posts\/47597\/revisions"}],"wp:featuredmedia":[{"embeddable":true,"href":"https:\/\/eltrabajo.cl\/portal\/wp-json\/wp\/v2\/media\/47598"}],"wp:attachment":[{"href":"https:\/\/eltrabajo.cl\/portal\/wp-json\/wp\/v2\/media?parent=47597"}],"wp:term":[{"taxonomy":"category","embeddable":true,"href":"https:\/\/eltrabajo.cl\/portal\/wp-json\/wp\/v2\/categories?post=47597"},{"taxonomy":"post_tag","embeddable":true,"href":"https:\/\/eltrabajo.cl\/portal\/wp-json\/wp\/v2\/tags?post=47597"}],"curies":[{"name":"wp","href":"https:\/\/api.w.org\/{rel}","templated":true}]}}