{"id":47613,"date":"2014-06-13T09:46:33","date_gmt":"2014-06-13T13:46:33","guid":{"rendered":"http:\/\/www.eltrabajo.cl\/portal\/?p=47613"},"modified":"2014-06-13T09:46:33","modified_gmt":"2014-06-13T13:46:33","slug":"villa-las-gardenias-primer-punto-limpio-de-san-felipe","status":"publish","type":"post","link":"https:\/\/eltrabajo.cl\/portal\/villa-las-gardenias-primer-punto-limpio-de-san-felipe\/","title":{"rendered":"Villa Las Gardenias, primer Punto Limpio de San Felipe"},"content":{"rendered":"<figure id=\"attachment_47614\" aria-describedby=\"caption-attachment-47614\" style=\"width: 528px\" class=\"wp-caption alignnone\"><a href=\"https:\/\/i0.wp.com\/www.eltrabajo.cl\/portal\/wp-content\/uploads\/2014\/06\/Gardenias1.jpg\"><img data-recalc-dims=\"1\" loading=\"lazy\" decoding=\"async\" class=\"size-full wp-image-47614\" alt=\"LIMPIEZA.- Los vecinos se unieron -junto a la autoridad gubernamental y municipal- para mejorar su calidad de vida y comprometerse con el cuidado del medio ambiente, mirando a convertirse en un sector de crecimiento sustentable en la zona.\" src=\"https:\/\/i0.wp.com\/www.eltrabajo.cl\/portal\/wp-content\/uploads\/2014\/06\/Gardenias1.jpg?resize=528%2C354\" width=\"528\" height=\"354\" srcset=\"https:\/\/i0.wp.com\/eltrabajo.cl\/portal\/wp-content\/uploads\/2014\/06\/Gardenias1.jpg?w=528&amp;ssl=1 528w, https:\/\/i0.wp.com\/eltrabajo.cl\/portal\/wp-content\/uploads\/2014\/06\/Gardenias1.jpg?resize=200%2C134&amp;ssl=1 200w, https:\/\/i0.wp.com\/eltrabajo.cl\/portal\/wp-content\/uploads\/2014\/06\/Gardenias1.jpg?resize=300%2C201&amp;ssl=1 300w, https:\/\/i0.wp.com\/eltrabajo.cl\/portal\/wp-content\/uploads\/2014\/06\/Gardenias1.jpg?resize=150%2C100&amp;ssl=1 150w, https:\/\/i0.wp.com\/eltrabajo.cl\/portal\/wp-content\/uploads\/2014\/06\/Gardenias1.jpg?resize=400%2C268&amp;ssl=1 400w\" sizes=\"auto, (max-width: 528px) 100vw, 528px\" \/><\/a><figcaption id=\"caption-attachment-47614\" class=\"wp-caption-text\">LIMPIEZA.- Los vecinos se unieron -junto a la autoridad gubernamental y municipal- para mejorar su calidad de vida y comprometerse con el cuidado del medio ambiente, mirando a convertirse en un sector de crecimiento sustentable en la zona.<\/figcaption><\/figure>\n<p>Los vecinos de Villa Las Gardenias estaban orgullosos y felices, y nos es para menos, ya que inauguraron este fin de semana el primer punto limpio de la comuna, iniciativa que fue posible gracias a su organizaci\u00f3n, al compromiso que tienen con el cuidado al medioambiente y al Fondo de Protecci\u00f3n Ambiental (FPA).<\/p>\n<p>Uno de los vecinos que puja permanentemente para obtener el desarrollo de la villa es Juan Olgu\u00edn, trabajador de Divisi\u00f3n Andina, quien asegur\u00f3 que este tipo de actividades representan una satisfacci\u00f3n, ya que \u201ccuando se concreta un proyecto genera movimiento en la gente, no nos quedamos \u2018pegados\u2019 en los problemas, somos parte de la soluci\u00f3n, y esa mentalidad la tenemos un gran n\u00famero de vecinos que aspiramos a que Villa Las Gardenias sea completamente sustentable\u201d.<\/p>\n<p>Por lo anterior, el objetivo de la comunidad de Las Gardenias es mantener vivo y en buenas condiciones este proyecto, para que sirva de ejemplo y sea replicado en otros sectores, pudiendo avanzar a una mejor calidad de vida. El punto limpio cuenta con tres contenedores: dos para pl\u00e1sticos y uno para latas, para que los vecinos clasifiquen sus residuos. El retiro ser\u00e1 realizado por camiones dos veces a la semana, transform\u00e1ndose en clamshell (envases que sirven para exportar fruta).<\/p>\n<p>Para Alma Araya, Presidente de la Junta de Vecinos de Villa Las Gardenias, \u201cel desaf\u00edo ahora es comenzar a difundir m\u00e1s a\u00fan esta iniciativa, con el objetivo de aumentar la participaci\u00f3n y lograr el objetivo de convertirnos en una villa sustentable, ejemplo para San Felipe y todo el Valle de Aconcagua, comprometi\u00e9ndonos con el cuidado del medio ambiente desde nuestro quehacer diario\u201d.<\/p>\n<p>Finalmente Olgu\u00edn enfatiz\u00f3 el compromiso que tienen los trabajadores de Divisi\u00f3n Andina como vecinos del valle mientras que agreg\u00f3 que \u201cestamos desarrollando diferentes iniciativas que buscan formar un equipo de voluntariado de trabajadores que aporte al desarrollo de la comunidad, ya sea con asesor\u00edas t\u00e9cnicos profesionales u\/o trabajos de servicio social, las que materializaremos pr\u00f3ximamente\u201d, finaliz\u00f3.<\/p>\n","protected":false},"excerpt":{"rendered":"<p>Los vecinos de Villa Las Gardenias estaban orgullosos y felices, y nos es para menos, ya que inauguraron este fin de semana el primer punto limpio de la comuna, iniciativa que fue&#8230;<\/p>\n","protected":false},"author":482,"featured_media":47614,"comment_status":"open","ping_status":"closed","sticky":false,"template":"","format":"standard","meta":{"advanced_seo_description":"","jetpack_seo_html_title":"","jetpack_seo_noindex":false,"_jetpack_memberships_contains_paid_content":false,"footnotes":""},"categories":[15],"tags":[],"class_list":["post-47613","post","type-post","status-publish","format-standard","has-post-thumbnail","hentry","category-comunidad"],"jetpack_featured_media_url":"https:\/\/i0.wp.com\/eltrabajo.cl\/portal\/wp-content\/uploads\/2014\/06\/Gardenias1.jpg?fit=528%2C354&ssl=1","jetpack_sharing_enabled":true,"jetpack_likes_enabled":true,"jetpack-related-posts":[],"_links":{"self":[{"href":"https:\/\/eltrabajo.cl\/portal\/wp-json\/wp\/v2\/posts\/47613","targetHints":{"allow":["GET"]}}],"collection":[{"href":"https:\/\/eltrabajo.cl\/portal\/wp-json\/wp\/v2\/posts"}],"about":[{"href":"https:\/\/eltrabajo.cl\/portal\/wp-json\/wp\/v2\/types\/post"}],"author":[{"embeddable":true,"href":"https:\/\/eltrabajo.cl\/portal\/wp-json\/wp\/v2\/users\/482"}],"replies":[{"embeddable":true,"href":"https:\/\/eltrabajo.cl\/portal\/wp-json\/wp\/v2\/comments?post=47613"}],"version-history":[{"count":0,"href":"https:\/\/eltrabajo.cl\/portal\/wp-json\/wp\/v2\/posts\/47613\/revisions"}],"wp:featuredmedia":[{"embeddable":true,"href":"https:\/\/eltrabajo.cl\/portal\/wp-json\/wp\/v2\/media\/47614"}],"wp:attachment":[{"href":"https:\/\/eltrabajo.cl\/portal\/wp-json\/wp\/v2\/media?parent=47613"}],"wp:term":[{"taxonomy":"category","embeddable":true,"href":"https:\/\/eltrabajo.cl\/portal\/wp-json\/wp\/v2\/categories?post=47613"},{"taxonomy":"post_tag","embeddable":true,"href":"https:\/\/eltrabajo.cl\/portal\/wp-json\/wp\/v2\/tags?post=47613"}],"curies":[{"name":"wp","href":"https:\/\/api.w.org\/{rel}","templated":true}]}}