{"id":47639,"date":"2014-06-16T09:25:40","date_gmt":"2014-06-16T13:25:40","guid":{"rendered":"http:\/\/www.eltrabajo.cl\/portal\/?p=47639"},"modified":"2014-06-16T09:25:40","modified_gmt":"2014-06-16T13:25:40","slug":"putaendinos-rinden-homenaje-a-san-antonio-de-padua","status":"publish","type":"post","link":"https:\/\/eltrabajo.cl\/portal\/putaendinos-rinden-homenaje-a-san-antonio-de-padua\/","title":{"rendered":"Putaendinos rinden homenaje a San Antonio de Padua"},"content":{"rendered":"<figure id=\"attachment_47640\" aria-describedby=\"caption-attachment-47640\" style=\"width: 529px\" class=\"wp-caption alignnone\"><a href=\"https:\/\/i0.wp.com\/www.eltrabajo.cl\/portal\/wp-content\/uploads\/2014\/06\/Santo1.jpg\"><img data-recalc-dims=\"1\" loading=\"lazy\" decoding=\"async\" class=\"size-full wp-image-47640\" alt=\"SANTO PATRONO.- Con un bello desfile, la ma\u00f1ana de este viernes y con la participaci\u00f3n de autoridades, establecimientos educacionales e instituciones, los putaendinos rindieron homenaje a San Antonio de Padua.\" src=\"https:\/\/i0.wp.com\/www.eltrabajo.cl\/portal\/wp-content\/uploads\/2014\/06\/Santo1.jpg?resize=529%2C358\" width=\"529\" height=\"358\" srcset=\"https:\/\/i0.wp.com\/eltrabajo.cl\/portal\/wp-content\/uploads\/2014\/06\/Santo1.jpg?w=529&amp;ssl=1 529w, https:\/\/i0.wp.com\/eltrabajo.cl\/portal\/wp-content\/uploads\/2014\/06\/Santo1.jpg?resize=200%2C135&amp;ssl=1 200w, https:\/\/i0.wp.com\/eltrabajo.cl\/portal\/wp-content\/uploads\/2014\/06\/Santo1.jpg?resize=300%2C203&amp;ssl=1 300w, https:\/\/i0.wp.com\/eltrabajo.cl\/portal\/wp-content\/uploads\/2014\/06\/Santo1.jpg?resize=150%2C101&amp;ssl=1 150w, https:\/\/i0.wp.com\/eltrabajo.cl\/portal\/wp-content\/uploads\/2014\/06\/Santo1.jpg?resize=400%2C270&amp;ssl=1 400w\" sizes=\"auto, (max-width: 529px) 100vw, 529px\" \/><\/a><figcaption id=\"caption-attachment-47640\" class=\"wp-caption-text\">SANTO PATRONO.- Con un bello desfile, la ma\u00f1ana de este viernes y con la participaci\u00f3n de autoridades, establecimientos educacionales e instituciones, los putaendinos rindieron homenaje a San Antonio de Padua.<\/figcaption><\/figure>\n<p><strong>PUTAENDO<\/strong>.- Con un bello desfile, la ma\u00f1ana de este viernes y con la participaci\u00f3n de autoridades, establecimientos educacionales e instituciones, los putaendinos rindieron homenaje a San Antonio de Padua, patrono de la comuna.<\/p>\n<p>Pasadas las 11:15 horas luego que un grupo de payadores y cantores a Lo Humano y Lo Divino dedicaran sus mejores versos al santo, hizo su ingreso la Banda de Guerra de la Escuela Industrial Guillermo Richards Cuevas de San Felipe, que siempre est\u00e1 presente en cada desfile en honor al santo patrono de Putaendo y luego procedi\u00f3 a encajonar la Banda de guerra e Instrumental del Departamento de Educaci\u00f3n Municipal de Putaendo.<\/p>\n<p>Luego las autoridades tomaron ubicaci\u00f3n a un costado de la imagen de San Antonio de Padua, el invitado de honor para tan ocasi\u00f3n. Posteriormente el Alcalde Guillermo Reyes y el Concejal Sergio Zamora depositaron una ofrenda floral a los pies del santo ubicado en el frontis del templo parroquial.<\/p>\n<p>El Cura Pedro Salinas, p\u00e1rroco de la Parroquia San Antonio de Padua y la Hermana Margarita Palomino, leyeron una rese\u00f1a sobre la vida de San Antonio de Padua, quien fue un fraile, predicador y te\u00f3logo portugu\u00e9s, venerado como santo y \u2018Doctor de la Iglesia\u2019 por el catolicismo. Se trata del segundo santo m\u00e1s r\u00e1pidamente canonizado por la Iglesia, tras San Pedro M\u00e1rtir de Verona.<\/p>\n<p>Una a una las diferentes organizaciones, establecimientos educacionales, una delegaci\u00f3n de usuarios del hospital psiqui\u00e1trico; clubes de adulto mayor; el Cuerpo de Bomberos de Putaendo con sus tres compa\u00f1\u00edas; un grupo perteneciente a la Parroquia San Antonio que portaban una segunda imagen del santo; los taxis b\u00e1sicos y la L\u00ednea 1 de colectivos Putaendo-San Felipe y las diferentes catequesis familiares, adem\u00e1s de la Asociaci\u00f3n de Rodeo Laboral, rindieron sus homenajes a San Antonio de Padua en un hermoso y colorido desfile.<\/p>\n<p><strong>BANDA DE GUERRA<\/strong><\/p>\n<p>La novedad de este desfile fue la primera presentaci\u00f3n de la Banda de Guerra del Colegio Marie Poussepin de Putaendo, que aprovech\u00f3 esta importante ocasi\u00f3n para hacer su debut tras casi un a\u00f1o de trabajo a cargo del destacado instructor Roberto Mora Osorio y con una participaci\u00f3n de cerca de 50 estudiantes.<\/p>\n<p>Luego de su primera presentaci\u00f3n, el Profesor Mario Arcos destac\u00f3 el esfuerzo que ha puesto el colegio y sus estudiantes para sacar adelante esta nueva banda de guerra, \u201ces la primera vez que se presenta la banda del Colegio Marie Poussepin, aunque hace m\u00e1s de 40 a\u00f1os aproximadamente la escuela ten\u00eda su banda y este a\u00f1o a trav\u00e9s de una gesti\u00f3n de la direcci\u00f3n del colegio se pudo concretar este sue\u00f1o que ten\u00edamos hace bastante tiempo de poder contar con nuestra propia banda y esta fue su primera presentaci\u00f3n, los muchachos estaban algo nerviosos pero lo hicieron muy bien\u201d.<\/p>\n<p>Patricio Gallardo M.<\/p>\n<div class=\"tiled-gallery type-rectangular tiled-gallery-unresized\" data-original-width=\"640\" data-carousel-extra='null' itemscope itemtype=\"http:\/\/schema.org\/ImageGallery\" > <div class=\"gallery-row\" style=\"width: 640px; height: 227px;\" data-original-width=\"640\" data-original-height=\"227\" > <div class=\"gallery-group images-1\" style=\"width: 347px; height: 227px;\" data-original-width=\"347\" data-original-height=\"227\" > <div class=\"tiled-gallery-item tiled-gallery-item-large\" itemprop=\"associatedMedia\" itemscope itemtype=\"http:\/\/schema.org\/ImageObject\"> <a href=\"https:\/\/eltrabajo.cl\/portal\/putaendinos-rinden-homenaje-a-san-antonio-de-padua\/banda1-6\/\" border=\"0\" itemprop=\"url\"> <meta itemprop=\"width\" content=\"343\"> <meta itemprop=\"height\" content=\"223\"> <img decoding=\"async\" class=\"\" data-attachment-id=\"47641\" data-orig-file=\"https:\/\/eltrabajo.cl\/portal\/wp-content\/uploads\/2014\/06\/Banda11.jpg\" data-orig-size=\"529,344\" data-comments-opened=\"1\" data-image-meta=\"{&quot;aperture&quot;:&quot;8&quot;,&quot;credit&quot;:&quot;&quot;,&quot;camera&quot;:&quot;Canon EOS REBEL T3&quot;,&quot;caption&quot;:&quot;&quot;,&quot;created_timestamp&quot;:&quot;1389877843&quot;,&quot;copyright&quot;:&quot;&quot;,&quot;focal_length&quot;:&quot;28&quot;,&quot;iso&quot;:&quot;100&quot;,&quot;shutter_speed&quot;:&quot;0.004&quot;,&quot;title&quot;:&quot;&quot;}\" data-image-title=\"Banda1\" data-image-description=\"&lt;p&gt;BANDA DE LUJO.- La novedad de este desfile fue la primera presentaci\u00f3n de la Banda de Guerra del Colegio Marie Poussepin de Putaendo.&lt;\/p&gt; \" data-medium-file=\"https:\/\/i0.wp.com\/eltrabajo.cl\/portal\/wp-content\/uploads\/2014\/06\/Banda11.jpg?fit=300%2C195&#038;ssl=1\" data-large-file=\"https:\/\/i0.wp.com\/eltrabajo.cl\/portal\/wp-content\/uploads\/2014\/06\/Banda11.jpg?fit=529%2C344&#038;ssl=1\" src=\"https:\/\/i0.wp.com\/eltrabajo.cl\/portal\/wp-content\/uploads\/2014\/06\/Banda11.jpg?w=343&#038;h=223&#038;ssl=1\" srcset=\"https:\/\/i0.wp.com\/eltrabajo.cl\/portal\/wp-content\/uploads\/2014\/06\/Banda11.jpg?w=529&amp;ssl=1 529w, https:\/\/i0.wp.com\/eltrabajo.cl\/portal\/wp-content\/uploads\/2014\/06\/Banda11.jpg?resize=200%2C130&amp;ssl=1 200w, https:\/\/i0.wp.com\/eltrabajo.cl\/portal\/wp-content\/uploads\/2014\/06\/Banda11.jpg?resize=300%2C195&amp;ssl=1 300w, https:\/\/i0.wp.com\/eltrabajo.cl\/portal\/wp-content\/uploads\/2014\/06\/Banda11.jpg?resize=150%2C97&amp;ssl=1 150w, https:\/\/i0.wp.com\/eltrabajo.cl\/portal\/wp-content\/uploads\/2014\/06\/Banda11.jpg?resize=400%2C260&amp;ssl=1 400w\" width=\"343\" height=\"223\" loading=\"lazy\" data-original-width=\"343\" data-original-height=\"223\" itemprop=\"http:\/\/schema.org\/image\" title=\"Banda1\" alt=\"BANDA DE LUJO.- La novedad de este desfile fue la primera presentaci\u00f3n de la Banda de Guerra del Colegio Marie Poussepin de Putaendo.\" style=\"width: 343px; height: 223px;\" \/> <\/a> <div class=\"tiled-gallery-caption\" itemprop=\"caption description\"> BANDA DE LUJO.- La novedad de este desfile fue la primera presentaci\u00f3n de la Banda de Guerra del Colegio Marie Poussepin de Putaendo. <\/div> <\/div> <\/div> <!-- close group --> <div class=\"gallery-group images-1\" style=\"width: 293px; height: 227px;\" data-original-width=\"293\" data-original-height=\"227\" > <div class=\"tiled-gallery-item tiled-gallery-item-large\" itemprop=\"associatedMedia\" itemscope itemtype=\"http:\/\/schema.org\/ImageObject\"> <a href=\"https:\/\/eltrabajo.cl\/portal\/putaendinos-rinden-homenaje-a-san-antonio-de-padua\/publico1-8\/\" border=\"0\" itemprop=\"url\"> <meta itemprop=\"width\" content=\"289\"> <meta itemprop=\"height\" content=\"223\"> <img decoding=\"async\" class=\"\" data-attachment-id=\"47642\" data-orig-file=\"https:\/\/eltrabajo.cl\/portal\/wp-content\/uploads\/2014\/06\/Publico11.jpg\" data-orig-size=\"529,407\" data-comments-opened=\"1\" data-image-meta=\"{&quot;aperture&quot;:&quot;25&quot;,&quot;credit&quot;:&quot;&quot;,&quot;camera&quot;:&quot;Canon EOS REBEL T3&quot;,&quot;caption&quot;:&quot;&quot;,&quot;created_timestamp&quot;:&quot;1389877267&quot;,&quot;copyright&quot;:&quot;&quot;,&quot;focal_length&quot;:&quot;28&quot;,&quot;iso&quot;:&quot;800&quot;,&quot;shutter_speed&quot;:&quot;0.005&quot;,&quot;title&quot;:&quot;&quot;}\" data-image-title=\"Publico1\" data-image-description=\"&lt;p&gt;MAREA HUMANA.- Cientos de putaendinos inundaron las calles de su comuna para honrar a su Danto Patrono.&lt;\/p&gt; \" data-medium-file=\"https:\/\/i0.wp.com\/eltrabajo.cl\/portal\/wp-content\/uploads\/2014\/06\/Publico11.jpg?fit=300%2C230&#038;ssl=1\" data-large-file=\"https:\/\/i0.wp.com\/eltrabajo.cl\/portal\/wp-content\/uploads\/2014\/06\/Publico11.jpg?fit=529%2C407&#038;ssl=1\" src=\"https:\/\/i0.wp.com\/eltrabajo.cl\/portal\/wp-content\/uploads\/2014\/06\/Publico11.jpg?w=289&#038;h=223&#038;ssl=1\" srcset=\"https:\/\/i0.wp.com\/eltrabajo.cl\/portal\/wp-content\/uploads\/2014\/06\/Publico11.jpg?w=529&amp;ssl=1 529w, https:\/\/i0.wp.com\/eltrabajo.cl\/portal\/wp-content\/uploads\/2014\/06\/Publico11.jpg?resize=194%2C150&amp;ssl=1 194w, https:\/\/i0.wp.com\/eltrabajo.cl\/portal\/wp-content\/uploads\/2014\/06\/Publico11.jpg?resize=300%2C230&amp;ssl=1 300w, https:\/\/i0.wp.com\/eltrabajo.cl\/portal\/wp-content\/uploads\/2014\/06\/Publico11.jpg?resize=150%2C115&amp;ssl=1 150w, https:\/\/i0.wp.com\/eltrabajo.cl\/portal\/wp-content\/uploads\/2014\/06\/Publico11.jpg?resize=400%2C307&amp;ssl=1 400w\" width=\"289\" height=\"223\" loading=\"lazy\" data-original-width=\"289\" data-original-height=\"223\" itemprop=\"http:\/\/schema.org\/image\" title=\"Publico1\" alt=\"MAREA HUMANA.- Cientos de putaendinos inundaron las calles de su comuna para honrar a su Danto Patrono.\" style=\"width: 289px; height: 223px;\" \/> <\/a> <div class=\"tiled-gallery-caption\" itemprop=\"caption description\"> MAREA HUMANA.- Cientos de putaendinos inundaron las calles de su comuna para honrar a su Danto Patrono. <\/div> <\/div> <\/div> <!-- close group --> <\/div> <!-- close row --> <\/div>\n","protected":false},"excerpt":{"rendered":"<p>PUTAENDO.- Con un bello desfile, la ma\u00f1ana de este viernes y con la participaci\u00f3n de autoridades, establecimientos educacionales e instituciones, los putaendinos rindieron homenaje a San Antonio de Padua, patrono de la&#8230;<\/p>\n","protected":false},"author":482,"featured_media":47640,"comment_status":"open","ping_status":"closed","sticky":false,"template":"","format":"standard","meta":{"advanced_seo_description":"","jetpack_seo_html_title":"","jetpack_seo_noindex":false,"_jetpack_memberships_contains_paid_content":false,"footnotes":""},"categories":[15],"tags":[],"class_list":["post-47639","post","type-post","status-publish","format-standard","has-post-thumbnail","hentry","category-comunidad"],"jetpack_featured_media_url":"https:\/\/i0.wp.com\/eltrabajo.cl\/portal\/wp-content\/uploads\/2014\/06\/Santo1.jpg?fit=529%2C358&ssl=1","jetpack_sharing_enabled":true,"jetpack_likes_enabled":true,"jetpack-related-posts":[],"_links":{"self":[{"href":"https:\/\/eltrabajo.cl\/portal\/wp-json\/wp\/v2\/posts\/47639","targetHints":{"allow":["GET"]}}],"collection":[{"href":"https:\/\/eltrabajo.cl\/portal\/wp-json\/wp\/v2\/posts"}],"about":[{"href":"https:\/\/eltrabajo.cl\/portal\/wp-json\/wp\/v2\/types\/post"}],"author":[{"embeddable":true,"href":"https:\/\/eltrabajo.cl\/portal\/wp-json\/wp\/v2\/users\/482"}],"replies":[{"embeddable":true,"href":"https:\/\/eltrabajo.cl\/portal\/wp-json\/wp\/v2\/comments?post=47639"}],"version-history":[{"count":0,"href":"https:\/\/eltrabajo.cl\/portal\/wp-json\/wp\/v2\/posts\/47639\/revisions"}],"wp:featuredmedia":[{"embeddable":true,"href":"https:\/\/eltrabajo.cl\/portal\/wp-json\/wp\/v2\/media\/47640"}],"wp:attachment":[{"href":"https:\/\/eltrabajo.cl\/portal\/wp-json\/wp\/v2\/media?parent=47639"}],"wp:term":[{"taxonomy":"category","embeddable":true,"href":"https:\/\/eltrabajo.cl\/portal\/wp-json\/wp\/v2\/categories?post=47639"},{"taxonomy":"post_tag","embeddable":true,"href":"https:\/\/eltrabajo.cl\/portal\/wp-json\/wp\/v2\/tags?post=47639"}],"curies":[{"name":"wp","href":"https:\/\/api.w.org\/{rel}","templated":true}]}}