{"id":47646,"date":"2014-06-16T09:30:16","date_gmt":"2014-06-16T13:30:16","guid":{"rendered":"http:\/\/www.eltrabajo.cl\/portal\/?p=47646"},"modified":"2014-06-16T09:30:16","modified_gmt":"2014-06-16T13:30:16","slug":"buscan-solucion-al-problema-de-seguridad-vial-en-calle-brasil","status":"publish","type":"post","link":"https:\/\/eltrabajo.cl\/portal\/buscan-solucion-al-problema-de-seguridad-vial-en-calle-brasil\/","title":{"rendered":"Buscan soluci\u00f3n al problema de seguridad vial en Calle Brasil"},"content":{"rendered":"<figure id=\"attachment_47647\" aria-describedby=\"caption-attachment-47647\" style=\"width: 529px\" class=\"wp-caption alignnone\"><a href=\"https:\/\/i0.wp.com\/www.eltrabajo.cl\/portal\/wp-content\/uploads\/2014\/06\/Reunion12.jpg\"><img data-recalc-dims=\"1\" loading=\"lazy\" decoding=\"async\" class=\"size-full wp-image-47647\" alt=\"BUSCAN SOLUCIONES.- Los vecinos de Calle Brasil podr\u00edan contar con una soluci\u00f3n al problema de seguridad vial que viven a diario.\" src=\"https:\/\/i0.wp.com\/www.eltrabajo.cl\/portal\/wp-content\/uploads\/2014\/06\/Reunion12.jpg?resize=529%2C358\" width=\"529\" height=\"358\" srcset=\"https:\/\/i0.wp.com\/eltrabajo.cl\/portal\/wp-content\/uploads\/2014\/06\/Reunion12.jpg?w=529&amp;ssl=1 529w, https:\/\/i0.wp.com\/eltrabajo.cl\/portal\/wp-content\/uploads\/2014\/06\/Reunion12.jpg?resize=200%2C135&amp;ssl=1 200w, https:\/\/i0.wp.com\/eltrabajo.cl\/portal\/wp-content\/uploads\/2014\/06\/Reunion12.jpg?resize=300%2C203&amp;ssl=1 300w, https:\/\/i0.wp.com\/eltrabajo.cl\/portal\/wp-content\/uploads\/2014\/06\/Reunion12.jpg?resize=150%2C101&amp;ssl=1 150w, https:\/\/i0.wp.com\/eltrabajo.cl\/portal\/wp-content\/uploads\/2014\/06\/Reunion12.jpg?resize=400%2C270&amp;ssl=1 400w\" sizes=\"auto, (max-width: 529px) 100vw, 529px\" \/><\/a><figcaption id=\"caption-attachment-47647\" class=\"wp-caption-text\">BUSCAN SOLUCIONES.- Los vecinos de Calle Brasil podr\u00edan contar con una soluci\u00f3n al problema de seguridad vial que viven a diario.<\/figcaption><\/figure>\n<p><strong>PUTAENDO.<\/strong>&#8211; Luego de una importante reuni\u00f3n sostenida la ma\u00f1ana de este viernes entre el Gobernador Eduardo Le\u00f3n, la Directora Provincial de Vialidad, Claudia Lizama; el Concejal Carlos Gallardo y la Presidente de la Junta de Vecinos de Calle Brasil, Mar\u00eda S\u00e1nchez, los vecinos de ese sector podr\u00edan contar con una soluci\u00f3n al problema de seguridad vial que viven a diario.<\/p>\n<p>La reuni\u00f3n gestionada por el Concejal Carlos Gallardo se desarroll\u00f3 la ma\u00f1ana de este viernes en el despacho del Gobernador Eduardo Le\u00f3n y en la instancia, el edil junto a la dirigente plantearon la problem\u00e1tica que deben enfrentar los vecinos de Calle Brasil con las altas velocidades con que los conductores de veh\u00edculos transitan por esa avenida y que genera un riesgo para los vecinos y sobre todo para los ni\u00f1os, quienes al no contar con un espacio definido para jugar, salen a divertirse a la calle, tambi\u00e9n en la instancia, Mar\u00eda S\u00e1nchez reiter\u00f3 que la instalaci\u00f3n de tachones a lo largo de toda la calle hab\u00eda sido un mal proyecto.<\/p>\n<figure id=\"attachment_47648\" aria-describedby=\"caption-attachment-47648\" style=\"width: 317px\" class=\"wp-caption alignright\"><a href=\"https:\/\/i0.wp.com\/www.eltrabajo.cl\/portal\/wp-content\/uploads\/2014\/06\/Maria-Sanchez.jpg\"><img data-recalc-dims=\"1\" loading=\"lazy\" decoding=\"async\" class=\" wp-image-47648 \" alt=\"Presidente de la Junta de Vecinos de Calle Brasil, Mar\u00eda S\u00e1nchez.\" src=\"https:\/\/i0.wp.com\/www.eltrabajo.cl\/portal\/wp-content\/uploads\/2014\/06\/Maria-Sanchez.jpg?resize=317%2C313\" width=\"317\" height=\"313\" srcset=\"https:\/\/i0.wp.com\/eltrabajo.cl\/portal\/wp-content\/uploads\/2014\/06\/Maria-Sanchez.jpg?w=529&amp;ssl=1 529w, https:\/\/i0.wp.com\/eltrabajo.cl\/portal\/wp-content\/uploads\/2014\/06\/Maria-Sanchez.jpg?resize=152%2C150&amp;ssl=1 152w, https:\/\/i0.wp.com\/eltrabajo.cl\/portal\/wp-content\/uploads\/2014\/06\/Maria-Sanchez.jpg?resize=300%2C296&amp;ssl=1 300w, https:\/\/i0.wp.com\/eltrabajo.cl\/portal\/wp-content\/uploads\/2014\/06\/Maria-Sanchez.jpg?resize=150%2C148&amp;ssl=1 150w, https:\/\/i0.wp.com\/eltrabajo.cl\/portal\/wp-content\/uploads\/2014\/06\/Maria-Sanchez.jpg?resize=400%2C394&amp;ssl=1 400w\" sizes=\"auto, (max-width: 317px) 100vw, 317px\" \/><\/a><figcaption id=\"caption-attachment-47648\" class=\"wp-caption-text\">Presidente de la Junta de Vecinos de Calle Brasil, Mar\u00eda S\u00e1nchez.<\/figcaption><\/figure>\n<p>Por su parte Vialidad expuso los problemas que han existido para la instalaci\u00f3n de lomos de toro situ\u00e1ndolo en un contexto legal, sin embargo, la buena noticia la entreg\u00f3 la reci\u00e9n asumida Directora Provincial de Vialidad, Claudia Lizama, quien anunci\u00f3 que s\u00f3lo ayer llegaron algunos recursos que priorizaron para la instalaci\u00f3n de lomos de toro en Calle Brasil, lo que fue muy bien recibido por el Concejal Gallardo y la dirigente Mar\u00eda S\u00e1nchez, eso s\u00ed, Claudia Lizama indic\u00f3 que de no poder destinar estos recursos, de todas maneras comprometer\u00e1n su gesti\u00f3n para lograr dar la soluci\u00f3n que han buscado por bastante tiempo los vecinos de Calle Brasil.<\/p>\n<p>Al finalizar la reuni\u00f3n, el Gobernador Le\u00f3n calific\u00f3 la instancia como muy positiva e indic\u00f3 que en su rol como gobernador siempre ha buscado y buscar\u00e1 un acercamiento con las autoridades de la provincia y tambi\u00e9n con sus dirigentes, \u201ces importante haber escuchado a los vecinos y como gobernaci\u00f3n estamos llanos a dialogar con ellos y tambi\u00e9n con las autoridades, tambi\u00e9n hubo una muy buena disposici\u00f3n de la direcci\u00f3n provincial de Vialidad y afortunadamente los vecinos de Calle Brasil pudieron irse con una buena noticia\u201d.<\/p>\n<p>En tanto, el Concejal Carlos Gallardo se mostr\u00f3 satisfecho con el resultado de la reuni\u00f3n y agradeci\u00f3 la voluntad y disposici\u00f3n del Gobernador Eduardo Le\u00f3n y de la directora provincial de Vialidad para buscar una soluci\u00f3n a los vecinos de Calle Brasil, \u201cnos vamos muy conformes, la exposici\u00f3n fue muy buena, est\u00e1n todos los deseos y disponibilidad de solucionar las cosas y estamos muy conformes pues pronto van a haber recursos para cambiar ese trabajo tan mal realizado como la instalaci\u00f3n de tachones, tambi\u00e9n sentimos la necesidad de seguir avanzando, nos quedan muchos sectores rurales en los que estamos al debe y vamos a empezar a realizar un trabajo m\u00e1s unido con ellos para conocer sus planteamientos y necesidades\u201d.<\/p>\n<p>El edil se\u00f1al\u00f3 adem\u00e1s que en la instancia aprovech\u00f3 de plantear al gobernador y a la directora provincial de Vialidad dos casos espec\u00edficos de mitigaci\u00f3n vial como es el caso de la Escuela Alejandrina Carvajal de Poblaci\u00f3n Hidalgo y el Centro de Apoyo a la Educaci\u00f3n Especial de Calle Juan Rozas. \u201cTambi\u00e9n planteamos la situaci\u00f3n de la escuela de Poblaci\u00f3n Hidalgo en lo relacionado a la mitigaci\u00f3n producto de la velocidad con la que transitan los veh\u00edculos en ese sector y la Escuela Especial de Juan Rozas y eso lo vamos a ver con el Departamento de Tr\u00e1nsito del municipio, para ir avanzando en ese tema que va enfocado a garantizar la seguridad de los estudiantes de la comuna\u201d.<\/p>\n<p>Finalmente Mar\u00eda S\u00e1nchez expres\u00f3 su conformidad con la reuni\u00f3n que permitir\u00e1 dar una soluci\u00f3n a los vecinos de ese sector, \u201cesta reuni\u00f3n nos deja contentos, porque la directora provincial de Vialidad tom\u00f3 la iniciativa y tiene toda la disponibilidad de ayudarnos ya que hay algunos recursos que eventualmente permitir\u00edan la construcci\u00f3n de lomos de toro o sino tambi\u00e9n va a buscar la forma de obtener los recursos para hacer esta obra en Calle Brasil\u201d.<\/p>\n<p>Adem\u00e1s la dirigente agradeci\u00f3 p\u00fablicamente la gesti\u00f3n y apoyo del Concejal Carlos Gallardo en un tema que consider\u00f3 necesario e importante para los vecinos de Calle Brasil, \u201cyo estoy agradecida del concejal pues siempre nos ha apoyado y tenemos la seguridad que siempre nos va a apoyar en los proyectos y en los problemas que tengamos como vecinos\u201d, puntualiz\u00f3 Mar\u00eda S\u00e1nchez.<\/p>\n<p>Patricio Gallardo M.<\/p>\n<p>&nbsp;<\/p>\n","protected":false},"excerpt":{"rendered":"<p>PUTAENDO.&#8211; Luego de una importante reuni\u00f3n sostenida la ma\u00f1ana de este viernes entre el Gobernador Eduardo Le\u00f3n, la Directora Provincial de Vialidad, Claudia Lizama; el Concejal Carlos Gallardo y la Presidente de&#8230;<\/p>\n","protected":false},"author":482,"featured_media":47647,"comment_status":"open","ping_status":"closed","sticky":false,"template":"","format":"standard","meta":{"advanced_seo_description":"","jetpack_seo_html_title":"","jetpack_seo_noindex":false,"_jetpack_memberships_contains_paid_content":false,"footnotes":""},"categories":[15],"tags":[],"class_list":["post-47646","post","type-post","status-publish","format-standard","has-post-thumbnail","hentry","category-comunidad"],"jetpack_featured_media_url":"https:\/\/i0.wp.com\/eltrabajo.cl\/portal\/wp-content\/uploads\/2014\/06\/Reunion12.jpg?fit=529%2C358&ssl=1","jetpack_sharing_enabled":true,"jetpack_likes_enabled":true,"jetpack-related-posts":[],"_links":{"self":[{"href":"https:\/\/eltrabajo.cl\/portal\/wp-json\/wp\/v2\/posts\/47646","targetHints":{"allow":["GET"]}}],"collection":[{"href":"https:\/\/eltrabajo.cl\/portal\/wp-json\/wp\/v2\/posts"}],"about":[{"href":"https:\/\/eltrabajo.cl\/portal\/wp-json\/wp\/v2\/types\/post"}],"author":[{"embeddable":true,"href":"https:\/\/eltrabajo.cl\/portal\/wp-json\/wp\/v2\/users\/482"}],"replies":[{"embeddable":true,"href":"https:\/\/eltrabajo.cl\/portal\/wp-json\/wp\/v2\/comments?post=47646"}],"version-history":[{"count":0,"href":"https:\/\/eltrabajo.cl\/portal\/wp-json\/wp\/v2\/posts\/47646\/revisions"}],"wp:featuredmedia":[{"embeddable":true,"href":"https:\/\/eltrabajo.cl\/portal\/wp-json\/wp\/v2\/media\/47647"}],"wp:attachment":[{"href":"https:\/\/eltrabajo.cl\/portal\/wp-json\/wp\/v2\/media?parent=47646"}],"wp:term":[{"taxonomy":"category","embeddable":true,"href":"https:\/\/eltrabajo.cl\/portal\/wp-json\/wp\/v2\/categories?post=47646"},{"taxonomy":"post_tag","embeddable":true,"href":"https:\/\/eltrabajo.cl\/portal\/wp-json\/wp\/v2\/tags?post=47646"}],"curies":[{"name":"wp","href":"https:\/\/api.w.org\/{rel}","templated":true}]}}