{"id":47667,"date":"2014-06-16T09:40:41","date_gmt":"2014-06-16T13:40:41","guid":{"rendered":"http:\/\/www.eltrabajo.cl\/portal\/?p=47667"},"modified":"2014-06-16T09:40:41","modified_gmt":"2014-06-16T13:40:41","slug":"pdi-celebra-su-81o-aniversario-al-servicio-de-la-comunidad","status":"publish","type":"post","link":"https:\/\/eltrabajo.cl\/portal\/pdi-celebra-su-81o-aniversario-al-servicio-de-la-comunidad\/","title":{"rendered":"PDI celebra su 81\u00ba aniversario al servicio de la comunidad"},"content":{"rendered":"<figure id=\"attachment_47668\" aria-describedby=\"caption-attachment-47668\" style=\"width: 529px\" class=\"wp-caption alignnone\"><a href=\"https:\/\/i0.wp.com\/www.eltrabajo.cl\/portal\/wp-content\/uploads\/2014\/06\/Operativo-PDI.jpg\"><img data-recalc-dims=\"1\" loading=\"lazy\" decoding=\"async\" class=\"size-full wp-image-47668\" alt=\"CONTUNDENCIA OPERATIVA.- Los oficiales de la Polic\u00eda de Investigaciones al servicio de la comunidad de la provincia de San Felipe.\" src=\"https:\/\/i0.wp.com\/www.eltrabajo.cl\/portal\/wp-content\/uploads\/2014\/06\/Operativo-PDI.jpg?resize=529%2C371\" width=\"529\" height=\"371\" srcset=\"https:\/\/i0.wp.com\/eltrabajo.cl\/portal\/wp-content\/uploads\/2014\/06\/Operativo-PDI.jpg?w=529&amp;ssl=1 529w, https:\/\/i0.wp.com\/eltrabajo.cl\/portal\/wp-content\/uploads\/2014\/06\/Operativo-PDI.jpg?resize=200%2C140&amp;ssl=1 200w, https:\/\/i0.wp.com\/eltrabajo.cl\/portal\/wp-content\/uploads\/2014\/06\/Operativo-PDI.jpg?resize=300%2C210&amp;ssl=1 300w, https:\/\/i0.wp.com\/eltrabajo.cl\/portal\/wp-content\/uploads\/2014\/06\/Operativo-PDI.jpg?resize=150%2C105&amp;ssl=1 150w, https:\/\/i0.wp.com\/eltrabajo.cl\/portal\/wp-content\/uploads\/2014\/06\/Operativo-PDI.jpg?resize=400%2C280&amp;ssl=1 400w\" sizes=\"auto, (max-width: 529px) 100vw, 529px\" \/><\/a><figcaption id=\"caption-attachment-47668\" class=\"wp-caption-text\">CONTUNDENCIA OPERATIVA.- Los oficiales de la Polic\u00eda de Investigaciones al servicio de la comunidad de la provincia de San Felipe.<\/figcaption><\/figure>\n<p>Con un Tedeum celebrado en la Catedral de San Felipe, el pasado jueves se dio inicio a las actividades contempladas en el marco de un nuevo aniversario de la Polic\u00eda de Investigaciones de Chile bajo el lema \u2018PDI Experiencia al Servicio de Todos\u2019. En la provincia de San Felipe, el Subprefecto Pedro Quezada destac\u00f3 la labor de la polic\u00eda durante este a\u00f1o recibiendo 413 \u00f3rdenes particulares con 288 resultados positivos, entre los cuales apuntan a \u00f3rdenes de detenciones logrando la captura de 33 personas.<\/p>\n<p>En cuanto a procedimientos de drogas, hasta la fecha se han incautado 382 gramos de coca\u00edna; 63 gramos de marihuana procesada y 34 plantas de cannabis sativa. Adem\u00e1s de la participaci\u00f3n del personal de oficiales que durante el 2014 han participado de siete juicios orales en conjunto con el Ministerio P\u00fablico con resultados condenatorios y en 44 juicios simplificados en el Juzgado de Garant\u00eda de San Felipe.<\/p>\n<figure id=\"attachment_47669\" aria-describedby=\"caption-attachment-47669\" style=\"width: 317px\" class=\"wp-caption alignright\"><a href=\"https:\/\/i0.wp.com\/www.eltrabajo.cl\/portal\/wp-content\/uploads\/2014\/06\/Quezada-PDI.jpg\"><img data-recalc-dims=\"1\" loading=\"lazy\" decoding=\"async\" class=\" wp-image-47669 \" alt=\"Subprefecto de la PDI de San Felipe, Pedro Quezada.\" src=\"https:\/\/i0.wp.com\/www.eltrabajo.cl\/portal\/wp-content\/uploads\/2014\/06\/Quezada-PDI.jpg?resize=317%2C381\" width=\"317\" height=\"381\" srcset=\"https:\/\/i0.wp.com\/eltrabajo.cl\/portal\/wp-content\/uploads\/2014\/06\/Quezada-PDI.jpg?w=529&amp;ssl=1 529w, https:\/\/i0.wp.com\/eltrabajo.cl\/portal\/wp-content\/uploads\/2014\/06\/Quezada-PDI.jpg?resize=124%2C150&amp;ssl=1 124w, https:\/\/i0.wp.com\/eltrabajo.cl\/portal\/wp-content\/uploads\/2014\/06\/Quezada-PDI.jpg?resize=249%2C300&amp;ssl=1 249w, https:\/\/i0.wp.com\/eltrabajo.cl\/portal\/wp-content\/uploads\/2014\/06\/Quezada-PDI.jpg?resize=400%2C480&amp;ssl=1 400w\" sizes=\"auto, (max-width: 317px) 100vw, 317px\" \/><\/a><figcaption id=\"caption-attachment-47669\" class=\"wp-caption-text\">Subprefecto de la PDI de San Felipe, Pedro Quezada.<\/figcaption><\/figure>\n<p>\u201cCumplimos 81 a\u00f1os al servicio de la comunidad lo que nos llena de orgullo y agradecer a la comunidad que han confiado cuando tienen que poner una denuncia para que nosotros hagamos una prevenci\u00f3n estrat\u00e9gica de acuerdo d\u00f3nde est\u00e1 ocurriendo el delito. Todos los resultados est\u00e1n sobre el 50% en relaci\u00f3n a las investigaciones que se han desarrollado en esta unidad\u201d, puntualiz\u00f3 el Subprefecto de la Bicrim, Pedro Quezada.<\/p>\n<p><strong>CIFRAS BICRIM<\/strong><\/p>\n<p>La Brigada Criminal\u00edstica a nivel provincial desarrolla labores de investigaciones en robos, hurtos, estafas y receptaciones. En el \u00faltimo tiempo se han realizado diversas reuniones con Carabineros para tratar de alguna manera disminuir la sensaci\u00f3n de inseguridad con la realizaci\u00f3n de operativos desplegados en distintas comunas con resultados positivos en prevenci\u00f3n de delitos.<\/p>\n<p>Para este pr\u00f3ximo jueves 19 de junio, d\u00eda en que oficialmente es el aniversario institucional se recibir\u00e1n los saludos protocolares de las distintas instituciones gubernamentales, autoridades locales y los mismos vecinos que conf\u00edan en la labor de la polic\u00eda civil. Posteriormente dar\u00e1 paso la formaci\u00f3n solemne de todo el personal oficial para entonar el Himno Nacional junto con el izamiento del pabell\u00f3n nacional en el frontis del cuartel ubicado en Calle Freire esquina Combate de Las Coimas de San Felipe.<\/p>\n<p>Pablo Salinas Sald\u00edas.<\/p>\n","protected":false},"excerpt":{"rendered":"<p>Con un Tedeum celebrado en la Catedral de San Felipe, el pasado jueves se dio inicio a las actividades contempladas en el marco de un nuevo aniversario de la Polic\u00eda de Investigaciones&#8230;<\/p>\n","protected":false},"author":482,"featured_media":47668,"comment_status":"open","ping_status":"closed","sticky":false,"template":"","format":"standard","meta":{"advanced_seo_description":"","jetpack_seo_html_title":"","jetpack_seo_noindex":false,"_jetpack_memberships_contains_paid_content":false,"footnotes":""},"categories":[15],"tags":[],"class_list":["post-47667","post","type-post","status-publish","format-standard","has-post-thumbnail","hentry","category-comunidad"],"jetpack_featured_media_url":"https:\/\/i0.wp.com\/eltrabajo.cl\/portal\/wp-content\/uploads\/2014\/06\/Operativo-PDI.jpg?fit=529%2C371&ssl=1","jetpack_sharing_enabled":true,"jetpack_likes_enabled":true,"jetpack-related-posts":[],"_links":{"self":[{"href":"https:\/\/eltrabajo.cl\/portal\/wp-json\/wp\/v2\/posts\/47667","targetHints":{"allow":["GET"]}}],"collection":[{"href":"https:\/\/eltrabajo.cl\/portal\/wp-json\/wp\/v2\/posts"}],"about":[{"href":"https:\/\/eltrabajo.cl\/portal\/wp-json\/wp\/v2\/types\/post"}],"author":[{"embeddable":true,"href":"https:\/\/eltrabajo.cl\/portal\/wp-json\/wp\/v2\/users\/482"}],"replies":[{"embeddable":true,"href":"https:\/\/eltrabajo.cl\/portal\/wp-json\/wp\/v2\/comments?post=47667"}],"version-history":[{"count":0,"href":"https:\/\/eltrabajo.cl\/portal\/wp-json\/wp\/v2\/posts\/47667\/revisions"}],"wp:featuredmedia":[{"embeddable":true,"href":"https:\/\/eltrabajo.cl\/portal\/wp-json\/wp\/v2\/media\/47668"}],"wp:attachment":[{"href":"https:\/\/eltrabajo.cl\/portal\/wp-json\/wp\/v2\/media?parent=47667"}],"wp:term":[{"taxonomy":"category","embeddable":true,"href":"https:\/\/eltrabajo.cl\/portal\/wp-json\/wp\/v2\/categories?post=47667"},{"taxonomy":"post_tag","embeddable":true,"href":"https:\/\/eltrabajo.cl\/portal\/wp-json\/wp\/v2\/tags?post=47667"}],"curies":[{"name":"wp","href":"https:\/\/api.w.org\/{rel}","templated":true}]}}