{"id":47672,"date":"2014-06-16T09:42:26","date_gmt":"2014-06-16T13:42:26","guid":{"rendered":"http:\/\/www.eltrabajo.cl\/portal\/?p=47672"},"modified":"2014-06-16T09:42:26","modified_gmt":"2014-06-16T13:42:26","slug":"el-futbol-da-el-puntapie-inicial-a-los-juegos-escolares-provinciales-2014","status":"publish","type":"post","link":"https:\/\/eltrabajo.cl\/portal\/el-futbol-da-el-puntapie-inicial-a-los-juegos-escolares-provinciales-2014\/","title":{"rendered":"El f\u00fatbol da el puntapi\u00e9 inicial a los Juegos Escolares provinciales 2014"},"content":{"rendered":"<figure id=\"attachment_47674\" aria-describedby=\"caption-attachment-47674\" style=\"width: 528px\" class=\"wp-caption alignnone\"><a href=\"https:\/\/i0.wp.com\/www.eltrabajo.cl\/portal\/wp-content\/uploads\/2014\/06\/Futbol1.jpg\"><img data-recalc-dims=\"1\" loading=\"lazy\" decoding=\"async\" class=\"size-full wp-image-47674\" alt=\"RUEDA EL BAL\u00d3N.- La actividad comienza a partir de las 10:00 de la ma\u00f1ana, en categor\u00eda Damas y Varones, y se realizara los d\u00edas lunes y martes.\" src=\"https:\/\/i0.wp.com\/www.eltrabajo.cl\/portal\/wp-content\/uploads\/2014\/06\/Futbol1.jpg?resize=528%2C367\" width=\"528\" height=\"367\" srcset=\"https:\/\/i0.wp.com\/eltrabajo.cl\/portal\/wp-content\/uploads\/2014\/06\/Futbol1.jpg?w=528&amp;ssl=1 528w, https:\/\/i0.wp.com\/eltrabajo.cl\/portal\/wp-content\/uploads\/2014\/06\/Futbol1.jpg?resize=200%2C139&amp;ssl=1 200w, https:\/\/i0.wp.com\/eltrabajo.cl\/portal\/wp-content\/uploads\/2014\/06\/Futbol1.jpg?resize=300%2C208&amp;ssl=1 300w, https:\/\/i0.wp.com\/eltrabajo.cl\/portal\/wp-content\/uploads\/2014\/06\/Futbol1.jpg?resize=150%2C104&amp;ssl=1 150w, https:\/\/i0.wp.com\/eltrabajo.cl\/portal\/wp-content\/uploads\/2014\/06\/Futbol1.jpg?resize=400%2C278&amp;ssl=1 400w\" sizes=\"auto, (max-width: 528px) 100vw, 528px\" \/><\/a><figcaption id=\"caption-attachment-47674\" class=\"wp-caption-text\">RUEDA EL BAL\u00d3N.- La actividad comienza a partir de las 10:00 de la ma\u00f1ana, en categor\u00eda Damas y Varones, y se realizara los d\u00edas lunes y martes.<\/figcaption><\/figure>\n<p>Una vez finalizados los Juegos Comunales escolares, corresponde ahora la etapa regional, la que comienza hoy lunes con la disciplina de f\u00fatbol, la que se realizara en el Estadio Municipal de San Felipe, esto de acuerdo a lo estipulado por el Alcalde Patricio Freire.<\/p>\n<p>La actividad comienza a partir de las 10:00 de la ma\u00f1ana, en categor\u00eda Damas y Varones, y se realizara los d\u00edas lunes y martes, para realizar la final el d\u00eda jueves a partir de las 10:00 de la ma\u00f1ana, todo en el mismo reducto deportivo.<\/p>\n<p><strong>M\u00c1S DISCIPLINAS<\/strong><\/p>\n<p>Paralelamente durante el mes de junio, y hasta la primera semana de julio, se desarrollar\u00e1n las otras disciplinas deportivas como tenis de mesa en la comuna de Santa Mar\u00eda; el bal\u00f3n-mano en Putaendo; el b\u00e1squetbol se realizara en el Gimnasio Polideportivo de Catemu y el voleibol se realizar\u00e1 en el Gimnasio Samuel Tapia Guerrero de de San Felipe y el ajedrez, se realizar\u00e1 en la comuna de Llay Llay.<\/p>\n<p>Posteriormente en el mes de agosto, se pretende realizar la etapa regional, en la cual San Felipe tendr\u00e1 participaci\u00f3n directa, incluyendo Ciclismo, Nataci\u00f3n y Atletismo.<\/p>\n<p>La informaci\u00f3n fue entregada por el Jefe de Deportes de San Felipe, Danilo Pe\u00f1a, se\u00f1alo que \u00abestas actividades se han desarrollado con mucha dedicaci\u00f3n y profesionalismo, tanto por los encargados de cada una de las disciplinas, como por los propios alumnos, quienes en cada encuentro nos han dejado una gran demostraci\u00f3n de sus cualidades y capacidades, siendo para nosotros como equipo organizador un gran honor de poder coordinar estas actividades, que posibilitan la pr\u00e1ctica deportiva, fortalecen la convivencia y por sobre toda las cosas, reafirman la disciplina y perseverancia en los ni\u00f1os, quienes entienden que con esto se logra adquirir valores que les permitan ser partes de grandes generaciones deportivas\u00bb.<\/p>\n<p>&nbsp;<\/p>\n","protected":false},"excerpt":{"rendered":"<p>Una vez finalizados los Juegos Comunales escolares, corresponde ahora la etapa regional, la que comienza hoy lunes con la disciplina de f\u00fatbol, la que se realizara en el Estadio Municipal de San&#8230;<\/p>\n","protected":false},"author":482,"featured_media":47674,"comment_status":"open","ping_status":"closed","sticky":false,"template":"","format":"standard","meta":{"advanced_seo_description":"","jetpack_seo_html_title":"","jetpack_seo_noindex":false,"_jetpack_memberships_contains_paid_content":false,"footnotes":""},"categories":[15],"tags":[],"class_list":["post-47672","post","type-post","status-publish","format-standard","has-post-thumbnail","hentry","category-comunidad"],"jetpack_featured_media_url":"https:\/\/i0.wp.com\/eltrabajo.cl\/portal\/wp-content\/uploads\/2014\/06\/Futbol1.jpg?fit=528%2C367&ssl=1","jetpack_sharing_enabled":true,"jetpack_likes_enabled":true,"jetpack-related-posts":[],"_links":{"self":[{"href":"https:\/\/eltrabajo.cl\/portal\/wp-json\/wp\/v2\/posts\/47672","targetHints":{"allow":["GET"]}}],"collection":[{"href":"https:\/\/eltrabajo.cl\/portal\/wp-json\/wp\/v2\/posts"}],"about":[{"href":"https:\/\/eltrabajo.cl\/portal\/wp-json\/wp\/v2\/types\/post"}],"author":[{"embeddable":true,"href":"https:\/\/eltrabajo.cl\/portal\/wp-json\/wp\/v2\/users\/482"}],"replies":[{"embeddable":true,"href":"https:\/\/eltrabajo.cl\/portal\/wp-json\/wp\/v2\/comments?post=47672"}],"version-history":[{"count":0,"href":"https:\/\/eltrabajo.cl\/portal\/wp-json\/wp\/v2\/posts\/47672\/revisions"}],"wp:featuredmedia":[{"embeddable":true,"href":"https:\/\/eltrabajo.cl\/portal\/wp-json\/wp\/v2\/media\/47674"}],"wp:attachment":[{"href":"https:\/\/eltrabajo.cl\/portal\/wp-json\/wp\/v2\/media?parent=47672"}],"wp:term":[{"taxonomy":"category","embeddable":true,"href":"https:\/\/eltrabajo.cl\/portal\/wp-json\/wp\/v2\/categories?post=47672"},{"taxonomy":"post_tag","embeddable":true,"href":"https:\/\/eltrabajo.cl\/portal\/wp-json\/wp\/v2\/tags?post=47672"}],"curies":[{"name":"wp","href":"https:\/\/api.w.org\/{rel}","templated":true}]}}