{"id":47699,"date":"2014-06-17T09:24:25","date_gmt":"2014-06-17T13:24:25","guid":{"rendered":"http:\/\/www.eltrabajo.cl\/portal\/?p=47699"},"modified":"2014-06-17T09:24:25","modified_gmt":"2014-06-17T13:24:25","slug":"comenzo-proceso-de-postulaciones-al-11o-congreso-regional-explora-conicyt","status":"publish","type":"post","link":"https:\/\/eltrabajo.cl\/portal\/comenzo-proceso-de-postulaciones-al-11o-congreso-regional-explora-conicyt\/","title":{"rendered":"Comenz\u00f3 proceso de postulaciones al 11\u00ba Congreso Regional Explora Conicyt"},"content":{"rendered":"<figure id=\"attachment_47700\" aria-describedby=\"caption-attachment-47700\" style=\"width: 317px\" class=\"wp-caption alignleft\"><a href=\"https:\/\/i0.wp.com\/www.eltrabajo.cl\/portal\/wp-content\/uploads\/2014\/06\/Explora1.jpg\"><img data-recalc-dims=\"1\" loading=\"lazy\" decoding=\"async\" class=\" wp-image-47700 \" alt=\"El 11\u00b0 Congreso Regional Escolar de Ciencia y Tecnolog\u00eda Explora Conycit, Regi\u00f3n  de Valpara\u00edso, se celebrar\u00e1 los d\u00edas mi\u00e9rcoles 22 y jueves 23 de octubre en la Facultad de Arquitectura Universidad de Valpara\u00edso.\" src=\"https:\/\/i0.wp.com\/www.eltrabajo.cl\/portal\/wp-content\/uploads\/2014\/06\/Explora1.jpg?resize=317%2C248\" width=\"317\" height=\"248\" srcset=\"https:\/\/i0.wp.com\/eltrabajo.cl\/portal\/wp-content\/uploads\/2014\/06\/Explora1.jpg?w=529&amp;ssl=1 529w, https:\/\/i0.wp.com\/eltrabajo.cl\/portal\/wp-content\/uploads\/2014\/06\/Explora1.jpg?resize=192%2C150&amp;ssl=1 192w, https:\/\/i0.wp.com\/eltrabajo.cl\/portal\/wp-content\/uploads\/2014\/06\/Explora1.jpg?resize=300%2C234&amp;ssl=1 300w, https:\/\/i0.wp.com\/eltrabajo.cl\/portal\/wp-content\/uploads\/2014\/06\/Explora1.jpg?resize=150%2C117&amp;ssl=1 150w, https:\/\/i0.wp.com\/eltrabajo.cl\/portal\/wp-content\/uploads\/2014\/06\/Explora1.jpg?resize=400%2C312&amp;ssl=1 400w\" sizes=\"auto, (max-width: 317px) 100vw, 317px\" \/><\/a><figcaption id=\"caption-attachment-47700\" class=\"wp-caption-text\">El 11\u00b0 Congreso Regional Escolar de Ciencia y Tecnolog\u00eda Explora Conycit, Regi\u00f3n de Valpara\u00edso, se celebrar\u00e1 los d\u00edas mi\u00e9rcoles 22 y jueves 23 de octubre en la Facultad de Arquitectura Universidad de Valpara\u00edso.<\/figcaption><\/figure>\n<p><strong>ACONCAGUA.<\/strong>&#8211; Nuevas experiencias, intercambio de conocimientos y encuentros entre diversas iniciativas de investigaci\u00f3n cient\u00edfica escolar, es lo que sucede en los congresos escolares regionales de ciencia y tecnolog\u00eda. Estas instancias ponen \u00e9nfasis en los estudiantes, quienes bas\u00e1ndose en sus intereses, desarrollan una investigaci\u00f3n, adquiriendo y fortaleciendo habilidades y actitudes propias del trabajo cient\u00edfico, como aprender a trabajar en equipo, autoevaluarse, ejercer el juicio cr\u00edtico, defender sus ideas y exponer en p\u00fablico.<\/p>\n<p>Estudiantes de toda la regi\u00f3n ya se encuentran trabajando para presentar sus investigaciones cient\u00edficas en el pr\u00f3ximo Congreso Regional. Para las escuelas, colegios o liceos interesados en participar, el plazo de postulaci\u00f3n est\u00e1 abierto hasta el mi\u00e9rcoles 10 de septiembre y en \u00e9l se deben presentar propuestas de Investigaci\u00f3n en Ciencias, o Ingenier\u00eda y Tecnolog\u00eda, para lo cual el equipo de trabajo debe estar integrado por un m\u00ednimo de dos estudiantes y un profesor o profesora asesor perteneciente al establecimiento educacional.<\/p>\n<p>Clasificar\u00e1n en forma directa a la instancia regional, los ganadores de los congresos provinciales de San Antonio; Quillota &#8211; Petorca y San Felipe &#8211; Los Andes, sin perjuicio de que otros grupos que participaron de estas instancias puedan tambi\u00e9n postular al regional.<\/p>\n<p>El 11\u00b0 Congreso Regional Escolar de Ciencia y Tecnolog\u00eda Explora Conycit, Regi\u00f3n de Valpara\u00edso, se celebrar\u00e1 los d\u00edas mi\u00e9rcoles 22 y jueves 23 de octubre en la Facultad de Arquitectura Universidad de Valpara\u00edso. El evento cuenta adem\u00e1s con la colaboraci\u00f3n de la Pontificia Universidad Cat\u00f3lica de Valpara\u00edso, la Universidad T\u00e9cnica Federico Santa Mar\u00eda y la Universidad de Playa Ancha.<\/p>\n<p>Los equipos seleccionados de la instancia regional tendr\u00e1n la posibilidad de participar en el Congreso Nacional Explora Conycit 2014 en el mes de noviembre y competir por premios entre los que destaca la Feria Internacional de Ciencia y Tecnolog\u00eda Intel Isef de Estados Unidos, entre otros eventos internacionales. M\u00e1s informaciones al correo electr\u00f3nico congresoescolar@ucv.cl<\/p>\n<p>&nbsp;<\/p>\n","protected":false},"excerpt":{"rendered":"<p>ACONCAGUA.&#8211; Nuevas experiencias, intercambio de conocimientos y encuentros entre diversas iniciativas de investigaci\u00f3n cient\u00edfica escolar, es lo que sucede en los congresos escolares regionales de ciencia y tecnolog\u00eda. Estas instancias ponen \u00e9nfasis&#8230;<\/p>\n","protected":false},"author":482,"featured_media":47700,"comment_status":"open","ping_status":"closed","sticky":false,"template":"","format":"standard","meta":{"advanced_seo_description":"","jetpack_seo_html_title":"","jetpack_seo_noindex":false,"_jetpack_memberships_contains_paid_content":false,"footnotes":""},"categories":[15],"tags":[],"class_list":["post-47699","post","type-post","status-publish","format-standard","has-post-thumbnail","hentry","category-comunidad"],"jetpack_featured_media_url":"https:\/\/i0.wp.com\/eltrabajo.cl\/portal\/wp-content\/uploads\/2014\/06\/Explora1.jpg?fit=529%2C413&ssl=1","jetpack_sharing_enabled":true,"jetpack_likes_enabled":true,"jetpack-related-posts":[],"_links":{"self":[{"href":"https:\/\/eltrabajo.cl\/portal\/wp-json\/wp\/v2\/posts\/47699","targetHints":{"allow":["GET"]}}],"collection":[{"href":"https:\/\/eltrabajo.cl\/portal\/wp-json\/wp\/v2\/posts"}],"about":[{"href":"https:\/\/eltrabajo.cl\/portal\/wp-json\/wp\/v2\/types\/post"}],"author":[{"embeddable":true,"href":"https:\/\/eltrabajo.cl\/portal\/wp-json\/wp\/v2\/users\/482"}],"replies":[{"embeddable":true,"href":"https:\/\/eltrabajo.cl\/portal\/wp-json\/wp\/v2\/comments?post=47699"}],"version-history":[{"count":0,"href":"https:\/\/eltrabajo.cl\/portal\/wp-json\/wp\/v2\/posts\/47699\/revisions"}],"wp:featuredmedia":[{"embeddable":true,"href":"https:\/\/eltrabajo.cl\/portal\/wp-json\/wp\/v2\/media\/47700"}],"wp:attachment":[{"href":"https:\/\/eltrabajo.cl\/portal\/wp-json\/wp\/v2\/media?parent=47699"}],"wp:term":[{"taxonomy":"category","embeddable":true,"href":"https:\/\/eltrabajo.cl\/portal\/wp-json\/wp\/v2\/categories?post=47699"},{"taxonomy":"post_tag","embeddable":true,"href":"https:\/\/eltrabajo.cl\/portal\/wp-json\/wp\/v2\/tags?post=47699"}],"curies":[{"name":"wp","href":"https:\/\/api.w.org\/{rel}","templated":true}]}}