{"id":47705,"date":"2014-06-17T09:25:32","date_gmt":"2014-06-17T13:25:32","guid":{"rendered":"http:\/\/www.eltrabajo.cl\/portal\/?p=47705"},"modified":"2014-06-17T09:25:32","modified_gmt":"2014-06-17T13:25:32","slug":"presidente-de-la-feria-libre-descarto-colusion-en-los-precios","status":"publish","type":"post","link":"https:\/\/eltrabajo.cl\/portal\/presidente-de-la-feria-libre-descarto-colusion-en-los-precios\/","title":{"rendered":"Presidente de la Feria Libre descart\u00f3 colusi\u00f3n en los precios"},"content":{"rendered":"<figure id=\"attachment_47706\" aria-describedby=\"caption-attachment-47706\" style=\"width: 529px\" class=\"wp-caption alignnone\"><a href=\"https:\/\/i0.wp.com\/www.eltrabajo.cl\/portal\/wp-content\/uploads\/2014\/06\/Feriante11.jpg\"><img data-recalc-dims=\"1\" loading=\"lazy\" decoding=\"async\" class=\"size-full wp-image-47706\" alt=\"ESC\u00c1NDALO.- Otros comerciantes que no pertenecen al sindicato de feriantes denunciaron la existencia de una verdadera mafia en el gremio de la Feria Libre.\" src=\"https:\/\/i0.wp.com\/www.eltrabajo.cl\/portal\/wp-content\/uploads\/2014\/06\/Feriante11.jpg?resize=529%2C379\" width=\"529\" height=\"379\" srcset=\"https:\/\/i0.wp.com\/eltrabajo.cl\/portal\/wp-content\/uploads\/2014\/06\/Feriante11.jpg?w=529&amp;ssl=1 529w, https:\/\/i0.wp.com\/eltrabajo.cl\/portal\/wp-content\/uploads\/2014\/06\/Feriante11.jpg?resize=200%2C143&amp;ssl=1 200w, https:\/\/i0.wp.com\/eltrabajo.cl\/portal\/wp-content\/uploads\/2014\/06\/Feriante11.jpg?resize=300%2C214&amp;ssl=1 300w, https:\/\/i0.wp.com\/eltrabajo.cl\/portal\/wp-content\/uploads\/2014\/06\/Feriante11.jpg?resize=150%2C107&amp;ssl=1 150w, https:\/\/i0.wp.com\/eltrabajo.cl\/portal\/wp-content\/uploads\/2014\/06\/Feriante11.jpg?resize=400%2C286&amp;ssl=1 400w\" sizes=\"auto, (max-width: 529px) 100vw, 529px\" \/><\/a><figcaption id=\"caption-attachment-47706\" class=\"wp-caption-text\">ESC\u00c1NDALO.- Otros comerciantes que no pertenecen al sindicato de feriantes denunciaron la existencia de una verdadera mafia en el gremio de la Feria Libre.<\/figcaption><\/figure>\n<p><strong>LOS ANDES<\/strong>.- El Presidente del Sindicato de la Feria de Libre de Los Andes, Dikyter Fuentes, descart\u00f3 que exista colusi\u00f3n en los precios de frutas, verduras y pescados que venden en la feria. El dirigente hizo esta aclaraci\u00f3n luego que de fuera formalizado la semana pasada por agredir con un fierro a otro feriante por cobrar m\u00e1s barato por el kilo de papas.<\/p>\n<p>En este sentido, Fuentes neg\u00f3 que los locatarios se pongan de acuerdo para cobrar los mismos precios y se quej\u00f3 que a ra\u00edz de la aparici\u00f3n de su caso en la prensa, los clientes han hecho ver su malestar con los locatarios por esta supuesta colusi\u00f3n.<\/p>\n<p>Dikyter dijo que la mayor\u00eda de las frutas que se venden en esta \u00e9poca provienen del norte y llegan a un mismo precio, por lo cual resulta casi imposible que alg\u00fan comerciante pueda cobrar m\u00e1s barato. Asimismo, advirti\u00f3 que presentar\u00e1n una querella por Injurias en contra del comerciante que \u00e9l supuestamente golpe\u00f3, al haber asegurado que hay colusi\u00f3n de precios en la feria, \u00abporque hemos sido muy afectados y la gente se nos ha ido en contra, pero los clientes deben estar tranquilos porque hay libre mercado y no hay posibilidades de colusi\u00f3n\u00bb. Finalmente, el dirigente neg\u00f3 haber golpeado al feriante y afirm\u00f3 que espera que la fiscal\u00eda logre esclarecer los hechos.<\/p>\n<p><strong>\u00abSON UNA MAFIA\u00bb<\/strong><\/p>\n<p>Sin embargo, otros comerciantes que no pertenecen al sindicato de feriantes denunciaron la existencia de una verdadera mafia en el gremio, particularmente dominada por clanes familiares. As\u00ed por ejemplo, el comerciante Cristi\u00e1n Ampuero, se quej\u00f3 que el monopolio lo tienen un grupo de familias desde el a\u00f1o 1967, cuando se cre\u00f3 el sindicato y no permiten el ingreso de nuevos socios.<\/p>\n<p>\u00abNo hay lista para ingresar a esta feria, porque la \u00faltima ordenanza municipal dice Articulo N\u00ba 11, que en un puesto tiene que haber uno por grupo familiar para que no se forme monopolio y resulta que la feria est\u00e1 lleno de familiares\u00bb, fustig\u00f3. Ampuero aleg\u00f3 tambi\u00e9n porque la municipalidad aprob\u00f3 un decreto que regula las ferias libres, entregando m\u00e1s poder a quienes hoy ostentan el monopolio.<\/p>\n","protected":false},"excerpt":{"rendered":"<p>LOS ANDES.- El Presidente del Sindicato de la Feria de Libre de Los Andes, Dikyter Fuentes, descart\u00f3 que exista colusi\u00f3n en los precios de frutas, verduras y pescados que venden en la&#8230;<\/p>\n","protected":false},"author":482,"featured_media":47706,"comment_status":"open","ping_status":"closed","sticky":false,"template":"","format":"standard","meta":{"advanced_seo_description":"","jetpack_seo_html_title":"","jetpack_seo_noindex":false,"_jetpack_memberships_contains_paid_content":false,"footnotes":""},"categories":[15],"tags":[],"class_list":["post-47705","post","type-post","status-publish","format-standard","has-post-thumbnail","hentry","category-comunidad"],"jetpack_featured_media_url":"https:\/\/i0.wp.com\/eltrabajo.cl\/portal\/wp-content\/uploads\/2014\/06\/Feriante11.jpg?fit=529%2C379&ssl=1","jetpack_sharing_enabled":true,"jetpack_likes_enabled":true,"jetpack-related-posts":[],"_links":{"self":[{"href":"https:\/\/eltrabajo.cl\/portal\/wp-json\/wp\/v2\/posts\/47705","targetHints":{"allow":["GET"]}}],"collection":[{"href":"https:\/\/eltrabajo.cl\/portal\/wp-json\/wp\/v2\/posts"}],"about":[{"href":"https:\/\/eltrabajo.cl\/portal\/wp-json\/wp\/v2\/types\/post"}],"author":[{"embeddable":true,"href":"https:\/\/eltrabajo.cl\/portal\/wp-json\/wp\/v2\/users\/482"}],"replies":[{"embeddable":true,"href":"https:\/\/eltrabajo.cl\/portal\/wp-json\/wp\/v2\/comments?post=47705"}],"version-history":[{"count":0,"href":"https:\/\/eltrabajo.cl\/portal\/wp-json\/wp\/v2\/posts\/47705\/revisions"}],"wp:featuredmedia":[{"embeddable":true,"href":"https:\/\/eltrabajo.cl\/portal\/wp-json\/wp\/v2\/media\/47706"}],"wp:attachment":[{"href":"https:\/\/eltrabajo.cl\/portal\/wp-json\/wp\/v2\/media?parent=47705"}],"wp:term":[{"taxonomy":"category","embeddable":true,"href":"https:\/\/eltrabajo.cl\/portal\/wp-json\/wp\/v2\/categories?post=47705"},{"taxonomy":"post_tag","embeddable":true,"href":"https:\/\/eltrabajo.cl\/portal\/wp-json\/wp\/v2\/tags?post=47705"}],"curies":[{"name":"wp","href":"https:\/\/api.w.org\/{rel}","templated":true}]}}