{"id":47734,"date":"2014-06-17T09:41:53","date_gmt":"2014-06-17T13:41:53","guid":{"rendered":"http:\/\/www.eltrabajo.cl\/portal\/?p=47734"},"modified":"2014-06-17T09:41:53","modified_gmt":"2014-06-17T13:41:53","slug":"escuela-sagrado-corazon-recibe-980-000-para-comprar-material-didactico","status":"publish","type":"post","link":"https:\/\/eltrabajo.cl\/portal\/escuela-sagrado-corazon-recibe-980-000-para-comprar-material-didactico\/","title":{"rendered":"Escuela Sagrado Coraz\u00f3n recibe $980.000 para comprar material did\u00e1ctico"},"content":{"rendered":"<figure id=\"attachment_47735\" aria-describedby=\"caption-attachment-47735\" style=\"width: 529px\" class=\"wp-caption alignnone\"><a href=\"https:\/\/i0.wp.com\/www.eltrabajo.cl\/portal\/wp-content\/uploads\/2014\/06\/Lider1.jpg\"><img data-recalc-dims=\"1\" loading=\"lazy\" decoding=\"async\" class=\"size-full wp-image-47735\" alt=\"Gracias a estas oportunidades, la Escuela Sagrado Coraz\u00f3n de la comuna de San Felipe logr\u00f3 adjudicarse la cifra de $980.000.\" src=\"https:\/\/i0.wp.com\/www.eltrabajo.cl\/portal\/wp-content\/uploads\/2014\/06\/Lider1.jpg?resize=529%2C401\" width=\"529\" height=\"401\" srcset=\"https:\/\/i0.wp.com\/eltrabajo.cl\/portal\/wp-content\/uploads\/2014\/06\/Lider1.jpg?w=529&amp;ssl=1 529w, https:\/\/i0.wp.com\/eltrabajo.cl\/portal\/wp-content\/uploads\/2014\/06\/Lider1.jpg?resize=197%2C150&amp;ssl=1 197w, https:\/\/i0.wp.com\/eltrabajo.cl\/portal\/wp-content\/uploads\/2014\/06\/Lider1.jpg?resize=300%2C227&amp;ssl=1 300w, https:\/\/i0.wp.com\/eltrabajo.cl\/portal\/wp-content\/uploads\/2014\/06\/Lider1.jpg?resize=150%2C113&amp;ssl=1 150w, https:\/\/i0.wp.com\/eltrabajo.cl\/portal\/wp-content\/uploads\/2014\/06\/Lider1.jpg?resize=400%2C303&amp;ssl=1 400w\" sizes=\"auto, (max-width: 529px) 100vw, 529px\" \/><\/a><figcaption id=\"caption-attachment-47735\" class=\"wp-caption-text\">Gracias a estas oportunidades, la Escuela Sagrado Coraz\u00f3n de la comuna de San Felipe logr\u00f3 adjudicarse la cifra de $980.000.<\/figcaption><\/figure>\n<p>Gracias a la posibilidad que entrega la Cadena de Supermercados L\u00edder, que permite a las organizaciones sociales poder postular a beneficios econ\u00f3micos asignados por la cadena del retail, es que la Escuela Sagrado Coraz\u00f3n de la comuna de San Felipe logr\u00f3 adjudicarse la cifra de $980.000.<\/p>\n<p>La informaci\u00f3n fue entregada por la directora del establecimiento, Beatriz Gallardo, en una rueda de prensa realizada en el propio supermercado, se\u00f1alando que \u201cestamos muy contentos por nuestros alumnos y por nuestros apoderados, y estos recursos nos permitir\u00e1n implementar con material deportivo did\u00e1ctico la sala de la pre b\u00e1sica, oportunidad que aprovech\u00f3 adem\u00e1s de agradecer la posibilidad que entrega la cadena de supermercados a las organizaciones de la comuna\u201d.<\/p>\n<p>Seg\u00fan detallo la docente, todo fue gracias a que un d\u00eda comprando en el supermercado, se encontraron con un tr\u00edptico de publicidad, el que se\u00f1alaba una variedad de requisitos que deb\u00edan ser cumplidos, los que fueron analizados conjuntamente con el centro general de padres, los que r\u00e1pidamente comenzaron con los tr\u00e1mites necesarios, logrando adjudicarse el beneficio para la pre b\u00e1sica, que beneficiaran a cerca de 97 alumnos de este establecimiento educacional de la comuna de San Felipe.<\/p>\n<p>Por su parte Miguel Cortez, Subgerente de Ventas de Supermercado L\u00edder, se\u00f1alo que \u201cestamos felices de poder participar con las instituciones cercanas, lo que est\u00e1 enmarcado dentro del proyecto de responsabilidad social existente en todo Chile, para lo cual las instituciones deben cumplir con una serie de requisitos estipulados en las bases, como estar dentro del radio urbano de un kil\u00f3metro a la redonda del local, no tener otro beneficio del estado entre otros, las postulaciones se pueden hacer de dos maneras, la primera es a trav\u00e9s del llenado de un formulario, el que est\u00e1 en cada supermercado, o a trav\u00e9s de internet en la p\u00e1gina del supermercado, pudiendo ser m\u00e1s o menos el monto a asignar, dependiendo del proyecto, y la posibilidad de participar est\u00e1 abierta durante todo el a\u00f1o\u201d, manifest\u00f3 Cortez.<\/p>\n<p>&nbsp;<\/p>\n","protected":false},"excerpt":{"rendered":"<p>Gracias a la posibilidad que entrega la Cadena de Supermercados L\u00edder, que permite a las organizaciones sociales poder postular a beneficios econ\u00f3micos asignados por la cadena del retail, es que la Escuela&#8230;<\/p>\n","protected":false},"author":482,"featured_media":47735,"comment_status":"open","ping_status":"closed","sticky":false,"template":"","format":"standard","meta":{"advanced_seo_description":"","jetpack_seo_html_title":"","jetpack_seo_noindex":false,"_jetpack_memberships_contains_paid_content":false,"footnotes":""},"categories":[15],"tags":[],"class_list":["post-47734","post","type-post","status-publish","format-standard","has-post-thumbnail","hentry","category-comunidad"],"jetpack_featured_media_url":"https:\/\/i0.wp.com\/eltrabajo.cl\/portal\/wp-content\/uploads\/2014\/06\/Lider1.jpg?fit=529%2C401&ssl=1","jetpack_sharing_enabled":true,"jetpack_likes_enabled":true,"jetpack-related-posts":[],"_links":{"self":[{"href":"https:\/\/eltrabajo.cl\/portal\/wp-json\/wp\/v2\/posts\/47734","targetHints":{"allow":["GET"]}}],"collection":[{"href":"https:\/\/eltrabajo.cl\/portal\/wp-json\/wp\/v2\/posts"}],"about":[{"href":"https:\/\/eltrabajo.cl\/portal\/wp-json\/wp\/v2\/types\/post"}],"author":[{"embeddable":true,"href":"https:\/\/eltrabajo.cl\/portal\/wp-json\/wp\/v2\/users\/482"}],"replies":[{"embeddable":true,"href":"https:\/\/eltrabajo.cl\/portal\/wp-json\/wp\/v2\/comments?post=47734"}],"version-history":[{"count":0,"href":"https:\/\/eltrabajo.cl\/portal\/wp-json\/wp\/v2\/posts\/47734\/revisions"}],"wp:featuredmedia":[{"embeddable":true,"href":"https:\/\/eltrabajo.cl\/portal\/wp-json\/wp\/v2\/media\/47735"}],"wp:attachment":[{"href":"https:\/\/eltrabajo.cl\/portal\/wp-json\/wp\/v2\/media?parent=47734"}],"wp:term":[{"taxonomy":"category","embeddable":true,"href":"https:\/\/eltrabajo.cl\/portal\/wp-json\/wp\/v2\/categories?post=47734"},{"taxonomy":"post_tag","embeddable":true,"href":"https:\/\/eltrabajo.cl\/portal\/wp-json\/wp\/v2\/tags?post=47734"}],"curies":[{"name":"wp","href":"https:\/\/api.w.org\/{rel}","templated":true}]}}