{"id":47754,"date":"2014-06-18T09:21:17","date_gmt":"2014-06-18T13:21:17","guid":{"rendered":"http:\/\/www.eltrabajo.cl\/portal\/?p=47754"},"modified":"2014-06-18T09:21:17","modified_gmt":"2014-06-18T13:21:17","slug":"escolares-viajan-a-hijuelas-para-practicar-senderismo","status":"publish","type":"post","link":"https:\/\/eltrabajo.cl\/portal\/escolares-viajan-a-hijuelas-para-practicar-senderismo\/","title":{"rendered":"Escolares viajan a Hijuelas para practicar senderismo"},"content":{"rendered":"<figure id=\"attachment_47755\" aria-describedby=\"caption-attachment-47755\" style=\"width: 529px\" class=\"wp-caption alignnone\"><a href=\"https:\/\/i0.wp.com\/www.eltrabajo.cl\/portal\/wp-content\/uploads\/2014\/06\/Senderismo1.jpg\"><img data-recalc-dims=\"1\" loading=\"lazy\" decoding=\"async\" class=\"size-full wp-image-47755\" alt=\"SENDERISMO PURO.- Este fue el primer grupo de estudiantes que participo en el Programa Nacional de Senderismo de la IND.\" src=\"https:\/\/i0.wp.com\/www.eltrabajo.cl\/portal\/wp-content\/uploads\/2014\/06\/Senderismo1.jpg?resize=529%2C310\" width=\"529\" height=\"310\" srcset=\"https:\/\/i0.wp.com\/eltrabajo.cl\/portal\/wp-content\/uploads\/2014\/06\/Senderismo1.jpg?w=529&amp;ssl=1 529w, https:\/\/i0.wp.com\/eltrabajo.cl\/portal\/wp-content\/uploads\/2014\/06\/Senderismo1.jpg?resize=200%2C117&amp;ssl=1 200w, https:\/\/i0.wp.com\/eltrabajo.cl\/portal\/wp-content\/uploads\/2014\/06\/Senderismo1.jpg?resize=300%2C175&amp;ssl=1 300w, https:\/\/i0.wp.com\/eltrabajo.cl\/portal\/wp-content\/uploads\/2014\/06\/Senderismo1.jpg?resize=150%2C87&amp;ssl=1 150w, https:\/\/i0.wp.com\/eltrabajo.cl\/portal\/wp-content\/uploads\/2014\/06\/Senderismo1.jpg?resize=400%2C234&amp;ssl=1 400w\" sizes=\"auto, (max-width: 529px) 100vw, 529px\" \/><\/a><figcaption id=\"caption-attachment-47755\" class=\"wp-caption-text\">SENDERISMO PURO.- Este fue el primer grupo de estudiantes que participo en el Programa Nacional de Senderismo de la IND.<\/figcaption><\/figure>\n<p><strong>PUTAENDO.-<\/strong> Un total de 42 alumnos y tres docentes del Colegio Marie Poussepin; del Liceo Rep. Estados Unidos y del Liceo Manuel Mar\u00edn Fritis, participaron del Programa Nacional de Senderismo, de la IND Regional. Actividad desarrollada y realizada por la empresa Vertical Expediciones S.A. de Santiago y la Coordinaci\u00f3n de Educaci\u00f3n Extraescolar \u00c1rea Deportiva del Departamento de Educaci\u00f3n Municipal de la comuna, a cargo del Profesor Julio Silva Calder\u00f3n.<\/p>\n<p><strong>LA GRAN SALIDA<\/strong><\/p>\n<p>Al momento de la salida fueron despedidos por el Alcalde Guillermo Reyes y el Director del Daem Patricio Moreno, desde la Plaza Prat, donde partieron hasta el Sector Ocoa, comuna de Hijuelas hasta el Parque Nacional La Campana, donde fueron recibidos por Patricio Garc\u00e9s y David Guajardo de la IND Regional.<\/p>\n<p>Ya en el lugar se formaron en cuatro grupos o cordadas, con monitor de Expediciones Vertical a cargo de Juan Jos\u00e9 Oliva, e integrado por Alan Macdonald, Camila Izquierdo, Marcelo Cruz y Ver\u00f3nica Montecinos, quienes les entregaron bast\u00f3n de senderismo; bolsa para transporte de agua; bloqueador solar; jockey y dos colaciones de marcha (agua, chocolate, man\u00ed, cereal, s\u00e1ndwich (2) y una fruta), luego de las instrucciones b\u00e1sicas de marcha, los grupos iniciaron su marcha cerro arriba, teniendo como meta el hermoso sector de la cascada, frente al Cerro La Campana.<\/p>\n<p><strong>EXPERIENCIA VITAL<\/strong><\/p>\n<p>Una experiencia maravillosa para los j\u00f3venes, alumnos de 6\u00b0 a 8\u00b0 a\u00f1o b\u00e1sico, que a trav\u00e9s de la caminata, los monitores les iban explicando sobre la flora y la fauna del sector, m\u00e1s de algunos pudieron ver un zorro que se atraves\u00f3 en el camino, conejos y gran variedad de aves, que irrump\u00edan el silencio con sus cantos. Llegada a la meta en el sector de la Cascada se produjo el descanso, tiempo de merendar y el relajo para luego iniciar el retorno, con la misma alegr\u00eda, pero ya con menos esfuerzo a mitad de camino comenz\u00f3 la suave lluvia que presagiaba que ya ven\u00eda la gran lluvia.<\/p>\n<p>Acto seguido luego de las felicitaciones y agradecimientos, la despedida de los monitores con su cordada, abordaron el bus y de retorno a casa, cansados pero contentos de esta nueva experiencia, como es el contacto con la naturaleza, en tan hermoso lugar de nuestra regi\u00f3n.<\/p>\n","protected":false},"excerpt":{"rendered":"<p>PUTAENDO.- Un total de 42 alumnos y tres docentes del Colegio Marie Poussepin; del Liceo Rep. Estados Unidos y del Liceo Manuel Mar\u00edn Fritis, participaron del Programa Nacional de Senderismo, de la&#8230;<\/p>\n","protected":false},"author":482,"featured_media":47755,"comment_status":"open","ping_status":"closed","sticky":false,"template":"","format":"standard","meta":{"advanced_seo_description":"","jetpack_seo_html_title":"","jetpack_seo_noindex":false,"_jetpack_memberships_contains_paid_content":false,"footnotes":""},"categories":[15],"tags":[],"class_list":["post-47754","post","type-post","status-publish","format-standard","has-post-thumbnail","hentry","category-comunidad"],"jetpack_featured_media_url":"https:\/\/i0.wp.com\/eltrabajo.cl\/portal\/wp-content\/uploads\/2014\/06\/Senderismo1.jpg?fit=529%2C310&ssl=1","jetpack_sharing_enabled":true,"jetpack_likes_enabled":true,"jetpack-related-posts":[],"_links":{"self":[{"href":"https:\/\/eltrabajo.cl\/portal\/wp-json\/wp\/v2\/posts\/47754","targetHints":{"allow":["GET"]}}],"collection":[{"href":"https:\/\/eltrabajo.cl\/portal\/wp-json\/wp\/v2\/posts"}],"about":[{"href":"https:\/\/eltrabajo.cl\/portal\/wp-json\/wp\/v2\/types\/post"}],"author":[{"embeddable":true,"href":"https:\/\/eltrabajo.cl\/portal\/wp-json\/wp\/v2\/users\/482"}],"replies":[{"embeddable":true,"href":"https:\/\/eltrabajo.cl\/portal\/wp-json\/wp\/v2\/comments?post=47754"}],"version-history":[{"count":0,"href":"https:\/\/eltrabajo.cl\/portal\/wp-json\/wp\/v2\/posts\/47754\/revisions"}],"wp:featuredmedia":[{"embeddable":true,"href":"https:\/\/eltrabajo.cl\/portal\/wp-json\/wp\/v2\/media\/47755"}],"wp:attachment":[{"href":"https:\/\/eltrabajo.cl\/portal\/wp-json\/wp\/v2\/media?parent=47754"}],"wp:term":[{"taxonomy":"category","embeddable":true,"href":"https:\/\/eltrabajo.cl\/portal\/wp-json\/wp\/v2\/categories?post=47754"},{"taxonomy":"post_tag","embeddable":true,"href":"https:\/\/eltrabajo.cl\/portal\/wp-json\/wp\/v2\/tags?post=47754"}],"curies":[{"name":"wp","href":"https:\/\/api.w.org\/{rel}","templated":true}]}}