{"id":4776,"date":"2011-10-14T08:05:28","date_gmt":"2011-10-14T12:05:28","guid":{"rendered":"http:\/\/www.eltrabajo.cl\/portal\/?p=4776"},"modified":"2011-10-14T08:05:29","modified_gmt":"2011-10-14T12:05:29","slug":"con-distinciones-a-docentes-por-anos-de-servicio-celebran-dia-del-profesor","status":"publish","type":"post","link":"https:\/\/eltrabajo.cl\/portal\/con-distinciones-a-docentes-por-anos-de-servicio-celebran-dia-del-profesor\/","title":{"rendered":"Con distinciones a docentes por a\u00f1os de servicio celebran D\u00eda del Profesor"},"content":{"rendered":"<figure id=\"attachment_4777\" aria-describedby=\"caption-attachment-4777\" style=\"width: 600px\" class=\"wp-caption alignnone\"><a href=\"http:\/\/www.eltrabajo.cl\/portal\/archives\/4776\/profesor-1\" rel=\"attachment wp-att-4777\"><img data-recalc-dims=\"1\" loading=\"lazy\" decoding=\"async\" class=\"size-full wp-image-4777\" title=\"Profesor 1\" src=\"https:\/\/i0.wp.com\/www.eltrabajo.cl\/portal\/wp-content\/uploads\/2011\/10\/Profesor-1.jpg?resize=600%2C450\" alt=\"\" width=\"600\" height=\"450\" srcset=\"https:\/\/i0.wp.com\/eltrabajo.cl\/portal\/wp-content\/uploads\/2011\/10\/Profesor-1.jpg?w=600&amp;ssl=1 600w, https:\/\/i0.wp.com\/eltrabajo.cl\/portal\/wp-content\/uploads\/2011\/10\/Profesor-1.jpg?resize=200%2C150&amp;ssl=1 200w, https:\/\/i0.wp.com\/eltrabajo.cl\/portal\/wp-content\/uploads\/2011\/10\/Profesor-1.jpg?resize=300%2C225&amp;ssl=1 300w, https:\/\/i0.wp.com\/eltrabajo.cl\/portal\/wp-content\/uploads\/2011\/10\/Profesor-1.jpg?resize=150%2C112&amp;ssl=1 150w, https:\/\/i0.wp.com\/eltrabajo.cl\/portal\/wp-content\/uploads\/2011\/10\/Profesor-1.jpg?resize=400%2C300&amp;ssl=1 400w\" sizes=\"auto, (max-width: 600px) 100vw, 600px\" \/><\/a><figcaption id=\"caption-attachment-4777\" class=\"wp-caption-text\">En la imagen, parte de los profesore que fueron destacados por sus a\u00f1os de servicio en los distintos establecimientos de San Felipe, durante el D\u00eda del Profesor.<\/figcaption><\/figure>\n<p>Con diversas actividades, el sistema de Educaci\u00f3n Municipal de San Felipe est\u00e1 celebrando el D\u00eda del Profesor, el que por parte del Ministerio de Educaci\u00f3n est\u00e1 instituido para el d\u00eda 16 de octubre.<\/p>\n<p>En la Iglesia Catedral de San Felipe se celebr\u00f3 una misa oficiada por el vicario general de la di\u00f3cesis, Monse\u00f1or H\u00e9ctor Hern\u00e1n Acu\u00f1a, ceremonia religiosa a la que asisti\u00f3 el alcalde Jaime Amar Amar, el concejal y profesor Dante Rodr\u00edguez, el director de Educaci\u00f3n Municipal, Jorge Sep\u00falveda, y numerosos docentes junto a sus familiares.<\/p>\n<p>En la oportunidad el alcalde Amar destac\u00f3 la labor que desarrollan los docentes del sistema municipal y el esfuerzo diario que hacen para mejorar la calidad de la educaci\u00f3n p\u00fablica de la comuna.<\/p>\n<p>Durante la ceremonia se entregaron distinciones a 35 docentes que cumplieron 40, 35 y 30 a\u00f1os de servicio.<\/p>\n<p>El director de Educaci\u00f3n Municipal de San Felipe, Jorge Sep\u00falveda, dijo estar agradecido por el profesionalismo y compromiso de los profesores del sistema municipal, quienes \u00aben un a\u00f1o complejo han dado muestras de una gran capacidad profesional para sacar adelante y mejorar la calidad de la educaci\u00f3n p\u00fablica de nuestra comuna\u00bb.<\/p>\n<p>A\u00f1adi\u00f3 que \u00abnuestros colegas han trabajado este a\u00f1o con una gran responsabilidad y un compromiso de servicio p\u00fablico a toda prueba; han entendido que la calidad de la educaci\u00f3n se logra en la sala de clases y eso debemos agradecerlo, no solo nosotros como sistema educativo sino tambi\u00e9n los alumnos, los apoderados y la comunidad en general\u00bb.<\/p>\n<p>Sep\u00falveda se\u00f1al\u00f3 que el a\u00f1o escolar en San Felipe terminar\u00e1 pr\u00e1cticamente de manera normal y que en los establecimientos que estuvieron durante nueve d\u00edas en paro, las clases ya est\u00e1n casi en un cien por ciento recuperadas.<\/p>\n<p>En un mensaje a los profesores, el director de la Daem dijo que \u00abdebemos hacer un gran reconocimiento a la labor de los docentes y su compromiso con nuestro modelo educativo que quiere entregar lo mejor a los ni\u00f1os que m\u00e1s lo requieren y que son los que acuden a nuestros establecimientos\u00bb.<\/p>\n<p>Al margen de las actividades oficiales, cada establecimiento educacional prepar\u00f3 su propio programa para celebrar de manera interna el D\u00eda del Profesor, efem\u00e9ride que conmemora la labor de los docentes de la educaci\u00f3n b\u00e1sica y media. Se celebra el 16 de octubre, fecha que coincide con la creaci\u00f3n del Colegio de Profesores de Chile en 1974.<\/p>\n<p>Docentes distinguidos<\/p>\n<p>Durante la misa de Acci\u00f3n de Gracias, celebrada en la Iglesia Catedral, fueron distinguidos un total de 34 docentes por su trayectoria educativa.<\/p>\n<p>Por 40 a\u00f1os de servicio, fueron distinguidos los docentes Manuel Araya Carvallo (Esc. 21 de Mayo), Felix Castro Quintana (Jos\u00e9 de San Mart\u00edn), Mar\u00eda Ang\u00e9lica Escobedo Peralta (Buen Pastor), Osvaldo Fuenzalida L\u00f3pez (Liceo Adultos Juan Fco. Gonz\u00e1lez Reyes), Mar\u00eda Cristina L\u00f3pez Ach\u00fa (Mateo Cokljat), Eric R\u00f3binson Olgu\u00edn Gonz\u00e1lez (Carmela Carvajal), Mar\u00eda Vicencio Leiva (Bdo. O\u2019Higgins).<\/p>\n<p>Por 35 a\u00f1os de servicio: Mar\u00eda Teresa Bascu\u00f1\u00e1n Arancibia (Corina Urbina), Miriam C\u00f3rdova Collao (Buen Pastor), Mar\u00eda Cecilia Hidalgo Cataldo (Carolina Ocampo), Isabel L\u00f3pez Rodr\u00edguez (Carmela Carvajal), Alicia Montenegro Zumar\u00e1n (Esc. Almendral), Mar\u00eda Elena Morales L\u00f3pez (Manuel Rodr\u00edguez), Silvia Olgu\u00edn Arancibia (John F. Kennedy), Wilson Paz Molina, (Educaci\u00f3n de Adultos Juan Gonz\u00e1lez), Iv\u00e1n Peralta Ulloa (Roberto Humeres), Luis Silva Estay (Pedro Nolasco), M\u00f3nica Tapia Olmos (Esc. Almendral), Auristela In\u00e9s Toro Ardiles (Corina Urbina), Sylvia Ver\u00f3nica Torrej\u00f3n Straube (Esc. San Rafael), A\u00edda V\u00e9liz Prado (Jos\u00e9 de San Mart\u00edn).<\/p>\n<p>Por 30 a\u00f1os de servicio: Mar\u00eda Berta \u00c1lvarez Rodr\u00edguez (Roberto Humeres), Ibo Araya Araya (Cordillera), Ricardo Ar\u00e9valo N\u00fa\u00f1ez (Rep. Argentina), Francisco Beltr\u00e1n Guzm\u00e1n (Roberto Humeres), Mar\u00eda Eugenia Collantes Saa (Buen Pastor), Mar\u00eda Viviana Craviolatti Olgu\u00edn (Corina Urbina), Sandra D\u00edaz Cantillano (Roberto Humeres), Mar\u00eda Isabel Espejo Lillo (Corina Urbina), Rita Espinoza N\u00fa\u00f1ez (Buen Pastor), Marisol G\u00f3mez Moreno (Buen Pastor), Jos\u00e9 Ib\u00e1\u00f1ez Rojas (Roberto Humeres), Mar\u00eda Alicia Rojo (Liceo San Felipe), Gloria Santana Alfaro (Manso de Velasco), Juana Vargas Cataldo Educaci\u00f3n Adultos Juan Gonz\u00e1lez).<\/p>\n","protected":false},"excerpt":{"rendered":"<p>Con diversas actividades, el sistema de Educaci\u00f3n Municipal de San Felipe est\u00e1 celebrando el D\u00eda del Profesor, el que por parte del Ministerio de Educaci\u00f3n est\u00e1 instituido para el d\u00eda 16 de&#8230;<\/p>\n","protected":false},"author":482,"featured_media":4777,"comment_status":"open","ping_status":"open","sticky":false,"template":"","format":"standard","meta":{"advanced_seo_description":"","jetpack_seo_html_title":"","jetpack_seo_noindex":false,"_jetpack_memberships_contains_paid_content":false,"footnotes":""},"categories":[17],"tags":[],"class_list":["post-4776","post","type-post","status-publish","format-standard","has-post-thumbnail","hentry","category-educacion"],"jetpack_featured_media_url":"https:\/\/i0.wp.com\/eltrabajo.cl\/portal\/wp-content\/uploads\/2011\/10\/Profesor-1.jpg?fit=600%2C450&ssl=1","jetpack_sharing_enabled":true,"jetpack_likes_enabled":true,"jetpack-related-posts":[],"_links":{"self":[{"href":"https:\/\/eltrabajo.cl\/portal\/wp-json\/wp\/v2\/posts\/4776","targetHints":{"allow":["GET"]}}],"collection":[{"href":"https:\/\/eltrabajo.cl\/portal\/wp-json\/wp\/v2\/posts"}],"about":[{"href":"https:\/\/eltrabajo.cl\/portal\/wp-json\/wp\/v2\/types\/post"}],"author":[{"embeddable":true,"href":"https:\/\/eltrabajo.cl\/portal\/wp-json\/wp\/v2\/users\/482"}],"replies":[{"embeddable":true,"href":"https:\/\/eltrabajo.cl\/portal\/wp-json\/wp\/v2\/comments?post=4776"}],"version-history":[{"count":0,"href":"https:\/\/eltrabajo.cl\/portal\/wp-json\/wp\/v2\/posts\/4776\/revisions"}],"wp:featuredmedia":[{"embeddable":true,"href":"https:\/\/eltrabajo.cl\/portal\/wp-json\/wp\/v2\/media\/4777"}],"wp:attachment":[{"href":"https:\/\/eltrabajo.cl\/portal\/wp-json\/wp\/v2\/media?parent=4776"}],"wp:term":[{"taxonomy":"category","embeddable":true,"href":"https:\/\/eltrabajo.cl\/portal\/wp-json\/wp\/v2\/categories?post=4776"},{"taxonomy":"post_tag","embeddable":true,"href":"https:\/\/eltrabajo.cl\/portal\/wp-json\/wp\/v2\/tags?post=4776"}],"curies":[{"name":"wp","href":"https:\/\/api.w.org\/{rel}","templated":true}]}}