{"id":47761,"date":"2014-06-18T09:26:57","date_gmt":"2014-06-18T13:26:57","guid":{"rendered":"http:\/\/www.eltrabajo.cl\/portal\/?p=47761"},"modified":"2014-06-18T09:26:57","modified_gmt":"2014-06-18T13:26:57","slug":"con-corrida-familiar-y-zumbaton-continua-actividad-deportiva","status":"publish","type":"post","link":"https:\/\/eltrabajo.cl\/portal\/con-corrida-familiar-y-zumbaton-continua-actividad-deportiva\/","title":{"rendered":"Con corrida familiar y zumbat\u00f3n contin\u00faa actividad deportiva"},"content":{"rendered":"<figure id=\"attachment_47762\" aria-describedby=\"caption-attachment-47762\" style=\"width: 528px\" class=\"wp-caption alignnone\"><a href=\"https:\/\/i0.wp.com\/www.eltrabajo.cl\/portal\/wp-content\/uploads\/2014\/06\/Corrida21.jpg\"><img data-recalc-dims=\"1\" loading=\"lazy\" decoding=\"async\" class=\"size-full wp-image-47762\" alt=\"TODOS LISTOS.- La corrida contar\u00e1 con cuatro recorridos por distintas calles de la comuna de San Felipe, y contemplan 1,5 K; 3 K; 5 K y 10 K.\" src=\"https:\/\/i0.wp.com\/www.eltrabajo.cl\/portal\/wp-content\/uploads\/2014\/06\/Corrida21.jpg?resize=528%2C360\" width=\"528\" height=\"360\" srcset=\"https:\/\/i0.wp.com\/eltrabajo.cl\/portal\/wp-content\/uploads\/2014\/06\/Corrida21.jpg?w=528&amp;ssl=1 528w, https:\/\/i0.wp.com\/eltrabajo.cl\/portal\/wp-content\/uploads\/2014\/06\/Corrida21.jpg?resize=200%2C136&amp;ssl=1 200w, https:\/\/i0.wp.com\/eltrabajo.cl\/portal\/wp-content\/uploads\/2014\/06\/Corrida21.jpg?resize=300%2C204&amp;ssl=1 300w, https:\/\/i0.wp.com\/eltrabajo.cl\/portal\/wp-content\/uploads\/2014\/06\/Corrida21.jpg?resize=150%2C102&amp;ssl=1 150w, https:\/\/i0.wp.com\/eltrabajo.cl\/portal\/wp-content\/uploads\/2014\/06\/Corrida21.jpg?resize=400%2C272&amp;ssl=1 400w\" sizes=\"auto, (max-width: 528px) 100vw, 528px\" \/><\/a><figcaption id=\"caption-attachment-47762\" class=\"wp-caption-text\">TODOS LISTOS.- La corrida contar\u00e1 con cuatro recorridos por distintas calles de la comuna de San Felipe, y contemplan 1,5 K; 3 K; 5 K y 10 K.<\/figcaption><\/figure>\n<p>Por segundo a\u00f1o consecutivo la Mesa Comunal de Promoci\u00f3n de la Salud desarrollar\u00e1 una corrida familiar y una zumbat\u00f3n, las que se realizar\u00e1n el pr\u00f3ximo domingo 29 de junio, desde las diez de la ma\u00f1ana y la invitaci\u00f3n es a toda la comunidad a participar. La corrida contar\u00e1 con cuatro recorridos por distintas calles de la comuna de San Felipe, y contemplan 1,5 K; 3 K; 5 K y 10 K, teniendo todos como punto de inicio el bandej\u00f3n central de Avenida Chacabuco con Avenida Maip\u00fa.<\/p>\n<figure id=\"attachment_47763\" aria-describedby=\"caption-attachment-47763\" style=\"width: 370px\" class=\"wp-caption alignright\"><a href=\"https:\/\/i0.wp.com\/www.eltrabajo.cl\/portal\/wp-content\/uploads\/2014\/06\/Corrida1.jpg\"><img data-recalc-dims=\"1\" loading=\"lazy\" decoding=\"async\" class=\" wp-image-47763 \" alt=\"A CORRER.- Las actividades se realizar\u00e1n el pr\u00f3ximo domingo 29 de junio en el bandej\u00f3n de la avenida Chacabuco.\" src=\"https:\/\/i0.wp.com\/www.eltrabajo.cl\/portal\/wp-content\/uploads\/2014\/06\/Corrida1.jpg?resize=370%2C252\" width=\"370\" height=\"252\" srcset=\"https:\/\/i0.wp.com\/eltrabajo.cl\/portal\/wp-content\/uploads\/2014\/06\/Corrida1.jpg?w=528&amp;ssl=1 528w, https:\/\/i0.wp.com\/eltrabajo.cl\/portal\/wp-content\/uploads\/2014\/06\/Corrida1.jpg?resize=200%2C136&amp;ssl=1 200w, https:\/\/i0.wp.com\/eltrabajo.cl\/portal\/wp-content\/uploads\/2014\/06\/Corrida1.jpg?resize=300%2C204&amp;ssl=1 300w, https:\/\/i0.wp.com\/eltrabajo.cl\/portal\/wp-content\/uploads\/2014\/06\/Corrida1.jpg?resize=150%2C102&amp;ssl=1 150w, https:\/\/i0.wp.com\/eltrabajo.cl\/portal\/wp-content\/uploads\/2014\/06\/Corrida1.jpg?resize=400%2C272&amp;ssl=1 400w\" sizes=\"auto, (max-width: 370px) 100vw, 370px\" \/><\/a><figcaption id=\"caption-attachment-47763\" class=\"wp-caption-text\">A CORRER.- Las actividades se realizar\u00e1n el pr\u00f3ximo domingo 29 de junio en el bandej\u00f3n de la avenida Chacabuco.<\/figcaption><\/figure>\n<p><strong>GRAN ZUMBAT\u00d3N<\/strong><\/p>\n<p>Paralelamente y para quienes no quieran participar de la corrida, se realizar\u00e1 en el mismo lugar de inicio de la carrera una zumbat\u00f3n, que contar\u00e1 con destacados instructores de la comuna.<\/p>\n<p>Quienes quieran participar en la corrida deben inscribirse ese mismo d\u00eda y llevar un alimento no perecible o con \u00fatiles de aseo, art\u00edculos que ser\u00e1n entregados en el albergue municipal que se ubica en Calle 5 de Abril y que producto de las bajas temperaturas y la lluvia registrada hace unos d\u00edas, ha recibido una importante cantidad de personas en situaci\u00f3n de calle.<\/p>\n<p>\u201cEstamos invitando a la familia, a los ni\u00f1os, el a\u00f1o pasado tuvimos alrededor de 300 personas y esperamos superar esa convocatoria y adem\u00e1s los premios est\u00e1n muy buenos este a\u00f1o, tenemos invitaciones al gimnasio, a la zumba, premios deportivos, as\u00ed que va a estar muy interesante\u201d, dijo David Mally, soci\u00f3logo de la municipalidad e integrante de la Mesa de promoci\u00f3n de la salud.<\/p>\n<p><strong>EL KILOMETRAJE<\/strong><\/p>\n<p>Los recorridos ya se encuentran definidos y contempla en 1,5 kil\u00f3metros el desplazamiento hasta la cancha de tenis; los tres kil\u00f3metros consideran el recorrido hasta el Hospital San Camilo; los cinco kil\u00f3metros se extender\u00e1n hasta la rotonda del sector de ingreso a Almendral y los diez kil\u00f3metros van a contemplar dos veces este \u00faltimo recorrido.<\/p>\n<p>\u201cEn la misma \u2018esquina colorada\u2019, en la p\u00e9rgola vamos a tener un escenario dispuesto para hacer un trabajo de dos horas con las personas que no quieran correr pero quieran hacer actividad f\u00edsica de todas maneras, las inscripciones son ese mismo d\u00eda, y ah\u00ed mismo vamos a recibir los alimentos no perecibles y los \u00fatiles de aseo\u201d, inform\u00f3 Mally.<\/p>\n<p>&nbsp;<\/p>\n","protected":false},"excerpt":{"rendered":"<p>Por segundo a\u00f1o consecutivo la Mesa Comunal de Promoci\u00f3n de la Salud desarrollar\u00e1 una corrida familiar y una zumbat\u00f3n, las que se realizar\u00e1n el pr\u00f3ximo domingo 29 de junio, desde las diez&#8230;<\/p>\n","protected":false},"author":482,"featured_media":47762,"comment_status":"open","ping_status":"closed","sticky":false,"template":"","format":"standard","meta":{"advanced_seo_description":"","jetpack_seo_html_title":"","jetpack_seo_noindex":false,"_jetpack_memberships_contains_paid_content":false,"footnotes":""},"categories":[15],"tags":[],"class_list":["post-47761","post","type-post","status-publish","format-standard","has-post-thumbnail","hentry","category-comunidad"],"jetpack_featured_media_url":"https:\/\/i0.wp.com\/eltrabajo.cl\/portal\/wp-content\/uploads\/2014\/06\/Corrida21.jpg?fit=528%2C360&ssl=1","jetpack_sharing_enabled":true,"jetpack_likes_enabled":true,"jetpack-related-posts":[],"_links":{"self":[{"href":"https:\/\/eltrabajo.cl\/portal\/wp-json\/wp\/v2\/posts\/47761","targetHints":{"allow":["GET"]}}],"collection":[{"href":"https:\/\/eltrabajo.cl\/portal\/wp-json\/wp\/v2\/posts"}],"about":[{"href":"https:\/\/eltrabajo.cl\/portal\/wp-json\/wp\/v2\/types\/post"}],"author":[{"embeddable":true,"href":"https:\/\/eltrabajo.cl\/portal\/wp-json\/wp\/v2\/users\/482"}],"replies":[{"embeddable":true,"href":"https:\/\/eltrabajo.cl\/portal\/wp-json\/wp\/v2\/comments?post=47761"}],"version-history":[{"count":0,"href":"https:\/\/eltrabajo.cl\/portal\/wp-json\/wp\/v2\/posts\/47761\/revisions"}],"wp:featuredmedia":[{"embeddable":true,"href":"https:\/\/eltrabajo.cl\/portal\/wp-json\/wp\/v2\/media\/47762"}],"wp:attachment":[{"href":"https:\/\/eltrabajo.cl\/portal\/wp-json\/wp\/v2\/media?parent=47761"}],"wp:term":[{"taxonomy":"category","embeddable":true,"href":"https:\/\/eltrabajo.cl\/portal\/wp-json\/wp\/v2\/categories?post=47761"},{"taxonomy":"post_tag","embeddable":true,"href":"https:\/\/eltrabajo.cl\/portal\/wp-json\/wp\/v2\/tags?post=47761"}],"curies":[{"name":"wp","href":"https:\/\/api.w.org\/{rel}","templated":true}]}}