{"id":47767,"date":"2014-06-18T09:32:13","date_gmt":"2014-06-18T13:32:13","guid":{"rendered":"http:\/\/www.eltrabajo.cl\/portal\/?p=47767"},"modified":"2014-06-18T09:32:13","modified_gmt":"2014-06-18T13:32:13","slug":"canal-13-realiza-reportaje-sobre-la-muerte-de-alejandro-vergara","status":"publish","type":"post","link":"https:\/\/eltrabajo.cl\/portal\/canal-13-realiza-reportaje-sobre-la-muerte-de-alejandro-vergara\/","title":{"rendered":"Canal 13 realiza reportaje sobre la muerte de Alejandro Vergara"},"content":{"rendered":"<figure id=\"attachment_47768\" aria-describedby=\"caption-attachment-47768\" style=\"width: 529px\" class=\"wp-caption alignnone\"><a href=\"https:\/\/i0.wp.com\/www.eltrabajo.cl\/portal\/wp-content\/uploads\/2014\/06\/Reportaje2.jpg\"><img data-recalc-dims=\"1\" loading=\"lazy\" decoding=\"async\" class=\"size-full wp-image-47768\" alt=\"DOLOR ETERNO.- En horas de la ma\u00f1ana de este martes el equipo del programa Bienvenidos visit\u00f3 el sector Sahonde, donde seg\u00fan versi\u00f3n de la familia del hoy fallecido.\" src=\"https:\/\/i0.wp.com\/www.eltrabajo.cl\/portal\/wp-content\/uploads\/2014\/06\/Reportaje2.jpg?resize=529%2C358\" width=\"529\" height=\"358\" srcset=\"https:\/\/i0.wp.com\/eltrabajo.cl\/portal\/wp-content\/uploads\/2014\/06\/Reportaje2.jpg?w=529&amp;ssl=1 529w, https:\/\/i0.wp.com\/eltrabajo.cl\/portal\/wp-content\/uploads\/2014\/06\/Reportaje2.jpg?resize=200%2C135&amp;ssl=1 200w, https:\/\/i0.wp.com\/eltrabajo.cl\/portal\/wp-content\/uploads\/2014\/06\/Reportaje2.jpg?resize=300%2C203&amp;ssl=1 300w, https:\/\/i0.wp.com\/eltrabajo.cl\/portal\/wp-content\/uploads\/2014\/06\/Reportaje2.jpg?resize=150%2C101&amp;ssl=1 150w, https:\/\/i0.wp.com\/eltrabajo.cl\/portal\/wp-content\/uploads\/2014\/06\/Reportaje2.jpg?resize=400%2C270&amp;ssl=1 400w\" sizes=\"auto, (max-width: 529px) 100vw, 529px\" \/><\/a><figcaption id=\"caption-attachment-47768\" class=\"wp-caption-text\">DOLOR ETERNO.- En horas de la ma\u00f1ana de este martes el equipo del programa Bienvenidos visit\u00f3 el sector Sahonde, donde seg\u00fan versi\u00f3n de la familia del hoy fallecido.<\/figcaption><\/figure>\n<p><strong>PUTAENDO<\/strong>.- Un equipo del Departamento de Prensa de Canal 13, que realiza reportajes para el matinal Bienvenidos, ha estado llevando a cabo un exhaustivo reportaje sobre la muerte sin aclarar de Alejandro Vergara Lobos. Los profesionales encabezados por la destacada Periodista Sylvia Vera Far\u00edas, estuvieron acompa\u00f1ados de un equipo de camar\u00f3grafos, sonidistas, un asesor legal y un perito forense, quienes visitaron el lugar donde la madrugada del 10 de octubre del a\u00f1o 2004 fue encontrado en extra\u00f1as circunstancias el cuerpo sin vida de Alejandro Vergara, lo que ha hecho pensar a su familia que la muerte de Alejandro se trat\u00f3 de un homicidio ocurrido en otro lugar y que su cuerpo s\u00f3lo fue abandonado en las inmediaciones del Cementerio Parroquial, a pesar que la justicia determin\u00f3 que la causa de su muerte fue debido a un atropello en ese lugar.<\/p>\n<figure id=\"attachment_47769\" aria-describedby=\"caption-attachment-47769\" style=\"width: 370px\" class=\"wp-caption alignright\"><a href=\"https:\/\/i0.wp.com\/www.eltrabajo.cl\/portal\/wp-content\/uploads\/2014\/06\/Reportaje1.jpg\"><img data-recalc-dims=\"1\" loading=\"lazy\" decoding=\"async\" class=\" wp-image-47769 \" alt=\"EN C\u00c1MARAS.- Este equipo de Canal 13, que realiza reportajes para el matinal Bienvenidos, ha estado llevando a cabo un exhaustivo reportaje sobre la muerte sin aclarar de Alejandro Vergara Lobos.\" src=\"https:\/\/i0.wp.com\/www.eltrabajo.cl\/portal\/wp-content\/uploads\/2014\/06\/Reportaje1.jpg?resize=370%2C251\" width=\"370\" height=\"251\" srcset=\"https:\/\/i0.wp.com\/eltrabajo.cl\/portal\/wp-content\/uploads\/2014\/06\/Reportaje1.jpg?w=529&amp;ssl=1 529w, https:\/\/i0.wp.com\/eltrabajo.cl\/portal\/wp-content\/uploads\/2014\/06\/Reportaje1.jpg?resize=200%2C135&amp;ssl=1 200w, https:\/\/i0.wp.com\/eltrabajo.cl\/portal\/wp-content\/uploads\/2014\/06\/Reportaje1.jpg?resize=300%2C203&amp;ssl=1 300w, https:\/\/i0.wp.com\/eltrabajo.cl\/portal\/wp-content\/uploads\/2014\/06\/Reportaje1.jpg?resize=150%2C101&amp;ssl=1 150w, https:\/\/i0.wp.com\/eltrabajo.cl\/portal\/wp-content\/uploads\/2014\/06\/Reportaje1.jpg?resize=400%2C270&amp;ssl=1 400w\" sizes=\"auto, (max-width: 370px) 100vw, 370px\" \/><\/a><figcaption id=\"caption-attachment-47769\" class=\"wp-caption-text\">EN C\u00c1MARAS.- Este equipo de Canal 13, que realiza reportajes para el matinal Bienvenidos, ha estado llevando a cabo un exhaustivo reportaje sobre la muerte sin aclarar de Alejandro Vergara Lobos.<\/figcaption><\/figure>\n<p><strong>LAS ENTREVISTAS<\/strong><\/p>\n<p>En horas de la ma\u00f1ana de este martes el equipo del matinal Bienvenidos visit\u00f3 el sector Sahonde, donde seg\u00fan versi\u00f3n de la familia, Alejandro Vergara habr\u00eda sido asesinado, luego entrevistaron a su madre, la se\u00f1ora Luc\u00eda Lobos y a varios otros miembros de la familia, entre los cuales se encontraba Osvaldo Vergara, quien encontr\u00f3 a su t\u00edo fallecido en Calle Jos\u00e9 Antonio Salinas.<\/p>\n<p>En este reportaje se recopilaron muchos antecedentes que existen en la carpeta investigativa y tambi\u00e9n se hacen los esfuerzos para entrevistar al Fiscal Eduardo Fajardo, en un reportaje que contar\u00e1 con el importante aporte de un experto perito forense que incluso revis\u00f3 fotograf\u00edas del lugar y llev\u00f3 a cabo algunos an\u00e1lisis de los lugares donde eventualmente ocurrieron los hechos.<\/p>\n<p>La Periodista Sylvia Vera se\u00f1al\u00f3 que lo m\u00e1s probable es que este reportaje sea emitido un d\u00eda lunes en el matinal Bienvenidos durante la primera semana de julio de este a\u00f1o, lo que estar\u00e1 condicionado a como se desarrolle el Mundial de Brasil, ya que a\u00fan hay un reportaje que se encuentra listo para su publicaci\u00f3n, pero que a\u00fan no ha sido emitido.<\/p>\n<p>La familia y en especial la se\u00f1ora Luc\u00eda Lobos, se encuentran esperanzados en que este reportaje que est\u00e1 realizando Canal 13 permita evitar que el caso prescriba legalmente, ya que de no mediar alguna acci\u00f3n judicial, definitivamente el pr\u00f3ximo 10 de octubre se cumplir\u00e1n diez a\u00f1os de la muerte sin aclarar de la muerte de Alejandro Vergara y al prescribir legalmente, se transformar\u00e1 en una nueva muerte sin aclarar en la comuna de Putaendo.<\/p>\n<p>Patricio Gallardo M.<\/p>\n<p>&nbsp;<\/p>\n","protected":false},"excerpt":{"rendered":"<p>PUTAENDO.- Un equipo del Departamento de Prensa de Canal 13, que realiza reportajes para el matinal Bienvenidos, ha estado llevando a cabo un exhaustivo reportaje sobre la muerte sin aclarar de Alejandro&#8230;<\/p>\n","protected":false},"author":482,"featured_media":47768,"comment_status":"open","ping_status":"closed","sticky":false,"template":"","format":"standard","meta":{"advanced_seo_description":"","jetpack_seo_html_title":"","jetpack_seo_noindex":false,"_jetpack_memberships_contains_paid_content":false,"footnotes":""},"categories":[15],"tags":[],"class_list":["post-47767","post","type-post","status-publish","format-standard","has-post-thumbnail","hentry","category-comunidad"],"jetpack_featured_media_url":"https:\/\/i0.wp.com\/eltrabajo.cl\/portal\/wp-content\/uploads\/2014\/06\/Reportaje2.jpg?fit=529%2C358&ssl=1","jetpack_sharing_enabled":true,"jetpack_likes_enabled":true,"jetpack-related-posts":[],"_links":{"self":[{"href":"https:\/\/eltrabajo.cl\/portal\/wp-json\/wp\/v2\/posts\/47767","targetHints":{"allow":["GET"]}}],"collection":[{"href":"https:\/\/eltrabajo.cl\/portal\/wp-json\/wp\/v2\/posts"}],"about":[{"href":"https:\/\/eltrabajo.cl\/portal\/wp-json\/wp\/v2\/types\/post"}],"author":[{"embeddable":true,"href":"https:\/\/eltrabajo.cl\/portal\/wp-json\/wp\/v2\/users\/482"}],"replies":[{"embeddable":true,"href":"https:\/\/eltrabajo.cl\/portal\/wp-json\/wp\/v2\/comments?post=47767"}],"version-history":[{"count":0,"href":"https:\/\/eltrabajo.cl\/portal\/wp-json\/wp\/v2\/posts\/47767\/revisions"}],"wp:featuredmedia":[{"embeddable":true,"href":"https:\/\/eltrabajo.cl\/portal\/wp-json\/wp\/v2\/media\/47768"}],"wp:attachment":[{"href":"https:\/\/eltrabajo.cl\/portal\/wp-json\/wp\/v2\/media?parent=47767"}],"wp:term":[{"taxonomy":"category","embeddable":true,"href":"https:\/\/eltrabajo.cl\/portal\/wp-json\/wp\/v2\/categories?post=47767"},{"taxonomy":"post_tag","embeddable":true,"href":"https:\/\/eltrabajo.cl\/portal\/wp-json\/wp\/v2\/tags?post=47767"}],"curies":[{"name":"wp","href":"https:\/\/api.w.org\/{rel}","templated":true}]}}