{"id":4780,"date":"2011-10-14T08:08:07","date_gmt":"2011-10-14T12:08:07","guid":{"rendered":"http:\/\/www.eltrabajo.cl\/portal\/?p=4780"},"modified":"2011-10-14T08:08:08","modified_gmt":"2011-10-14T12:08:08","slug":"con-exitosa-cicletada-continuo-celebracion-de-la-semana-de-salud-mental","status":"publish","type":"post","link":"https:\/\/eltrabajo.cl\/portal\/con-exitosa-cicletada-continuo-celebracion-de-la-semana-de-salud-mental\/","title":{"rendered":"Con exitosa cicletada continu\u00f3 celebraci\u00f3n de la semana de Salud Mental"},"content":{"rendered":"<figure id=\"attachment_4782\" aria-describedby=\"caption-attachment-4782\" style=\"width: 600px\" class=\"wp-caption alignnone\"><a href=\"http:\/\/www.eltrabajo.cl\/portal\/archives\/4780\/cicletada-3\" rel=\"attachment wp-att-4782\"><img data-recalc-dims=\"1\" loading=\"lazy\" decoding=\"async\" class=\"size-full wp-image-4782\" title=\"cicletada (3)\" src=\"https:\/\/i0.wp.com\/www.eltrabajo.cl\/portal\/wp-content\/uploads\/2011\/10\/cicletada-3.jpg?resize=600%2C450\" alt=\"\" width=\"600\" height=\"450\" srcset=\"https:\/\/i0.wp.com\/eltrabajo.cl\/portal\/wp-content\/uploads\/2011\/10\/cicletada-3.jpg?w=600&amp;ssl=1 600w, https:\/\/i0.wp.com\/eltrabajo.cl\/portal\/wp-content\/uploads\/2011\/10\/cicletada-3.jpg?resize=200%2C150&amp;ssl=1 200w, https:\/\/i0.wp.com\/eltrabajo.cl\/portal\/wp-content\/uploads\/2011\/10\/cicletada-3.jpg?resize=300%2C225&amp;ssl=1 300w, https:\/\/i0.wp.com\/eltrabajo.cl\/portal\/wp-content\/uploads\/2011\/10\/cicletada-3.jpg?resize=150%2C112&amp;ssl=1 150w, https:\/\/i0.wp.com\/eltrabajo.cl\/portal\/wp-content\/uploads\/2011\/10\/cicletada-3.jpg?resize=400%2C300&amp;ssl=1 400w\" sizes=\"auto, (max-width: 600px) 100vw, 600px\" \/><\/a><figcaption id=\"caption-attachment-4782\" class=\"wp-caption-text\">Esta concurrida cicletada tuvo como objetivo difundir la importancia de mantener una constante actividad f\u00edsica y vincularla con el bienestar de la salud mental.<\/figcaption><\/figure>\n<p><strong>En la oportunidad, que cont\u00f3 con la participaci\u00f3n del Director del Servicio de Salud Aconcagua, Rodrigo Infante, se record\u00f3 la importancia de realizar frecuentemente actividad f\u00edsica, la que est\u00e1 altamente relacionada con el bienestar de la salud mental de las personas.<\/strong><\/p>\n<p>En el marco de la celebraci\u00f3n de la semana de la salud mental, con una importante participaci\u00f3n de la comunidad y en un trayecto de 12 kil\u00f3metros se desarroll\u00f3 la cicletada conmemorativa de la semana de la salud mental, actividad que busc\u00f3 difundir la importancia de mantener una constante actividad f\u00edsica y de vincularla con el bienestar de la salud mental.<\/p>\n<p>La actividad, que fue encabezada por el Director del Servicio de Salud Aconcagua, Rodrigo Infante, contempl\u00f3 un recorrido por un importante sector de la comuna de Putaendo, el que se inici\u00f3 en la Plaza de Armas, circulando por parte de la carretera y la calle Sarmiento, para finalizar el trayecto en la misma Plaza de la comuna, lugar en donde se hizo entrega de reconocimientos por la participaci\u00f3n en la cicletada a los pedaleros m\u00e1s destacados.<\/p>\n<p>\u00abNo debemos separar los conceptos de salud f\u00edsica y mental. Por lo mismo queremos hacer presente que el ejercicio debe estar en nuestra vida cotidiana en acciones tan simples como salir a trotar, a caminar o recorrer algunos kil\u00f3metros en bicicleta. As\u00ed como debemos tener una alimentaci\u00f3n saludable, el ejercicio f\u00edsico es imprescindible para nuestro bienestar general, lo que indudablemente abarca a la salud mental, que es la celebraci\u00f3n que nos convoca hoy\u00bb, sostuvo Infante, quien destac\u00f3 que las actividades continuar\u00e1n con una corrida que se realizar\u00e1 tambi\u00e9n por las calles de Putaendo.<\/p>\n<p>La autoridad destac\u00f3 tambi\u00e9n que el trabajo del Gobierno en este \u00e1mbito ha coincidido con el lema de la semana a nivel mundial: Afronta el reto, colabora en la mejora de la salud mental. \u00abLa \u00faltima semana el Ministro Jaime Ma\u00f1alich ratific\u00f3 que las inversiones para el Hospital Philippe Pinel y sostuvo que este establecimiento ser\u00e1 el hospital psiqui\u00e1trico m\u00e1s importante del pa\u00eds. Adem\u00e1s como Servicio de Salud estamos desarrollando una serie de acciones que tienden a resolver necesidades del hospital, algo en lo que hemos estado trabajando de manera conjunta con los gremios del establecimiento\u00bb, sentenci\u00f3 el Director del Servicio de Salud Aconcagua.<\/p>\n","protected":false},"excerpt":{"rendered":"<p>En la oportunidad, que cont\u00f3 con la participaci\u00f3n del Director del Servicio de Salud Aconcagua, Rodrigo Infante, se record\u00f3 la importancia de realizar frecuentemente actividad f\u00edsica, la que est\u00e1 altamente relacionada con&#8230;<\/p>\n","protected":false},"author":482,"featured_media":4782,"comment_status":"open","ping_status":"open","sticky":false,"template":"","format":"standard","meta":{"advanced_seo_description":"","jetpack_seo_html_title":"","jetpack_seo_noindex":false,"_jetpack_memberships_contains_paid_content":false,"footnotes":""},"categories":[18],"tags":[],"class_list":["post-4780","post","type-post","status-publish","format-standard","has-post-thumbnail","hentry","category-salud"],"jetpack_featured_media_url":"https:\/\/i0.wp.com\/eltrabajo.cl\/portal\/wp-content\/uploads\/2011\/10\/cicletada-3.jpg?fit=600%2C450&ssl=1","jetpack_sharing_enabled":true,"jetpack_likes_enabled":true,"jetpack-related-posts":[],"_links":{"self":[{"href":"https:\/\/eltrabajo.cl\/portal\/wp-json\/wp\/v2\/posts\/4780","targetHints":{"allow":["GET"]}}],"collection":[{"href":"https:\/\/eltrabajo.cl\/portal\/wp-json\/wp\/v2\/posts"}],"about":[{"href":"https:\/\/eltrabajo.cl\/portal\/wp-json\/wp\/v2\/types\/post"}],"author":[{"embeddable":true,"href":"https:\/\/eltrabajo.cl\/portal\/wp-json\/wp\/v2\/users\/482"}],"replies":[{"embeddable":true,"href":"https:\/\/eltrabajo.cl\/portal\/wp-json\/wp\/v2\/comments?post=4780"}],"version-history":[{"count":0,"href":"https:\/\/eltrabajo.cl\/portal\/wp-json\/wp\/v2\/posts\/4780\/revisions"}],"wp:featuredmedia":[{"embeddable":true,"href":"https:\/\/eltrabajo.cl\/portal\/wp-json\/wp\/v2\/media\/4782"}],"wp:attachment":[{"href":"https:\/\/eltrabajo.cl\/portal\/wp-json\/wp\/v2\/media?parent=4780"}],"wp:term":[{"taxonomy":"category","embeddable":true,"href":"https:\/\/eltrabajo.cl\/portal\/wp-json\/wp\/v2\/categories?post=4780"},{"taxonomy":"post_tag","embeddable":true,"href":"https:\/\/eltrabajo.cl\/portal\/wp-json\/wp\/v2\/tags?post=4780"}],"curies":[{"name":"wp","href":"https:\/\/api.w.org\/{rel}","templated":true}]}}