{"id":47808,"date":"2014-06-19T09:17:22","date_gmt":"2014-06-19T13:17:22","guid":{"rendered":"http:\/\/www.eltrabajo.cl\/portal\/?p=47808"},"modified":"2014-06-19T09:17:22","modified_gmt":"2014-06-19T13:17:22","slug":"prodemu-y-municipio-planifican-actividades-y-talleres-para-las-mujeres","status":"publish","type":"post","link":"https:\/\/eltrabajo.cl\/portal\/prodemu-y-municipio-planifican-actividades-y-talleres-para-las-mujeres\/","title":{"rendered":"Prodemu y municipio planifican actividades y talleres para las mujeres"},"content":{"rendered":"<figure id=\"attachment_47809\" aria-describedby=\"caption-attachment-47809\" style=\"width: 317px\" class=\"wp-caption alignleft\"><a href=\"https:\/\/i0.wp.com\/www.eltrabajo.cl\/portal\/wp-content\/uploads\/2014\/06\/Alcalde1.jpg\"><img data-recalc-dims=\"1\" loading=\"lazy\" decoding=\"async\" class=\" wp-image-47809 \" alt=\"En una visita de coordinaci\u00f3n y planificaci\u00f3n, la Directora ejecutiva Prodemu de San Felipe, Mar\u00eda Ang\u00e9lica Gonz\u00e1lez, convers\u00f3  distendidamente con el Alcalde Guillermo Reyes.\" src=\"https:\/\/i0.wp.com\/www.eltrabajo.cl\/portal\/wp-content\/uploads\/2014\/06\/Alcalde1.jpg?resize=317%2C234\" width=\"317\" height=\"234\" srcset=\"https:\/\/i0.wp.com\/eltrabajo.cl\/portal\/wp-content\/uploads\/2014\/06\/Alcalde1.jpg?w=528&amp;ssl=1 528w, https:\/\/i0.wp.com\/eltrabajo.cl\/portal\/wp-content\/uploads\/2014\/06\/Alcalde1.jpg?resize=200%2C147&amp;ssl=1 200w, https:\/\/i0.wp.com\/eltrabajo.cl\/portal\/wp-content\/uploads\/2014\/06\/Alcalde1.jpg?resize=300%2C221&amp;ssl=1 300w, https:\/\/i0.wp.com\/eltrabajo.cl\/portal\/wp-content\/uploads\/2014\/06\/Alcalde1.jpg?resize=150%2C110&amp;ssl=1 150w, https:\/\/i0.wp.com\/eltrabajo.cl\/portal\/wp-content\/uploads\/2014\/06\/Alcalde1.jpg?resize=400%2C295&amp;ssl=1 400w\" sizes=\"auto, (max-width: 317px) 100vw, 317px\" \/><\/a><figcaption id=\"caption-attachment-47809\" class=\"wp-caption-text\">En una visita de coordinaci\u00f3n y planificaci\u00f3n, la Directora ejecutiva Prodemu de San Felipe, Mar\u00eda Ang\u00e9lica Gonz\u00e1lez, convers\u00f3 distendidamente con el Alcalde Guillermo Reyes.<\/figcaption><\/figure>\n<p><strong>PUTAENDO<\/strong>.- En una visita de coordinaci\u00f3n y planificaci\u00f3n, la Directora ejecutiva Prodemu de San Felipe, Mar\u00eda Ang\u00e9lica Gonz\u00e1lez, convers\u00f3 distendidamente con el Alcalde Guillermo Reyes, quien entreg\u00f3 todo su respaldo y compromiso con la fundaci\u00f3n para la promoci\u00f3n y desarrollo de la mujer, con la finalidad de efectuar en conjunto las actividades programadas para este a\u00f1o.<\/p>\n<p>Seg\u00fan expres\u00f3 Gonz\u00e1lez, es muy importante reunirse con los alcaldes de las comunas de la provincia para conocer las necesidades y problem\u00e1ticas de las mujeres, como trabajar mancomunadamente municipios y Prodemu. \u201cAunque este a\u00f1o en Putaendo s\u00f3lo estamos trabajando con un proyecto que es \u2018Mejorando mi negocio\u2019, creemos que es muy importante trabajar con la primera autoridad y sus profesionales la tem\u00e1tica de g\u00e9nero, especialmente en talleres femeninos; mujeres trabajadoras y jefas de hogar; ingreso \u00e9tico familiar\u201d entre otras beneficiarias, manifest\u00f3 la directora ejecutiva.<\/p>\n<p>Por su parte el Alcalde Guillermo Reyes comprometi\u00f3 todo su apoyo a las iniciativas llevadas a cabo por Prodemu en la comuna, expresando que Putaendo est\u00e1 dispuesto en su totalidad para trabajar y colaborar en el desarrollo, emprendimiento y liderazgo de las mujeres putaendinas. \u201cCompartimos lo expuesto por la directora respecto al tema de igualdad de g\u00e9nero, muy importante para las pol\u00edticas que la Presidenta Michelle Bachelet quiere impulsar en el pa\u00eds\u201d, manifest\u00f3 el edil. en Prodemu, adem\u00e1s de apoyar a las mujeres en tem\u00e1ticas de emprendimiento, queremos promover el desarrollo personal, el liderazgo, la participaci\u00f3n activa y su autonom\u00eda f\u00edsica y econ\u00f3mica\u201d, anunci\u00f3 Mar\u00eda Ang\u00e9lica Gonz\u00e1lez, agregando que \u201cya se encuentran trabajando en este tipo de tem\u00e1ticas tal como fue mandatado por la Presidente quien quiere que la mujeres se empoderen de conocimiento, como ciudadanas y personas\u201d, finaliz\u00f3.<\/p>\n","protected":false},"excerpt":{"rendered":"<p>PUTAENDO.- En una visita de coordinaci\u00f3n y planificaci\u00f3n, la Directora ejecutiva Prodemu de San Felipe, Mar\u00eda Ang\u00e9lica Gonz\u00e1lez, convers\u00f3 distendidamente con el Alcalde Guillermo Reyes, quien entreg\u00f3 todo su respaldo y compromiso&#8230;<\/p>\n","protected":false},"author":482,"featured_media":47809,"comment_status":"open","ping_status":"closed","sticky":false,"template":"","format":"standard","meta":{"advanced_seo_description":"","jetpack_seo_html_title":"","jetpack_seo_noindex":false,"_jetpack_memberships_contains_paid_content":false,"footnotes":""},"categories":[15],"tags":[],"class_list":["post-47808","post","type-post","status-publish","format-standard","has-post-thumbnail","hentry","category-comunidad"],"jetpack_featured_media_url":"https:\/\/i0.wp.com\/eltrabajo.cl\/portal\/wp-content\/uploads\/2014\/06\/Alcalde1.jpg?fit=528%2C390&ssl=1","jetpack_sharing_enabled":true,"jetpack_likes_enabled":true,"jetpack-related-posts":[],"_links":{"self":[{"href":"https:\/\/eltrabajo.cl\/portal\/wp-json\/wp\/v2\/posts\/47808","targetHints":{"allow":["GET"]}}],"collection":[{"href":"https:\/\/eltrabajo.cl\/portal\/wp-json\/wp\/v2\/posts"}],"about":[{"href":"https:\/\/eltrabajo.cl\/portal\/wp-json\/wp\/v2\/types\/post"}],"author":[{"embeddable":true,"href":"https:\/\/eltrabajo.cl\/portal\/wp-json\/wp\/v2\/users\/482"}],"replies":[{"embeddable":true,"href":"https:\/\/eltrabajo.cl\/portal\/wp-json\/wp\/v2\/comments?post=47808"}],"version-history":[{"count":0,"href":"https:\/\/eltrabajo.cl\/portal\/wp-json\/wp\/v2\/posts\/47808\/revisions"}],"wp:featuredmedia":[{"embeddable":true,"href":"https:\/\/eltrabajo.cl\/portal\/wp-json\/wp\/v2\/media\/47809"}],"wp:attachment":[{"href":"https:\/\/eltrabajo.cl\/portal\/wp-json\/wp\/v2\/media?parent=47808"}],"wp:term":[{"taxonomy":"category","embeddable":true,"href":"https:\/\/eltrabajo.cl\/portal\/wp-json\/wp\/v2\/categories?post=47808"},{"taxonomy":"post_tag","embeddable":true,"href":"https:\/\/eltrabajo.cl\/portal\/wp-json\/wp\/v2\/tags?post=47808"}],"curies":[{"name":"wp","href":"https:\/\/api.w.org\/{rel}","templated":true}]}}