{"id":47813,"date":"2014-06-19T09:21:49","date_gmt":"2014-06-19T13:21:49","guid":{"rendered":"http:\/\/www.eltrabajo.cl\/portal\/?p=47813"},"modified":"2014-06-19T09:21:49","modified_gmt":"2014-06-19T13:21:49","slug":"peregrinacion-de-bailes-chinos-subira-a-sitio-ceremonial-precolombino","status":"publish","type":"post","link":"https:\/\/eltrabajo.cl\/portal\/peregrinacion-de-bailes-chinos-subira-a-sitio-ceremonial-precolombino\/","title":{"rendered":"Peregrinaci\u00f3n de bailes chinos subir\u00e1 a sitio ceremonial precolombino"},"content":{"rendered":"<figure id=\"attachment_47814\" aria-describedby=\"caption-attachment-47814\" style=\"width: 529px\" class=\"wp-caption alignnone\"><a href=\"https:\/\/i0.wp.com\/www.eltrabajo.cl\/portal\/wp-content\/uploads\/2014\/06\/Chinos1.jpg\"><img data-recalc-dims=\"1\" loading=\"lazy\" decoding=\"async\" class=\"size-full wp-image-47814\" alt=\"VIVA EL FOLCLORE.- El sitio escogido para dicha rogativa es el Complejo Arquitect\u00f3nico Cerro Mercacha, espacio sagrado que adem\u00e1s fue utilizado para la observaci\u00f3n astron\u00f3mica.\" src=\"https:\/\/i0.wp.com\/www.eltrabajo.cl\/portal\/wp-content\/uploads\/2014\/06\/Chinos1.jpg?resize=529%2C357\" width=\"529\" height=\"357\" srcset=\"https:\/\/i0.wp.com\/eltrabajo.cl\/portal\/wp-content\/uploads\/2014\/06\/Chinos1.jpg?w=529&amp;ssl=1 529w, https:\/\/i0.wp.com\/eltrabajo.cl\/portal\/wp-content\/uploads\/2014\/06\/Chinos1.jpg?resize=200%2C134&amp;ssl=1 200w, https:\/\/i0.wp.com\/eltrabajo.cl\/portal\/wp-content\/uploads\/2014\/06\/Chinos1.jpg?resize=300%2C202&amp;ssl=1 300w, https:\/\/i0.wp.com\/eltrabajo.cl\/portal\/wp-content\/uploads\/2014\/06\/Chinos1.jpg?resize=150%2C101&amp;ssl=1 150w, https:\/\/i0.wp.com\/eltrabajo.cl\/portal\/wp-content\/uploads\/2014\/06\/Chinos1.jpg?resize=400%2C269&amp;ssl=1 400w\" sizes=\"auto, (max-width: 529px) 100vw, 529px\" \/><\/a><figcaption id=\"caption-attachment-47814\" class=\"wp-caption-text\">VIVA EL FOLCLORE.- El sitio escogido para dicha rogativa es el Complejo Arquitect\u00f3nico Cerro Mercacha, espacio sagrado que adem\u00e1s fue utilizado para la observaci\u00f3n astron\u00f3mica.<\/figcaption><\/figure>\n<p><strong>LOS ANDES.<\/strong>&#8211; Este 21 de junio, las delegaciones de algunas cofrad\u00edas de baile chino del valle grande, ascender\u00e1n hasta la cima del Cerro Mercacha para celebrar la tradicional fiesta ancestral del solsticio. Lo har\u00e1n como parte del proyecto de peregrinaci\u00f3n por los sitios ceremoniales m\u00e1s emblem\u00e1ticos de Aconcagua.<\/p>\n<p>El sitio escogido para dicha rogativa es el Complejo Arquitect\u00f3nico Cerro Mercacha, espacio sagrado que adem\u00e1s fue utilizado para la observaci\u00f3n astron\u00f3mica, por los antiguos habitantes del Valle del Aconcagua y que hace ya cinco a\u00f1os es sitio de esta festividad. Celebrar\u00e1n el We\u00f1oytripantu o tambi\u00e9n llamado Inti Raymi, por el mundo andino.<\/p>\n<p>Esta es la tercera de las jornadas contempladas en el proyecto. Antes visitaron ritualmente los sitios de El Patagual en Pocuro, Comuna de Calle Larga y luego Cerro La Cruz de Catemu. En esta \u00faltima se hizo entrega de finas flautas de Baile Chino a cada una de las cofrad\u00edas del Aconcagua. La peregrinaci\u00f3n busca adem\u00e1s crear un puente con los j\u00f3venes aconcag\u00fcinos, realizando un Taller de Iniciaci\u00f3n con estudiantes del Liceo Maximiliano Salas de Los Andes y Manuel Mar\u00edn Frittis de Putaendo.<\/p>\n<p>El Proyecto Peregrinaci\u00f3n por la revalorizaci\u00f3n de la ra\u00edz precolombina de los bailes chinos del Alto Aconcagua, fue adjudicado por la Cofrad\u00eda Adoratorio Cerro Mercacha de la Escuela El Sauce de Los Andes, y financiado por el Fondo Nacional de Desarrollo Cultural y las Artes, Fondart Regional en su convocatoria 2014.<\/p>\n<p>Las pr\u00f3ximas jornadas de la Peregrinaci\u00f3n son el 9 de agosto en Putaendo; el 6 de septiembre en Santa Mar\u00eda y el 4 de octubre en Cerro Paidahu\u00e9n en la comuna de San Esteban. Inscripciones e informaci\u00f3n en<\/p>\n<p>http:\/\/bailechinoaconcagua.blogspot.com<\/p>\n<p>&nbsp;<\/p>\n","protected":false},"excerpt":{"rendered":"<p>LOS ANDES.&#8211; Este 21 de junio, las delegaciones de algunas cofrad\u00edas de baile chino del valle grande, ascender\u00e1n hasta la cima del Cerro Mercacha para celebrar la tradicional fiesta ancestral del solsticio&#8230;.<\/p>\n","protected":false},"author":482,"featured_media":47814,"comment_status":"open","ping_status":"closed","sticky":false,"template":"","format":"standard","meta":{"advanced_seo_description":"","jetpack_seo_html_title":"","jetpack_seo_noindex":false,"_jetpack_memberships_contains_paid_content":false,"footnotes":""},"categories":[15],"tags":[],"class_list":["post-47813","post","type-post","status-publish","format-standard","has-post-thumbnail","hentry","category-comunidad"],"jetpack_featured_media_url":"https:\/\/i0.wp.com\/eltrabajo.cl\/portal\/wp-content\/uploads\/2014\/06\/Chinos1.jpg?fit=529%2C357&ssl=1","jetpack_sharing_enabled":true,"jetpack_likes_enabled":true,"jetpack-related-posts":[],"_links":{"self":[{"href":"https:\/\/eltrabajo.cl\/portal\/wp-json\/wp\/v2\/posts\/47813","targetHints":{"allow":["GET"]}}],"collection":[{"href":"https:\/\/eltrabajo.cl\/portal\/wp-json\/wp\/v2\/posts"}],"about":[{"href":"https:\/\/eltrabajo.cl\/portal\/wp-json\/wp\/v2\/types\/post"}],"author":[{"embeddable":true,"href":"https:\/\/eltrabajo.cl\/portal\/wp-json\/wp\/v2\/users\/482"}],"replies":[{"embeddable":true,"href":"https:\/\/eltrabajo.cl\/portal\/wp-json\/wp\/v2\/comments?post=47813"}],"version-history":[{"count":0,"href":"https:\/\/eltrabajo.cl\/portal\/wp-json\/wp\/v2\/posts\/47813\/revisions"}],"wp:featuredmedia":[{"embeddable":true,"href":"https:\/\/eltrabajo.cl\/portal\/wp-json\/wp\/v2\/media\/47814"}],"wp:attachment":[{"href":"https:\/\/eltrabajo.cl\/portal\/wp-json\/wp\/v2\/media?parent=47813"}],"wp:term":[{"taxonomy":"category","embeddable":true,"href":"https:\/\/eltrabajo.cl\/portal\/wp-json\/wp\/v2\/categories?post=47813"},{"taxonomy":"post_tag","embeddable":true,"href":"https:\/\/eltrabajo.cl\/portal\/wp-json\/wp\/v2\/tags?post=47813"}],"curies":[{"name":"wp","href":"https:\/\/api.w.org\/{rel}","templated":true}]}}