{"id":47855,"date":"2014-06-19T09:47:51","date_gmt":"2014-06-19T13:47:51","guid":{"rendered":"http:\/\/www.eltrabajo.cl\/portal\/?p=47855"},"modified":"2014-06-19T09:47:51","modified_gmt":"2014-06-19T13:47:51","slug":"auditores-de-la-fm10-confiaban-ciegamente-en-el-triunfo-de-la-roja-de-todos","status":"publish","type":"post","link":"https:\/\/eltrabajo.cl\/portal\/auditores-de-la-fm10-confiaban-ciegamente-en-el-triunfo-de-la-roja-de-todos\/","title":{"rendered":"Auditores de la FM10 confiaban ciegamente en el triunfo de la Roja de todos"},"content":{"rendered":"<figure id=\"attachment_47856\" aria-describedby=\"caption-attachment-47856\" style=\"width: 528px\" class=\"wp-caption alignnone\"><a href=\"https:\/\/i0.wp.com\/www.eltrabajo.cl\/portal\/wp-content\/uploads\/2014\/06\/chicas-alcaldia.jpg\"><img data-recalc-dims=\"1\" loading=\"lazy\" decoding=\"async\" class=\"size-full wp-image-47856\" alt=\"En la Alcald\u00eda todo era alegr\u00eda y confianza en el triunfo de Chile.\" src=\"https:\/\/i0.wp.com\/www.eltrabajo.cl\/portal\/wp-content\/uploads\/2014\/06\/chicas-alcaldia.jpg?resize=528%2C401\" width=\"528\" height=\"401\" srcset=\"https:\/\/i0.wp.com\/eltrabajo.cl\/portal\/wp-content\/uploads\/2014\/06\/chicas-alcaldia.jpg?w=528&amp;ssl=1 528w, https:\/\/i0.wp.com\/eltrabajo.cl\/portal\/wp-content\/uploads\/2014\/06\/chicas-alcaldia.jpg?resize=197%2C150&amp;ssl=1 197w, https:\/\/i0.wp.com\/eltrabajo.cl\/portal\/wp-content\/uploads\/2014\/06\/chicas-alcaldia.jpg?resize=300%2C227&amp;ssl=1 300w, https:\/\/i0.wp.com\/eltrabajo.cl\/portal\/wp-content\/uploads\/2014\/06\/chicas-alcaldia.jpg?resize=150%2C113&amp;ssl=1 150w, https:\/\/i0.wp.com\/eltrabajo.cl\/portal\/wp-content\/uploads\/2014\/06\/chicas-alcaldia.jpg?resize=400%2C303&amp;ssl=1 400w\" sizes=\"auto, (max-width: 528px) 100vw, 528px\" \/><\/a><figcaption id=\"caption-attachment-47856\" class=\"wp-caption-text\">En la Alcald\u00eda todo era alegr\u00eda y confianza en el triunfo de Chile.<\/figcaption><\/figure>\n<p>Desde muy temprano los sanfelipe\u00f1os se mostraron embebidos del ambiente mundialero que se ha apoderado del Planeta F\u00fatbol y por sobre todo de los hinchas chilenos que ayer daban por seguro el triunfo de nuestra Selecci\u00f3n Chilena.<\/p>\n<p>As\u00ed lo pudo corroborar el matinal \u2018Conectados a la 10\u2019 con su nuevo espacio \u2018La Calle Opina\u2019, donde cada una de las personas con las cuales se convers\u00f3, dieron por hecho el triunfo de \u2018La Roja\u2019 en el encuentro con la otrora \u2018Madre Patria\u2019, donde la gran mayor\u00eda apost\u00f3 por un 2 a 1 a favor de nuestra selecci\u00f3n.<\/p>\n<p>En su recorrido por el centro de San Felipe, y pese a que a\u00fan faltaban horas para el partido, nuestra reportera Alejandra Madrid pudo encontrar un ambiente cargado de positivismo y ansiedad, pero sobre todo de confianza en nuestros gladiadores que estuvieron a la altura de las circunstancias y lograron el merecido triunfo y su paso a segunda ronda.<\/p>\n<div class=\"tiled-gallery type-rectangular tiled-gallery-unresized\" data-original-width=\"640\" data-carousel-extra='null' itemscope itemtype=\"http:\/\/schema.org\/ImageGallery\" > <div class=\"gallery-row\" style=\"width: 640px; height: 244px;\" data-original-width=\"640\" data-original-height=\"244\" > <div class=\"gallery-group images-1\" style=\"width: 320px; height: 244px;\" data-original-width=\"320\" data-original-height=\"244\" > <div class=\"tiled-gallery-item tiled-gallery-item-large\" itemprop=\"associatedMedia\" itemscope itemtype=\"http:\/\/schema.org\/ImageObject\"> <a href=\"https:\/\/eltrabajo.cl\/portal\/auditores-de-la-fm10-confiaban-ciegamente-en-el-triunfo-de-la-roja-de-todos\/alejandra-madrid\/\" border=\"0\" itemprop=\"url\"> <meta itemprop=\"width\" content=\"316\"> <meta itemprop=\"height\" content=\"240\"> <img decoding=\"async\" class=\"\" data-attachment-id=\"47857\" data-orig-file=\"https:\/\/eltrabajo.cl\/portal\/wp-content\/uploads\/2014\/06\/alejandra-madrid.jpg\" data-orig-size=\"528,401\" data-comments-opened=\"1\" data-image-meta=\"{&quot;aperture&quot;:&quot;2.8&quot;,&quot;credit&quot;:&quot;&quot;,&quot;camera&quot;:&quot;COOLPIX P90&quot;,&quot;caption&quot;:&quot;&quot;,&quot;created_timestamp&quot;:&quot;1403094618&quot;,&quot;copyright&quot;:&quot;&quot;,&quot;focal_length&quot;:&quot;4.6&quot;,&quot;iso&quot;:&quot;107&quot;,&quot;shutter_speed&quot;:&quot;0.016750418760469&quot;,&quot;title&quot;:&quot;&quot;}\" data-image-title=\"alejandra madrid\" data-image-description=\"&lt;p&gt;Nuestra reportera Alejandra Madrid junto a algunos de sus entrevistados en el segmento \u2018La Calle Opina\u2019 del matinal \u2018Conectados a la 10\u2019 de la 95.1 FM 10. &lt;\/p&gt; \" data-medium-file=\"https:\/\/i0.wp.com\/eltrabajo.cl\/portal\/wp-content\/uploads\/2014\/06\/alejandra-madrid.jpg?fit=300%2C227&#038;ssl=1\" data-large-file=\"https:\/\/i0.wp.com\/eltrabajo.cl\/portal\/wp-content\/uploads\/2014\/06\/alejandra-madrid.jpg?fit=528%2C401&#038;ssl=1\" src=\"https:\/\/i0.wp.com\/eltrabajo.cl\/portal\/wp-content\/uploads\/2014\/06\/alejandra-madrid.jpg?w=316&#038;h=240&#038;ssl=1\" srcset=\"https:\/\/i0.wp.com\/eltrabajo.cl\/portal\/wp-content\/uploads\/2014\/06\/alejandra-madrid.jpg?w=528&amp;ssl=1 528w, https:\/\/i0.wp.com\/eltrabajo.cl\/portal\/wp-content\/uploads\/2014\/06\/alejandra-madrid.jpg?resize=197%2C150&amp;ssl=1 197w, https:\/\/i0.wp.com\/eltrabajo.cl\/portal\/wp-content\/uploads\/2014\/06\/alejandra-madrid.jpg?resize=300%2C227&amp;ssl=1 300w, https:\/\/i0.wp.com\/eltrabajo.cl\/portal\/wp-content\/uploads\/2014\/06\/alejandra-madrid.jpg?resize=150%2C113&amp;ssl=1 150w, https:\/\/i0.wp.com\/eltrabajo.cl\/portal\/wp-content\/uploads\/2014\/06\/alejandra-madrid.jpg?resize=400%2C303&amp;ssl=1 400w\" width=\"316\" height=\"240\" loading=\"lazy\" data-original-width=\"316\" data-original-height=\"240\" itemprop=\"http:\/\/schema.org\/image\" title=\"alejandra madrid\" alt=\"Nuestra reportera Alejandra Madrid junto a algunos de sus entrevistados en el segmento \u2018La Calle Opina\u2019 del matinal \u2018Conectados a la 10\u2019 de la 95.1 FM 10.\" style=\"width: 316px; height: 240px;\" \/> <\/a> <div class=\"tiled-gallery-caption\" itemprop=\"caption description\"> Nuestra reportera Alejandra Madrid junto a algunos de sus entrevistados en el segmento \u2018La Calle Opina\u2019 del matinal \u2018Conectados a la 10\u2019 de la 95.1 FM 10. <\/div> <\/div> <\/div> <!-- close group --> <div class=\"gallery-group images-1\" style=\"width: 320px; height: 244px;\" data-original-width=\"320\" data-original-height=\"244\" > <div class=\"tiled-gallery-item tiled-gallery-item-large\" itemprop=\"associatedMedia\" itemscope itemtype=\"http:\/\/schema.org\/ImageObject\"> <a href=\"https:\/\/eltrabajo.cl\/portal\/auditores-de-la-fm10-confiaban-ciegamente-en-el-triunfo-de-la-roja-de-todos\/en-la-cafeteria-raconto-se-respiraba-el-aire-mundialero\/\" border=\"0\" itemprop=\"url\"> <meta itemprop=\"width\" content=\"316\"> <meta itemprop=\"height\" content=\"240\"> <img decoding=\"async\" class=\"\" data-attachment-id=\"47858\" data-orig-file=\"https:\/\/eltrabajo.cl\/portal\/wp-content\/uploads\/2014\/06\/en-la-cafeteria-raconto-se-respiraba-el-aire-mundialero.jpg\" data-orig-size=\"528,401\" data-comments-opened=\"1\" data-image-meta=\"{&quot;aperture&quot;:&quot;3.1&quot;,&quot;credit&quot;:&quot;&quot;,&quot;camera&quot;:&quot;DSC-H200&quot;,&quot;caption&quot;:&quot;&quot;,&quot;created_timestamp&quot;:&quot;1403106275&quot;,&quot;copyright&quot;:&quot;Copyright 2009&quot;,&quot;focal_length&quot;:&quot;4&quot;,&quot;iso&quot;:&quot;200&quot;,&quot;shutter_speed&quot;:&quot;0.033333333333333&quot;,&quot;title&quot;:&quot;&quot;}\" data-image-title=\"en la cafeteria raconto se respiraba el aire mundialero\" data-image-description=\"&lt;p&gt;En la cafeter\u00eda Raconto se respiraba el aire mundialero.&lt;\/p&gt; \" data-medium-file=\"https:\/\/i0.wp.com\/eltrabajo.cl\/portal\/wp-content\/uploads\/2014\/06\/en-la-cafeteria-raconto-se-respiraba-el-aire-mundialero.jpg?fit=300%2C227&#038;ssl=1\" data-large-file=\"https:\/\/i0.wp.com\/eltrabajo.cl\/portal\/wp-content\/uploads\/2014\/06\/en-la-cafeteria-raconto-se-respiraba-el-aire-mundialero.jpg?fit=528%2C401&#038;ssl=1\" src=\"https:\/\/i0.wp.com\/eltrabajo.cl\/portal\/wp-content\/uploads\/2014\/06\/en-la-cafeteria-raconto-se-respiraba-el-aire-mundialero.jpg?w=316&#038;h=240&#038;ssl=1\" srcset=\"https:\/\/i0.wp.com\/eltrabajo.cl\/portal\/wp-content\/uploads\/2014\/06\/en-la-cafeteria-raconto-se-respiraba-el-aire-mundialero.jpg?w=528&amp;ssl=1 528w, https:\/\/i0.wp.com\/eltrabajo.cl\/portal\/wp-content\/uploads\/2014\/06\/en-la-cafeteria-raconto-se-respiraba-el-aire-mundialero.jpg?resize=197%2C150&amp;ssl=1 197w, https:\/\/i0.wp.com\/eltrabajo.cl\/portal\/wp-content\/uploads\/2014\/06\/en-la-cafeteria-raconto-se-respiraba-el-aire-mundialero.jpg?resize=300%2C227&amp;ssl=1 300w, https:\/\/i0.wp.com\/eltrabajo.cl\/portal\/wp-content\/uploads\/2014\/06\/en-la-cafeteria-raconto-se-respiraba-el-aire-mundialero.jpg?resize=150%2C113&amp;ssl=1 150w, https:\/\/i0.wp.com\/eltrabajo.cl\/portal\/wp-content\/uploads\/2014\/06\/en-la-cafeteria-raconto-se-respiraba-el-aire-mundialero.jpg?resize=400%2C303&amp;ssl=1 400w\" width=\"316\" height=\"240\" loading=\"lazy\" data-original-width=\"316\" data-original-height=\"240\" itemprop=\"http:\/\/schema.org\/image\" title=\"en la cafeteria raconto se respiraba el aire mundialero\" alt=\"En la cafeter\u00eda Raconto se respiraba el aire mundialero.\" style=\"width: 316px; height: 240px;\" \/> <\/a> <div class=\"tiled-gallery-caption\" itemprop=\"caption description\"> En la cafeter\u00eda Raconto se respiraba el aire mundialero. <\/div> <\/div> <\/div> <!-- close group --> <\/div> <!-- close row --> <\/div>\n<p>&nbsp;<\/p>\n","protected":false},"excerpt":{"rendered":"<p>Desde muy temprano los sanfelipe\u00f1os se mostraron embebidos del ambiente mundialero que se ha apoderado del Planeta F\u00fatbol y por sobre todo de los hinchas chilenos que ayer daban por seguro el&#8230;<\/p>\n","protected":false},"author":482,"featured_media":47856,"comment_status":"open","ping_status":"closed","sticky":false,"template":"","format":"standard","meta":{"advanced_seo_description":"","jetpack_seo_html_title":"","jetpack_seo_noindex":false,"_jetpack_memberships_contains_paid_content":false,"footnotes":""},"categories":[15],"tags":[],"class_list":["post-47855","post","type-post","status-publish","format-standard","has-post-thumbnail","hentry","category-comunidad"],"jetpack_featured_media_url":"https:\/\/i0.wp.com\/eltrabajo.cl\/portal\/wp-content\/uploads\/2014\/06\/chicas-alcaldia.jpg?fit=528%2C401&ssl=1","jetpack_sharing_enabled":true,"jetpack_likes_enabled":true,"jetpack-related-posts":[],"_links":{"self":[{"href":"https:\/\/eltrabajo.cl\/portal\/wp-json\/wp\/v2\/posts\/47855","targetHints":{"allow":["GET"]}}],"collection":[{"href":"https:\/\/eltrabajo.cl\/portal\/wp-json\/wp\/v2\/posts"}],"about":[{"href":"https:\/\/eltrabajo.cl\/portal\/wp-json\/wp\/v2\/types\/post"}],"author":[{"embeddable":true,"href":"https:\/\/eltrabajo.cl\/portal\/wp-json\/wp\/v2\/users\/482"}],"replies":[{"embeddable":true,"href":"https:\/\/eltrabajo.cl\/portal\/wp-json\/wp\/v2\/comments?post=47855"}],"version-history":[{"count":0,"href":"https:\/\/eltrabajo.cl\/portal\/wp-json\/wp\/v2\/posts\/47855\/revisions"}],"wp:featuredmedia":[{"embeddable":true,"href":"https:\/\/eltrabajo.cl\/portal\/wp-json\/wp\/v2\/media\/47856"}],"wp:attachment":[{"href":"https:\/\/eltrabajo.cl\/portal\/wp-json\/wp\/v2\/media?parent=47855"}],"wp:term":[{"taxonomy":"category","embeddable":true,"href":"https:\/\/eltrabajo.cl\/portal\/wp-json\/wp\/v2\/categories?post=47855"},{"taxonomy":"post_tag","embeddable":true,"href":"https:\/\/eltrabajo.cl\/portal\/wp-json\/wp\/v2\/tags?post=47855"}],"curies":[{"name":"wp","href":"https:\/\/api.w.org\/{rel}","templated":true}]}}