{"id":47861,"date":"2014-06-19T10:01:27","date_gmt":"2014-06-19T14:01:27","guid":{"rendered":"http:\/\/www.eltrabajo.cl\/portal\/?p=47861"},"modified":"2014-06-19T10:01:27","modified_gmt":"2014-06-19T14:01:27","slug":"locura-de-la-clasificacion-a-octavos-de-final-tambien-se-vive-en-san-felipe","status":"publish","type":"post","link":"https:\/\/eltrabajo.cl\/portal\/locura-de-la-clasificacion-a-octavos-de-final-tambien-se-vive-en-san-felipe\/","title":{"rendered":"Locura de la clasificaci\u00f3n a Octavos de Final tambi\u00e9n se vive en San Felipe"},"content":{"rendered":"<figure id=\"attachment_47862\" aria-describedby=\"caption-attachment-47862\" style=\"width: 528px\" class=\"wp-caption alignnone\"><a href=\"https:\/\/i0.wp.com\/www.eltrabajo.cl\/portal\/wp-content\/uploads\/2014\/06\/Locura1.jpg\"><img data-recalc-dims=\"1\" loading=\"lazy\" decoding=\"async\" class=\"size-full wp-image-47862\" alt=\"Locura de la clasificaci\u00f3n a Octavos de Final tambi\u00e9n se vive en San Felipe\" src=\"https:\/\/i0.wp.com\/www.eltrabajo.cl\/portal\/wp-content\/uploads\/2014\/06\/Locura1.jpg?resize=528%2C328\" width=\"528\" height=\"328\" srcset=\"https:\/\/i0.wp.com\/eltrabajo.cl\/portal\/wp-content\/uploads\/2014\/06\/Locura1.jpg?w=528&amp;ssl=1 528w, https:\/\/i0.wp.com\/eltrabajo.cl\/portal\/wp-content\/uploads\/2014\/06\/Locura1.jpg?resize=200%2C124&amp;ssl=1 200w, https:\/\/i0.wp.com\/eltrabajo.cl\/portal\/wp-content\/uploads\/2014\/06\/Locura1.jpg?resize=300%2C186&amp;ssl=1 300w, https:\/\/i0.wp.com\/eltrabajo.cl\/portal\/wp-content\/uploads\/2014\/06\/Locura1.jpg?resize=150%2C93&amp;ssl=1 150w, https:\/\/i0.wp.com\/eltrabajo.cl\/portal\/wp-content\/uploads\/2014\/06\/Locura1.jpg?resize=400%2C248&amp;ssl=1 400w\" sizes=\"auto, (max-width: 528px) 100vw, 528px\" \/><\/a><figcaption id=\"caption-attachment-47862\" class=\"wp-caption-text\">Locura de la clasificaci\u00f3n a Octavos de Final tambi\u00e9n se vive en San Felipe<\/figcaption><\/figure>\n<p>Saboreando la dulce venganza de los dos golazos con los que nuestra Selecci\u00f3n Nacional de F\u00fatbol env\u00eda a los espa\u00f1oles a casita, as\u00ed colapsaron todas las ciudades del pa\u00eds y sin que fuera la excepci\u00f3n tambi\u00e9n San Felipe, luego que terminara el partido entre Chile contra Espa\u00f1a.<\/p>\n<p>Las c\u00e1maras de Diario El Trabajo registraron la ola humana que en bicicletas, autos, camiones, autobuses, taxis y caminando, acudieron como locos a nuestras plazas C\u00edvica y De Armas. Desde la terraza del municipio; desde los balcones de cada local que los tiene y tambi\u00e9n desde el pi\u00e9 de la pantalla gigante en nuestra ciudad, nos dimos permiso para gritar y expresar con frenes\u00ed de sabernos ya entre los grandes del mundo del f\u00fatbol.<\/p>\n<p>Roberto Gonz\u00e1lez Short<\/p>\n<p>rgonzalez@eltrabajo.cl<\/p>\n<div class=\"tiled-gallery type-rectangular tiled-gallery-unresized\" data-original-width=\"640\" data-carousel-extra='null' itemscope itemtype=\"http:\/\/schema.org\/ImageGallery\" > <div class=\"gallery-row\" style=\"width: 640px; height: 280px;\" data-original-width=\"640\" data-original-height=\"280\" > <div class=\"gallery-group images-1\" style=\"width: 435px; height: 280px;\" data-original-width=\"435\" data-original-height=\"280\" > <div class=\"tiled-gallery-item tiled-gallery-item-large\" itemprop=\"associatedMedia\" itemscope itemtype=\"http:\/\/schema.org\/ImageObject\"> <a href=\"https:\/\/eltrabajo.cl\/portal\/locura-de-la-clasificacion-a-octavos-de-final-tambien-se-vive-en-san-felipe\/locura2\/\" border=\"0\" itemprop=\"url\"> <meta itemprop=\"width\" content=\"431\"> <meta itemprop=\"height\" content=\"276\"> <img decoding=\"async\" class=\"\" data-attachment-id=\"47864\" data-orig-file=\"https:\/\/eltrabajo.cl\/portal\/wp-content\/uploads\/2014\/06\/Locura2.jpg\" data-orig-size=\"529,339\" data-comments-opened=\"1\" data-image-meta=\"{&quot;aperture&quot;:&quot;5.6&quot;,&quot;credit&quot;:&quot;&quot;,&quot;camera&quot;:&quot;Canon EOS REBEL T1i&quot;,&quot;caption&quot;:&quot;&quot;,&quot;created_timestamp&quot;:&quot;1403116504&quot;,&quot;copyright&quot;:&quot;&quot;,&quot;focal_length&quot;:&quot;18&quot;,&quot;iso&quot;:&quot;400&quot;,&quot;shutter_speed&quot;:&quot;0.01&quot;,&quot;title&quot;:&quot;&quot;}\" data-image-title=\"Locura2\" data-image-description=\"&lt;p&gt;FUERZA CHILE.- La fuerza de la juventud se hizo escuchar alegremente en nuestra Plaza C\u00edvica, para vitorear a La Roja de todos tras la locura desatada en este Mundial de f\u00fatbol.&lt;\/p&gt; \" data-medium-file=\"https:\/\/i0.wp.com\/eltrabajo.cl\/portal\/wp-content\/uploads\/2014\/06\/Locura2.jpg?fit=300%2C192&#038;ssl=1\" data-large-file=\"https:\/\/i0.wp.com\/eltrabajo.cl\/portal\/wp-content\/uploads\/2014\/06\/Locura2.jpg?fit=529%2C339&#038;ssl=1\" src=\"https:\/\/i0.wp.com\/eltrabajo.cl\/portal\/wp-content\/uploads\/2014\/06\/Locura2.jpg?w=431&#038;h=276&#038;ssl=1\" srcset=\"https:\/\/i0.wp.com\/eltrabajo.cl\/portal\/wp-content\/uploads\/2014\/06\/Locura2.jpg?w=529&amp;ssl=1 529w, https:\/\/i0.wp.com\/eltrabajo.cl\/portal\/wp-content\/uploads\/2014\/06\/Locura2.jpg?resize=200%2C128&amp;ssl=1 200w, https:\/\/i0.wp.com\/eltrabajo.cl\/portal\/wp-content\/uploads\/2014\/06\/Locura2.jpg?resize=300%2C192&amp;ssl=1 300w, https:\/\/i0.wp.com\/eltrabajo.cl\/portal\/wp-content\/uploads\/2014\/06\/Locura2.jpg?resize=150%2C96&amp;ssl=1 150w, https:\/\/i0.wp.com\/eltrabajo.cl\/portal\/wp-content\/uploads\/2014\/06\/Locura2.jpg?resize=400%2C256&amp;ssl=1 400w\" width=\"431\" height=\"276\" loading=\"lazy\" data-original-width=\"431\" data-original-height=\"276\" itemprop=\"http:\/\/schema.org\/image\" title=\"Locura2\" alt=\"FUERZA CHILE.- La fuerza de la juventud se hizo escuchar alegremente en nuestra Plaza C\u00edvica, para vitorear a La Roja de todos tras la locura desatada en este Mundial de f\u00fatbol.\" style=\"width: 431px; height: 276px;\" \/> <\/a> <div class=\"tiled-gallery-caption\" itemprop=\"caption description\"> FUERZA CHILE.- La fuerza de la juventud se hizo escuchar alegremente en nuestra Plaza C\u00edvica, para vitorear a La Roja de todos tras la locura desatada en este Mundial de f\u00fatbol. <\/div> <\/div> <\/div> <!-- close group --> <div class=\"gallery-group images-2\" style=\"width: 205px; height: 280px;\" data-original-width=\"205\" data-original-height=\"280\" > <div class=\"tiled-gallery-item tiled-gallery-item-small\" itemprop=\"associatedMedia\" itemscope itemtype=\"http:\/\/schema.org\/ImageObject\"> <a href=\"https:\/\/eltrabajo.cl\/portal\/locura-de-la-clasificacion-a-octavos-de-final-tambien-se-vive-en-san-felipe\/locura3\/\" border=\"0\" itemprop=\"url\"> <meta itemprop=\"width\" content=\"201\"> <meta itemprop=\"height\" content=\"136\"> <img decoding=\"async\" class=\"\" data-attachment-id=\"47865\" data-orig-file=\"https:\/\/eltrabajo.cl\/portal\/wp-content\/uploads\/2014\/06\/Locura3.jpg\" data-orig-size=\"529,358\" data-comments-opened=\"1\" data-image-meta=\"{&quot;aperture&quot;:&quot;4&quot;,&quot;credit&quot;:&quot;&quot;,&quot;camera&quot;:&quot;Canon EOS REBEL T1i&quot;,&quot;caption&quot;:&quot;&quot;,&quot;created_timestamp&quot;:&quot;1403116535&quot;,&quot;copyright&quot;:&quot;&quot;,&quot;focal_length&quot;:&quot;18&quot;,&quot;iso&quot;:&quot;400&quot;,&quot;shutter_speed&quot;:&quot;0.016666666666667&quot;,&quot;title&quot;:&quot;&quot;}\" data-image-title=\"Locura3\" data-image-description=\"&lt;p&gt;BELLAS SANFELIPE\u00d1AS.- Las chicas sanfelipe\u00f1as no fueron t\u00edmidas, ellas gritaron y saltaron a m\u00e1s no poder su alegr\u00eda por sus \u00eddolos del deporte, nuestra Roja Mundialista.&lt;\/p&gt; \" data-medium-file=\"https:\/\/i0.wp.com\/eltrabajo.cl\/portal\/wp-content\/uploads\/2014\/06\/Locura3.jpg?fit=300%2C203&#038;ssl=1\" data-large-file=\"https:\/\/i0.wp.com\/eltrabajo.cl\/portal\/wp-content\/uploads\/2014\/06\/Locura3.jpg?fit=529%2C358&#038;ssl=1\" src=\"https:\/\/i0.wp.com\/eltrabajo.cl\/portal\/wp-content\/uploads\/2014\/06\/Locura3.jpg?w=201&#038;h=136&#038;ssl=1\" srcset=\"https:\/\/i0.wp.com\/eltrabajo.cl\/portal\/wp-content\/uploads\/2014\/06\/Locura3.jpg?w=529&amp;ssl=1 529w, https:\/\/i0.wp.com\/eltrabajo.cl\/portal\/wp-content\/uploads\/2014\/06\/Locura3.jpg?resize=200%2C135&amp;ssl=1 200w, https:\/\/i0.wp.com\/eltrabajo.cl\/portal\/wp-content\/uploads\/2014\/06\/Locura3.jpg?resize=300%2C203&amp;ssl=1 300w, https:\/\/i0.wp.com\/eltrabajo.cl\/portal\/wp-content\/uploads\/2014\/06\/Locura3.jpg?resize=150%2C101&amp;ssl=1 150w, https:\/\/i0.wp.com\/eltrabajo.cl\/portal\/wp-content\/uploads\/2014\/06\/Locura3.jpg?resize=400%2C270&amp;ssl=1 400w\" width=\"201\" height=\"136\" loading=\"lazy\" data-original-width=\"201\" data-original-height=\"136\" itemprop=\"http:\/\/schema.org\/image\" title=\"Locura3\" alt=\"BELLAS SANFELIPE\u00d1AS.- Las chicas sanfelipe\u00f1as no fueron t\u00edmidas, ellas gritaron y saltaron a m\u00e1s no poder su alegr\u00eda por sus \u00eddolos del deporte, nuestra Roja Mundialista.\" style=\"width: 201px; height: 136px;\" \/> <\/a> <div class=\"tiled-gallery-caption\" itemprop=\"caption description\"> BELLAS SANFELIPE\u00d1AS.- Las chicas sanfelipe\u00f1as no fueron t\u00edmidas, ellas gritaron y saltaron a m\u00e1s no poder su alegr\u00eda por sus \u00eddolos del deporte, nuestra Roja Mundialista. <\/div> <\/div> <div class=\"tiled-gallery-item tiled-gallery-item-small\" itemprop=\"associatedMedia\" itemscope itemtype=\"http:\/\/schema.org\/ImageObject\"> <a href=\"https:\/\/eltrabajo.cl\/portal\/locura-de-la-clasificacion-a-octavos-de-final-tambien-se-vive-en-san-felipe\/locura4\/\" border=\"0\" itemprop=\"url\"> <meta itemprop=\"width\" content=\"201\"> <meta itemprop=\"height\" content=\"136\"> <img decoding=\"async\" class=\"\" data-attachment-id=\"47866\" data-orig-file=\"https:\/\/eltrabajo.cl\/portal\/wp-content\/uploads\/2014\/06\/Locura4.jpg\" data-orig-size=\"529,358\" data-comments-opened=\"1\" data-image-meta=\"{&quot;aperture&quot;:&quot;5.6&quot;,&quot;credit&quot;:&quot;&quot;,&quot;camera&quot;:&quot;Canon EOS REBEL T1i&quot;,&quot;caption&quot;:&quot;&quot;,&quot;created_timestamp&quot;:&quot;1403116640&quot;,&quot;copyright&quot;:&quot;&quot;,&quot;focal_length&quot;:&quot;18&quot;,&quot;iso&quot;:&quot;400&quot;,&quot;shutter_speed&quot;:&quot;0.01&quot;,&quot;title&quot;:&quot;&quot;}\" data-image-title=\"Locura4\" data-image-description=\"&lt;p&gt;EN TRANCE.- Algunos, los m\u00e1s ansiosos, cayeron en un trance colectivo digno de una pel\u00edcula de Semana Santa, y no era para menos, Chile hizo Historia en este Mundial.&lt;\/p&gt; \" data-medium-file=\"https:\/\/i0.wp.com\/eltrabajo.cl\/portal\/wp-content\/uploads\/2014\/06\/Locura4.jpg?fit=300%2C203&#038;ssl=1\" data-large-file=\"https:\/\/i0.wp.com\/eltrabajo.cl\/portal\/wp-content\/uploads\/2014\/06\/Locura4.jpg?fit=529%2C358&#038;ssl=1\" src=\"https:\/\/i0.wp.com\/eltrabajo.cl\/portal\/wp-content\/uploads\/2014\/06\/Locura4.jpg?w=201&#038;h=136&#038;ssl=1\" srcset=\"https:\/\/i0.wp.com\/eltrabajo.cl\/portal\/wp-content\/uploads\/2014\/06\/Locura4.jpg?w=529&amp;ssl=1 529w, https:\/\/i0.wp.com\/eltrabajo.cl\/portal\/wp-content\/uploads\/2014\/06\/Locura4.jpg?resize=200%2C135&amp;ssl=1 200w, https:\/\/i0.wp.com\/eltrabajo.cl\/portal\/wp-content\/uploads\/2014\/06\/Locura4.jpg?resize=300%2C203&amp;ssl=1 300w, https:\/\/i0.wp.com\/eltrabajo.cl\/portal\/wp-content\/uploads\/2014\/06\/Locura4.jpg?resize=150%2C101&amp;ssl=1 150w, https:\/\/i0.wp.com\/eltrabajo.cl\/portal\/wp-content\/uploads\/2014\/06\/Locura4.jpg?resize=400%2C270&amp;ssl=1 400w\" width=\"201\" height=\"136\" loading=\"lazy\" data-original-width=\"201\" data-original-height=\"136\" itemprop=\"http:\/\/schema.org\/image\" title=\"Locura4\" alt=\"EN TRANCE.- Algunos, los m\u00e1s ansiosos, cayeron en un trance colectivo digno de una pel\u00edcula de Semana Santa, y no era para menos, Chile hizo Historia en este Mundial.\" style=\"width: 201px; height: 136px;\" \/> <\/a> <div class=\"tiled-gallery-caption\" itemprop=\"caption description\"> EN TRANCE.- Algunos, los m\u00e1s ansiosos, cayeron en un trance colectivo digno de una pel\u00edcula de Semana Santa, y no era para menos, Chile hizo Historia en este Mundial. <\/div> <\/div> <\/div> <!-- close group --> <\/div> <!-- close row --> <div class=\"gallery-row\" style=\"width: 640px; height: 293px;\" data-original-width=\"640\" data-original-height=\"293\" > <div class=\"gallery-group images-2\" style=\"width: 209px; height: 293px;\" data-original-width=\"209\" data-original-height=\"293\" > <div class=\"tiled-gallery-item tiled-gallery-item-small\" itemprop=\"associatedMedia\" itemscope itemtype=\"http:\/\/schema.org\/ImageObject\"> <a href=\"https:\/\/eltrabajo.cl\/portal\/locura-de-la-clasificacion-a-octavos-de-final-tambien-se-vive-en-san-felipe\/locura6\/\" border=\"0\" itemprop=\"url\"> <meta itemprop=\"width\" content=\"205\"> <meta itemprop=\"height\" content=\"138\"> <img decoding=\"async\" class=\"\" data-attachment-id=\"47867\" data-orig-file=\"https:\/\/eltrabajo.cl\/portal\/wp-content\/uploads\/2014\/06\/Locura6.jpg\" data-orig-size=\"529,358\" data-comments-opened=\"1\" data-image-meta=\"{&quot;aperture&quot;:&quot;4.5&quot;,&quot;credit&quot;:&quot;&quot;,&quot;camera&quot;:&quot;Canon EOS REBEL T1i&quot;,&quot;caption&quot;:&quot;&quot;,&quot;created_timestamp&quot;:&quot;1403116864&quot;,&quot;copyright&quot;:&quot;&quot;,&quot;focal_length&quot;:&quot;32&quot;,&quot;iso&quot;:&quot;400&quot;,&quot;shutter_speed&quot;:&quot;0.016666666666667&quot;,&quot;title&quot;:&quot;&quot;}\" data-image-title=\"Locura6\" data-image-description=\"&lt;p&gt;LOS PEQUES TAMBI\u00c9N.- Por las ventanas de los autos y bajo la supervisi\u00f3n de sus padres, los m\u00e1s peques tambi\u00e9n sacaron sus banderas para apoyar el ambiente mundialista que se vive en todo nuestro pa\u00eds.&lt;\/p&gt; \" data-medium-file=\"https:\/\/i0.wp.com\/eltrabajo.cl\/portal\/wp-content\/uploads\/2014\/06\/Locura6.jpg?fit=300%2C203&#038;ssl=1\" data-large-file=\"https:\/\/i0.wp.com\/eltrabajo.cl\/portal\/wp-content\/uploads\/2014\/06\/Locura6.jpg?fit=529%2C358&#038;ssl=1\" src=\"https:\/\/i0.wp.com\/eltrabajo.cl\/portal\/wp-content\/uploads\/2014\/06\/Locura6.jpg?w=205&#038;h=138&#038;ssl=1\" srcset=\"https:\/\/i0.wp.com\/eltrabajo.cl\/portal\/wp-content\/uploads\/2014\/06\/Locura6.jpg?w=529&amp;ssl=1 529w, https:\/\/i0.wp.com\/eltrabajo.cl\/portal\/wp-content\/uploads\/2014\/06\/Locura6.jpg?resize=200%2C135&amp;ssl=1 200w, https:\/\/i0.wp.com\/eltrabajo.cl\/portal\/wp-content\/uploads\/2014\/06\/Locura6.jpg?resize=300%2C203&amp;ssl=1 300w, https:\/\/i0.wp.com\/eltrabajo.cl\/portal\/wp-content\/uploads\/2014\/06\/Locura6.jpg?resize=150%2C101&amp;ssl=1 150w, https:\/\/i0.wp.com\/eltrabajo.cl\/portal\/wp-content\/uploads\/2014\/06\/Locura6.jpg?resize=400%2C270&amp;ssl=1 400w\" width=\"205\" height=\"138\" loading=\"lazy\" data-original-width=\"205\" data-original-height=\"138\" itemprop=\"http:\/\/schema.org\/image\" title=\"Locura6\" alt=\"LOS PEQUES TAMBI\u00c9N.- Por las ventanas de los autos y bajo la supervisi\u00f3n de sus padres, los m\u00e1s peques tambi\u00e9n sacaron sus banderas para apoyar el ambiente mundialista que se vive en todo nuestro pa\u00eds.\" style=\"width: 205px; height: 138px;\" \/> <\/a> <div class=\"tiled-gallery-caption\" itemprop=\"caption description\"> LOS PEQUES TAMBI\u00c9N.- Por las ventanas de los autos y bajo la supervisi\u00f3n de sus padres, los m\u00e1s peques tambi\u00e9n sacaron sus banderas para apoyar el ambiente mundialista que se vive en todo nuestro pa\u00eds. <\/div> <\/div> <div class=\"tiled-gallery-item tiled-gallery-item-small\" itemprop=\"associatedMedia\" itemscope itemtype=\"http:\/\/schema.org\/ImageObject\"> <a href=\"https:\/\/eltrabajo.cl\/portal\/locura-de-la-clasificacion-a-octavos-de-final-tambien-se-vive-en-san-felipe\/locura7\/\" border=\"0\" itemprop=\"url\"> <meta itemprop=\"width\" content=\"205\"> <meta itemprop=\"height\" content=\"147\"> <img decoding=\"async\" class=\"\" data-attachment-id=\"47868\" data-orig-file=\"https:\/\/eltrabajo.cl\/portal\/wp-content\/uploads\/2014\/06\/Locura7.jpg\" data-orig-size=\"528,379\" data-comments-opened=\"1\" data-image-meta=\"{&quot;aperture&quot;:&quot;4&quot;,&quot;credit&quot;:&quot;&quot;,&quot;camera&quot;:&quot;Canon EOS REBEL T1i&quot;,&quot;caption&quot;:&quot;&quot;,&quot;created_timestamp&quot;:&quot;1403116756&quot;,&quot;copyright&quot;:&quot;&quot;,&quot;focal_length&quot;:&quot;18&quot;,&quot;iso&quot;:&quot;400&quot;,&quot;shutter_speed&quot;:&quot;0.016666666666667&quot;,&quot;title&quot;:&quot;&quot;}\" data-image-title=\"Locura7\" data-image-description=\"&lt;p&gt;A GOZAR.- Tras la victoria de Chile contra Espa\u00f1a, padres e hijos ondearon nuestra bandera en las calles de San Felipe.&lt;\/p&gt; \" data-medium-file=\"https:\/\/i0.wp.com\/eltrabajo.cl\/portal\/wp-content\/uploads\/2014\/06\/Locura7.jpg?fit=300%2C215&#038;ssl=1\" data-large-file=\"https:\/\/i0.wp.com\/eltrabajo.cl\/portal\/wp-content\/uploads\/2014\/06\/Locura7.jpg?fit=528%2C379&#038;ssl=1\" src=\"https:\/\/i0.wp.com\/eltrabajo.cl\/portal\/wp-content\/uploads\/2014\/06\/Locura7.jpg?w=205&#038;h=147&#038;ssl=1\" srcset=\"https:\/\/i0.wp.com\/eltrabajo.cl\/portal\/wp-content\/uploads\/2014\/06\/Locura7.jpg?w=528&amp;ssl=1 528w, https:\/\/i0.wp.com\/eltrabajo.cl\/portal\/wp-content\/uploads\/2014\/06\/Locura7.jpg?resize=200%2C143&amp;ssl=1 200w, https:\/\/i0.wp.com\/eltrabajo.cl\/portal\/wp-content\/uploads\/2014\/06\/Locura7.jpg?resize=300%2C215&amp;ssl=1 300w, https:\/\/i0.wp.com\/eltrabajo.cl\/portal\/wp-content\/uploads\/2014\/06\/Locura7.jpg?resize=150%2C107&amp;ssl=1 150w, https:\/\/i0.wp.com\/eltrabajo.cl\/portal\/wp-content\/uploads\/2014\/06\/Locura7.jpg?resize=400%2C287&amp;ssl=1 400w\" width=\"205\" height=\"147\" loading=\"lazy\" data-original-width=\"205\" data-original-height=\"147\" itemprop=\"http:\/\/schema.org\/image\" title=\"Locura7\" alt=\"A GOZAR.- Tras la victoria de Chile contra Espa\u00f1a, padres e hijos ondearon nuestra bandera en las calles de San Felipe.\" style=\"width: 205px; height: 147px;\" \/> <\/a> <div class=\"tiled-gallery-caption\" itemprop=\"caption description\"> A GOZAR.- Tras la victoria de Chile contra Espa\u00f1a, padres e hijos ondearon nuestra bandera en las calles de San Felipe. <\/div> <\/div> <\/div> <!-- close group --> <div class=\"gallery-group images-1\" style=\"width: 431px; height: 293px;\" data-original-width=\"431\" data-original-height=\"293\" > <div class=\"tiled-gallery-item tiled-gallery-item-large\" itemprop=\"associatedMedia\" itemscope itemtype=\"http:\/\/schema.org\/ImageObject\"> <a href=\"https:\/\/eltrabajo.cl\/portal\/locura-de-la-clasificacion-a-octavos-de-final-tambien-se-vive-en-san-felipe\/locura8\/\" border=\"0\" itemprop=\"url\"> <meta itemprop=\"width\" content=\"427\"> <meta itemprop=\"height\" content=\"289\"> <img decoding=\"async\" class=\"\" data-attachment-id=\"47869\" data-orig-file=\"https:\/\/eltrabajo.cl\/portal\/wp-content\/uploads\/2014\/06\/Locura8.jpg\" data-orig-size=\"529,358\" data-comments-opened=\"1\" data-image-meta=\"{&quot;aperture&quot;:&quot;5.6&quot;,&quot;credit&quot;:&quot;&quot;,&quot;camera&quot;:&quot;Canon EOS REBEL T1i&quot;,&quot;caption&quot;:&quot;&quot;,&quot;created_timestamp&quot;:&quot;1403116843&quot;,&quot;copyright&quot;:&quot;&quot;,&quot;focal_length&quot;:&quot;33&quot;,&quot;iso&quot;:&quot;400&quot;,&quot;shutter_speed&quot;:&quot;0.016666666666667&quot;,&quot;title&quot;:&quot;&quot;}\" data-image-title=\"Locura8\" data-image-description=\"&lt;p&gt;PASCUERO MUNDIALISTA.- Los m\u00e1s apasionados se disfrazaron de Viejo Pascuero Mundialista, no escatimaron tiempo ni dinero para alegrar este momento tan especial.&lt;\/p&gt; \" data-medium-file=\"https:\/\/i0.wp.com\/eltrabajo.cl\/portal\/wp-content\/uploads\/2014\/06\/Locura8.jpg?fit=300%2C203&#038;ssl=1\" data-large-file=\"https:\/\/i0.wp.com\/eltrabajo.cl\/portal\/wp-content\/uploads\/2014\/06\/Locura8.jpg?fit=529%2C358&#038;ssl=1\" src=\"https:\/\/i0.wp.com\/eltrabajo.cl\/portal\/wp-content\/uploads\/2014\/06\/Locura8.jpg?w=427&#038;h=289&#038;ssl=1\" srcset=\"https:\/\/i0.wp.com\/eltrabajo.cl\/portal\/wp-content\/uploads\/2014\/06\/Locura8.jpg?w=529&amp;ssl=1 529w, https:\/\/i0.wp.com\/eltrabajo.cl\/portal\/wp-content\/uploads\/2014\/06\/Locura8.jpg?resize=200%2C135&amp;ssl=1 200w, https:\/\/i0.wp.com\/eltrabajo.cl\/portal\/wp-content\/uploads\/2014\/06\/Locura8.jpg?resize=300%2C203&amp;ssl=1 300w, https:\/\/i0.wp.com\/eltrabajo.cl\/portal\/wp-content\/uploads\/2014\/06\/Locura8.jpg?resize=150%2C101&amp;ssl=1 150w, https:\/\/i0.wp.com\/eltrabajo.cl\/portal\/wp-content\/uploads\/2014\/06\/Locura8.jpg?resize=400%2C270&amp;ssl=1 400w\" width=\"427\" height=\"289\" loading=\"lazy\" data-original-width=\"427\" data-original-height=\"289\" itemprop=\"http:\/\/schema.org\/image\" title=\"Locura8\" alt=\"PASCUERO MUNDIALISTA.- Los m\u00e1s apasionados se disfrazaron de Viejo Pascuero Mundialista, no escatimaron tiempo ni dinero para alegrar este momento tan especial.\" style=\"width: 427px; height: 289px;\" \/> <\/a> <div class=\"tiled-gallery-caption\" itemprop=\"caption description\"> PASCUERO MUNDIALISTA.- Los m\u00e1s apasionados se disfrazaron de Viejo Pascuero Mundialista, no escatimaron tiempo ni dinero para alegrar este momento tan especial. <\/div> <\/div> <\/div> <!-- close group --> <\/div> <!-- close row --> <div class=\"gallery-row\" style=\"width: 640px; height: 206px;\" data-original-width=\"640\" data-original-height=\"206\" > <div class=\"gallery-group images-1\" style=\"width: 313px; height: 206px;\" data-original-width=\"313\" data-original-height=\"206\" > <div class=\"tiled-gallery-item tiled-gallery-item-large\" itemprop=\"associatedMedia\" itemscope itemtype=\"http:\/\/schema.org\/ImageObject\"> <a href=\"https:\/\/eltrabajo.cl\/portal\/locura-de-la-clasificacion-a-octavos-de-final-tambien-se-vive-en-san-felipe\/locura11\/\" border=\"0\" itemprop=\"url\"> <meta itemprop=\"width\" content=\"309\"> <meta itemprop=\"height\" content=\"202\"> <img decoding=\"async\" class=\"\" data-attachment-id=\"47870\" data-orig-file=\"https:\/\/eltrabajo.cl\/portal\/wp-content\/uploads\/2014\/06\/Locura11.jpg\" data-orig-size=\"529,345\" data-comments-opened=\"1\" data-image-meta=\"{&quot;aperture&quot;:&quot;4&quot;,&quot;credit&quot;:&quot;&quot;,&quot;camera&quot;:&quot;Canon EOS REBEL T1i&quot;,&quot;caption&quot;:&quot;&quot;,&quot;created_timestamp&quot;:&quot;1403115657&quot;,&quot;copyright&quot;:&quot;&quot;,&quot;focal_length&quot;:&quot;28&quot;,&quot;iso&quot;:&quot;100&quot;,&quot;shutter_speed&quot;:&quot;0.033333333333333&quot;,&quot;title&quot;:&quot;&quot;}\" data-image-title=\"Locura11\" data-image-description=\"&lt;p&gt;Y FALTAN M\u00c1S GOLES.- Estos alegres j\u00f3venes dijeron \u2018Presente\u2019 y tras gozar de permiso en su lugar de trabajo, dieron rienda suelta a esta locura del Mundial.&lt;\/p&gt; \" data-medium-file=\"https:\/\/i0.wp.com\/eltrabajo.cl\/portal\/wp-content\/uploads\/2014\/06\/Locura11.jpg?fit=300%2C195&#038;ssl=1\" data-large-file=\"https:\/\/i0.wp.com\/eltrabajo.cl\/portal\/wp-content\/uploads\/2014\/06\/Locura11.jpg?fit=529%2C345&#038;ssl=1\" src=\"https:\/\/i0.wp.com\/eltrabajo.cl\/portal\/wp-content\/uploads\/2014\/06\/Locura11.jpg?w=309&#038;h=202&#038;ssl=1\" srcset=\"https:\/\/i0.wp.com\/eltrabajo.cl\/portal\/wp-content\/uploads\/2014\/06\/Locura11.jpg?w=529&amp;ssl=1 529w, https:\/\/i0.wp.com\/eltrabajo.cl\/portal\/wp-content\/uploads\/2014\/06\/Locura11.jpg?resize=200%2C130&amp;ssl=1 200w, https:\/\/i0.wp.com\/eltrabajo.cl\/portal\/wp-content\/uploads\/2014\/06\/Locura11.jpg?resize=300%2C195&amp;ssl=1 300w, https:\/\/i0.wp.com\/eltrabajo.cl\/portal\/wp-content\/uploads\/2014\/06\/Locura11.jpg?resize=150%2C97&amp;ssl=1 150w, https:\/\/i0.wp.com\/eltrabajo.cl\/portal\/wp-content\/uploads\/2014\/06\/Locura11.jpg?resize=400%2C260&amp;ssl=1 400w\" width=\"309\" height=\"202\" loading=\"lazy\" data-original-width=\"309\" data-original-height=\"202\" itemprop=\"http:\/\/schema.org\/image\" title=\"Locura11\" alt=\"Y FALTAN M\u00c1S GOLES.- Estos alegres j\u00f3venes dijeron \u2018Presente\u2019 y tras gozar de permiso en su lugar de trabajo, dieron rienda suelta a esta locura del Mundial.\" style=\"width: 309px; height: 202px;\" \/> <\/a> <div class=\"tiled-gallery-caption\" itemprop=\"caption description\"> Y FALTAN M\u00c1S GOLES.- Estos alegres j\u00f3venes dijeron \u2018Presente\u2019 y tras gozar de permiso en su lugar de trabajo, dieron rienda suelta a esta locura del Mundial. <\/div> <\/div> <\/div> <!-- close group --> <div class=\"gallery-group images-1\" style=\"width: 327px; height: 206px;\" data-original-width=\"327\" data-original-height=\"206\" > <div class=\"tiled-gallery-item tiled-gallery-item-large\" itemprop=\"associatedMedia\" itemscope itemtype=\"http:\/\/schema.org\/ImageObject\"> <a href=\"https:\/\/eltrabajo.cl\/portal\/locura-de-la-clasificacion-a-octavos-de-final-tambien-se-vive-en-san-felipe\/locura12\/\" border=\"0\" itemprop=\"url\"> <meta itemprop=\"width\" content=\"323\"> <meta itemprop=\"height\" content=\"202\"> <img decoding=\"async\" class=\"\" data-attachment-id=\"47871\" data-orig-file=\"https:\/\/eltrabajo.cl\/portal\/wp-content\/uploads\/2014\/06\/Locura12.jpg\" data-orig-size=\"529,331\" data-comments-opened=\"1\" data-image-meta=\"{&quot;aperture&quot;:&quot;5&quot;,&quot;credit&quot;:&quot;&quot;,&quot;camera&quot;:&quot;Canon EOS REBEL T1i&quot;,&quot;caption&quot;:&quot;&quot;,&quot;created_timestamp&quot;:&quot;1403115728&quot;,&quot;copyright&quot;:&quot;&quot;,&quot;focal_length&quot;:&quot;37&quot;,&quot;iso&quot;:&quot;250&quot;,&quot;shutter_speed&quot;:&quot;0.02&quot;,&quot;title&quot;:&quot;&quot;}\" data-image-title=\"Locura12\" data-image-description=\"&lt;p&gt;QUEREMOS M\u00c1S.- En algunas empresas, tanto jefes como empleados se dieron la tarde libre para gritar en las calles de la ciudad.&lt;\/p&gt; \" data-medium-file=\"https:\/\/i0.wp.com\/eltrabajo.cl\/portal\/wp-content\/uploads\/2014\/06\/Locura12.jpg?fit=300%2C187&#038;ssl=1\" data-large-file=\"https:\/\/i0.wp.com\/eltrabajo.cl\/portal\/wp-content\/uploads\/2014\/06\/Locura12.jpg?fit=529%2C331&#038;ssl=1\" src=\"https:\/\/i0.wp.com\/eltrabajo.cl\/portal\/wp-content\/uploads\/2014\/06\/Locura12.jpg?w=323&#038;h=202&#038;ssl=1\" srcset=\"https:\/\/i0.wp.com\/eltrabajo.cl\/portal\/wp-content\/uploads\/2014\/06\/Locura12.jpg?w=529&amp;ssl=1 529w, https:\/\/i0.wp.com\/eltrabajo.cl\/portal\/wp-content\/uploads\/2014\/06\/Locura12.jpg?resize=200%2C125&amp;ssl=1 200w, https:\/\/i0.wp.com\/eltrabajo.cl\/portal\/wp-content\/uploads\/2014\/06\/Locura12.jpg?resize=300%2C187&amp;ssl=1 300w, https:\/\/i0.wp.com\/eltrabajo.cl\/portal\/wp-content\/uploads\/2014\/06\/Locura12.jpg?resize=150%2C93&amp;ssl=1 150w, https:\/\/i0.wp.com\/eltrabajo.cl\/portal\/wp-content\/uploads\/2014\/06\/Locura12.jpg?resize=400%2C250&amp;ssl=1 400w\" width=\"323\" height=\"202\" loading=\"lazy\" data-original-width=\"323\" data-original-height=\"202\" itemprop=\"http:\/\/schema.org\/image\" title=\"Locura12\" alt=\"QUEREMOS M\u00c1S.- En algunas empresas, tanto jefes como empleados se dieron la tarde libre para gritar en las calles de la ciudad.\" style=\"width: 323px; height: 202px;\" \/> <\/a> <div class=\"tiled-gallery-caption\" itemprop=\"caption description\"> QUEREMOS M\u00c1S.- En algunas empresas, tanto jefes como empleados se dieron la tarde libre para gritar en las calles de la ciudad. <\/div> <\/div> <\/div> <!-- close group --> <\/div> <!-- close row --> <div class=\"gallery-row\" style=\"width: 640px; height: 423px;\" data-original-width=\"640\" data-original-height=\"423\" > <div class=\"gallery-group images-1\" style=\"width: 640px; height: 423px;\" data-original-width=\"640\" data-original-height=\"423\" > <div class=\"tiled-gallery-item tiled-gallery-item-large\" itemprop=\"associatedMedia\" itemscope itemtype=\"http:\/\/schema.org\/ImageObject\"> <a href=\"https:\/\/eltrabajo.cl\/portal\/locura-de-la-clasificacion-a-octavos-de-final-tambien-se-vive-en-san-felipe\/locura13\/\" border=\"0\" itemprop=\"url\"> <meta itemprop=\"width\" content=\"636\"> <meta itemprop=\"height\" content=\"419\"> <img decoding=\"async\" class=\"\" data-attachment-id=\"47872\" data-orig-file=\"https:\/\/eltrabajo.cl\/portal\/wp-content\/uploads\/2014\/06\/Locura13.jpg\" data-orig-size=\"528,348\" data-comments-opened=\"1\" data-image-meta=\"{&quot;aperture&quot;:&quot;5.6&quot;,&quot;credit&quot;:&quot;&quot;,&quot;camera&quot;:&quot;Canon EOS REBEL T1i&quot;,&quot;caption&quot;:&quot;&quot;,&quot;created_timestamp&quot;:&quot;1403115951&quot;,&quot;copyright&quot;:&quot;&quot;,&quot;focal_length&quot;:&quot;18&quot;,&quot;iso&quot;:&quot;400&quot;,&quot;shutter_speed&quot;:&quot;0.01&quot;,&quot;title&quot;:&quot;&quot;}\" data-image-title=\"Locura13\" data-image-description=\"&lt;p&gt;ESTAMPIDA.- Una estampida de hinchas atiborr\u00f3 las calles cual marat\u00f3n, clasificada la Sele, el resto no importa.&lt;\/p&gt; \" data-medium-file=\"https:\/\/i0.wp.com\/eltrabajo.cl\/portal\/wp-content\/uploads\/2014\/06\/Locura13.jpg?fit=300%2C197&#038;ssl=1\" data-large-file=\"https:\/\/i0.wp.com\/eltrabajo.cl\/portal\/wp-content\/uploads\/2014\/06\/Locura13.jpg?fit=528%2C348&#038;ssl=1\" src=\"https:\/\/i0.wp.com\/eltrabajo.cl\/portal\/wp-content\/uploads\/2014\/06\/Locura13.jpg?w=636&#038;h=419&#038;ssl=1\" srcset=\"https:\/\/i0.wp.com\/eltrabajo.cl\/portal\/wp-content\/uploads\/2014\/06\/Locura13.jpg?w=528&amp;ssl=1 528w, https:\/\/i0.wp.com\/eltrabajo.cl\/portal\/wp-content\/uploads\/2014\/06\/Locura13.jpg?resize=200%2C131&amp;ssl=1 200w, https:\/\/i0.wp.com\/eltrabajo.cl\/portal\/wp-content\/uploads\/2014\/06\/Locura13.jpg?resize=300%2C197&amp;ssl=1 300w, https:\/\/i0.wp.com\/eltrabajo.cl\/portal\/wp-content\/uploads\/2014\/06\/Locura13.jpg?resize=150%2C98&amp;ssl=1 150w, https:\/\/i0.wp.com\/eltrabajo.cl\/portal\/wp-content\/uploads\/2014\/06\/Locura13.jpg?resize=400%2C263&amp;ssl=1 400w\" width=\"636\" height=\"419\" loading=\"lazy\" data-original-width=\"636\" data-original-height=\"419\" itemprop=\"http:\/\/schema.org\/image\" title=\"Locura13\" alt=\"ESTAMPIDA.- Una estampida de hinchas atiborr\u00f3 las calles cual marat\u00f3n, clasificada la Sele, el resto no importa.\" style=\"width: 636px; height: 419px;\" \/> <\/a> <div class=\"tiled-gallery-caption\" itemprop=\"caption description\"> ESTAMPIDA.- Una estampida de hinchas atiborr\u00f3 las calles cual marat\u00f3n, clasificada la Sele, el resto no importa. <\/div> <\/div> <\/div> <!-- close group --> <\/div> <!-- close row --> <\/div>\n<p>&nbsp;<\/p>\n","protected":false},"excerpt":{"rendered":"<p>Saboreando la dulce venganza de los dos golazos con los que nuestra Selecci\u00f3n Nacional de F\u00fatbol env\u00eda a los espa\u00f1oles a casita, as\u00ed colapsaron todas las ciudades del pa\u00eds y sin que&#8230;<\/p>\n","protected":false},"author":482,"featured_media":47862,"comment_status":"open","ping_status":"closed","sticky":false,"template":"","format":"standard","meta":{"advanced_seo_description":"","jetpack_seo_html_title":"","jetpack_seo_noindex":false,"_jetpack_memberships_contains_paid_content":false,"footnotes":""},"categories":[15],"tags":[],"class_list":["post-47861","post","type-post","status-publish","format-standard","has-post-thumbnail","hentry","category-comunidad"],"jetpack_featured_media_url":"https:\/\/i0.wp.com\/eltrabajo.cl\/portal\/wp-content\/uploads\/2014\/06\/Locura1.jpg?fit=528%2C328&ssl=1","jetpack_sharing_enabled":true,"jetpack_likes_enabled":true,"jetpack-related-posts":[],"_links":{"self":[{"href":"https:\/\/eltrabajo.cl\/portal\/wp-json\/wp\/v2\/posts\/47861","targetHints":{"allow":["GET"]}}],"collection":[{"href":"https:\/\/eltrabajo.cl\/portal\/wp-json\/wp\/v2\/posts"}],"about":[{"href":"https:\/\/eltrabajo.cl\/portal\/wp-json\/wp\/v2\/types\/post"}],"author":[{"embeddable":true,"href":"https:\/\/eltrabajo.cl\/portal\/wp-json\/wp\/v2\/users\/482"}],"replies":[{"embeddable":true,"href":"https:\/\/eltrabajo.cl\/portal\/wp-json\/wp\/v2\/comments?post=47861"}],"version-history":[{"count":0,"href":"https:\/\/eltrabajo.cl\/portal\/wp-json\/wp\/v2\/posts\/47861\/revisions"}],"wp:featuredmedia":[{"embeddable":true,"href":"https:\/\/eltrabajo.cl\/portal\/wp-json\/wp\/v2\/media\/47862"}],"wp:attachment":[{"href":"https:\/\/eltrabajo.cl\/portal\/wp-json\/wp\/v2\/media?parent=47861"}],"wp:term":[{"taxonomy":"category","embeddable":true,"href":"https:\/\/eltrabajo.cl\/portal\/wp-json\/wp\/v2\/categories?post=47861"},{"taxonomy":"post_tag","embeddable":true,"href":"https:\/\/eltrabajo.cl\/portal\/wp-json\/wp\/v2\/tags?post=47861"}],"curies":[{"name":"wp","href":"https:\/\/api.w.org\/{rel}","templated":true}]}}