{"id":47882,"date":"2014-06-20T09:30:23","date_gmt":"2014-06-20T13:30:23","guid":{"rendered":"http:\/\/www.eltrabajo.cl\/portal\/?p=47882"},"modified":"2014-06-20T09:30:23","modified_gmt":"2014-06-20T13:30:23","slug":"acceso-a-calle-sergio-vargas-estara-cerrado-durante-cuatro-dias","status":"publish","type":"post","link":"https:\/\/eltrabajo.cl\/portal\/acceso-a-calle-sergio-vargas-estara-cerrado-durante-cuatro-dias\/","title":{"rendered":"Acceso a Calle Sergio Vargas estar\u00e1 cerrado durante cuatro d\u00edas"},"content":{"rendered":"<figure id=\"attachment_47883\" aria-describedby=\"caption-attachment-47883\" style=\"width: 529px\" class=\"wp-caption alignnone\"><a href=\"https:\/\/i0.wp.com\/www.eltrabajo.cl\/portal\/wp-content\/uploads\/2014\/06\/Calle1.jpg\"><img data-recalc-dims=\"1\" loading=\"lazy\" decoding=\"async\" class=\"size-full wp-image-47883\" alt=\"Con el objetivo de mejorar las condiciones en las que actualmente se encuentra el pavimento de acceso a Calle Sergio Varas (ex-Paso Basaure) desde la Ruta 57.\" src=\"https:\/\/i0.wp.com\/www.eltrabajo.cl\/portal\/wp-content\/uploads\/2014\/06\/Calle1.jpg?resize=529%2C305\" width=\"529\" height=\"305\" srcset=\"https:\/\/i0.wp.com\/eltrabajo.cl\/portal\/wp-content\/uploads\/2014\/06\/Calle1.jpg?w=529&amp;ssl=1 529w, https:\/\/i0.wp.com\/eltrabajo.cl\/portal\/wp-content\/uploads\/2014\/06\/Calle1.jpg?resize=200%2C115&amp;ssl=1 200w, https:\/\/i0.wp.com\/eltrabajo.cl\/portal\/wp-content\/uploads\/2014\/06\/Calle1.jpg?resize=300%2C172&amp;ssl=1 300w, https:\/\/i0.wp.com\/eltrabajo.cl\/portal\/wp-content\/uploads\/2014\/06\/Calle1.jpg?resize=150%2C86&amp;ssl=1 150w, https:\/\/i0.wp.com\/eltrabajo.cl\/portal\/wp-content\/uploads\/2014\/06\/Calle1.jpg?resize=400%2C230&amp;ssl=1 400w\" sizes=\"auto, (max-width: 529px) 100vw, 529px\" \/><\/a><figcaption id=\"caption-attachment-47883\" class=\"wp-caption-text\">Con el objetivo de mejorar las condiciones en las que actualmente se encuentra el pavimento de acceso a Calle Sergio Varas (ex-Paso Basaure) desde la Ruta 57.<\/figcaption><\/figure>\n<p><strong>CALLE LARGA<\/strong>.- Con el objetivo de mejorar las condiciones en las que actualmente se encuentra el pavimento de acceso a Calle Sergio Varas (ex-Paso Basaure) desde la Ruta 57, desde el lunes 23 de junio y hasta el jueves 26, el acceso a Calle Sergio Vargas estar\u00e1 cerrado debido a la ejecuci\u00f3n de obras de mejoramiento del pavimento.<\/p>\n<p>De acuerdo a lo informado por el Departamento de Obras Municipales, la v\u00eda alternativa por Calle Larga para el tr\u00e1nsito de veh\u00edculos livianos son: Calle Ignacio Carrera Pinto; Calle Arturo P\u00e9rez Canto y Calle Francisco de As\u00eds, con salida a Calle Sergio Vargas, (ex-Paso Basaure). La v\u00eda alternativa hacia Calle Sergio Vargas para veh\u00edculos de alto tonelaje y articulados son Calle Los Villares, Carretera San Mart\u00edn, Bypass y Ruta 57 CH. La v\u00eda alternativa hacia Calle Sergio Vargas para veh\u00edculos livianos son Calle Los Villares con conexi\u00f3n con Calle V\u00edctor Koerner, acceso a Calle Larga.<\/p>\n","protected":false},"excerpt":{"rendered":"<p>CALLE LARGA.- Con el objetivo de mejorar las condiciones en las que actualmente se encuentra el pavimento de acceso a Calle Sergio Varas (ex-Paso Basaure) desde la Ruta 57, desde el lunes&#8230;<\/p>\n","protected":false},"author":482,"featured_media":47883,"comment_status":"open","ping_status":"closed","sticky":false,"template":"","format":"standard","meta":{"advanced_seo_description":"","jetpack_seo_html_title":"","jetpack_seo_noindex":false,"_jetpack_memberships_contains_paid_content":false,"footnotes":""},"categories":[15],"tags":[],"class_list":["post-47882","post","type-post","status-publish","format-standard","has-post-thumbnail","hentry","category-comunidad"],"jetpack_featured_media_url":"https:\/\/i0.wp.com\/eltrabajo.cl\/portal\/wp-content\/uploads\/2014\/06\/Calle1.jpg?fit=529%2C305&ssl=1","jetpack_sharing_enabled":true,"jetpack_likes_enabled":true,"jetpack-related-posts":[],"_links":{"self":[{"href":"https:\/\/eltrabajo.cl\/portal\/wp-json\/wp\/v2\/posts\/47882","targetHints":{"allow":["GET"]}}],"collection":[{"href":"https:\/\/eltrabajo.cl\/portal\/wp-json\/wp\/v2\/posts"}],"about":[{"href":"https:\/\/eltrabajo.cl\/portal\/wp-json\/wp\/v2\/types\/post"}],"author":[{"embeddable":true,"href":"https:\/\/eltrabajo.cl\/portal\/wp-json\/wp\/v2\/users\/482"}],"replies":[{"embeddable":true,"href":"https:\/\/eltrabajo.cl\/portal\/wp-json\/wp\/v2\/comments?post=47882"}],"version-history":[{"count":0,"href":"https:\/\/eltrabajo.cl\/portal\/wp-json\/wp\/v2\/posts\/47882\/revisions"}],"wp:featuredmedia":[{"embeddable":true,"href":"https:\/\/eltrabajo.cl\/portal\/wp-json\/wp\/v2\/media\/47883"}],"wp:attachment":[{"href":"https:\/\/eltrabajo.cl\/portal\/wp-json\/wp\/v2\/media?parent=47882"}],"wp:term":[{"taxonomy":"category","embeddable":true,"href":"https:\/\/eltrabajo.cl\/portal\/wp-json\/wp\/v2\/categories?post=47882"},{"taxonomy":"post_tag","embeddable":true,"href":"https:\/\/eltrabajo.cl\/portal\/wp-json\/wp\/v2\/tags?post=47882"}],"curies":[{"name":"wp","href":"https:\/\/api.w.org\/{rel}","templated":true}]}}