{"id":47903,"date":"2014-06-20T09:40:07","date_gmt":"2014-06-20T13:40:07","guid":{"rendered":"http:\/\/www.eltrabajo.cl\/portal\/?p=47903"},"modified":"2014-06-20T09:40:07","modified_gmt":"2014-06-20T13:40:07","slug":"plantaran-550-quillayes-entre-puente-putaendo-y-los-tres-puentes","status":"publish","type":"post","link":"https:\/\/eltrabajo.cl\/portal\/plantaran-550-quillayes-entre-puente-putaendo-y-los-tres-puentes\/","title":{"rendered":"Plantar\u00e1n 550 quillayes entre Puente Putaendo y Los Tres Puentes"},"content":{"rendered":"<figure id=\"attachment_47904\" aria-describedby=\"caption-attachment-47904\" style=\"width: 529px\" class=\"wp-caption alignnone\"><a href=\"https:\/\/i0.wp.com\/www.eltrabajo.cl\/portal\/wp-content\/uploads\/2014\/06\/ARBOLES1.jpg\"><img data-recalc-dims=\"1\" loading=\"lazy\" decoding=\"async\" class=\"size-full wp-image-47904\" alt=\"PR\u00d3XIMAMENTE AQU\u00cd.- Mediante un interesante proyecto se permitir\u00e1 la plantaci\u00f3n de 550 quillayes en une extensi\u00f3n de 2km 200m en el tramo de la Carretera E-41 entre el Puente Putaendo y el sector conocido como Tres Puentes.\" src=\"https:\/\/i0.wp.com\/www.eltrabajo.cl\/portal\/wp-content\/uploads\/2014\/06\/ARBOLES1.jpg?resize=529%2C405\" width=\"529\" height=\"405\" srcset=\"https:\/\/i0.wp.com\/eltrabajo.cl\/portal\/wp-content\/uploads\/2014\/06\/ARBOLES1.jpg?w=529&amp;ssl=1 529w, https:\/\/i0.wp.com\/eltrabajo.cl\/portal\/wp-content\/uploads\/2014\/06\/ARBOLES1.jpg?resize=195%2C150&amp;ssl=1 195w, https:\/\/i0.wp.com\/eltrabajo.cl\/portal\/wp-content\/uploads\/2014\/06\/ARBOLES1.jpg?resize=300%2C229&amp;ssl=1 300w, https:\/\/i0.wp.com\/eltrabajo.cl\/portal\/wp-content\/uploads\/2014\/06\/ARBOLES1.jpg?resize=150%2C114&amp;ssl=1 150w, https:\/\/i0.wp.com\/eltrabajo.cl\/portal\/wp-content\/uploads\/2014\/06\/ARBOLES1.jpg?resize=400%2C306&amp;ssl=1 400w\" sizes=\"auto, (max-width: 529px) 100vw, 529px\" \/><\/a><figcaption id=\"caption-attachment-47904\" class=\"wp-caption-text\">PR\u00d3XIMAMENTE AQU\u00cd.- Mediante un interesante proyecto se permitir\u00e1 la plantaci\u00f3n de 550 quillayes en une extensi\u00f3n de 2km 200m en el tramo de la Carretera E-41 entre el Puente Putaendo y el sector conocido como Tres Puentes.<\/figcaption><\/figure>\n<p><strong>PUTAENDO<\/strong>.- Mediante un interesante proyecto se permitir\u00e1 la plantaci\u00f3n de 550 quillayes en une extensi\u00f3n de 2km 200m en el tramo de la Carretera E-41 entre el Puente Putaendo y el sector conocido como Los tres puentes. El proyecto presentado por el Ingeniero Agr\u00f3nomo Eduardo Herrera Mart\u00ednez, apoyado por el Concejal Sergio Zamora y el Alcalde Guillermo Reyes, y que tambi\u00e9n cont\u00f3 con el compromiso del director de Conaf, contempla la plantaci\u00f3n de 550 \u00e1rboles nativos (quillayes) que cuentan con una altura aproximada entre 1.50 y 2.0 metros en el mencionado tramo, como una forma de contribuir al desarrollo del medioambiente en la comuna.<\/p>\n<p>Por su parte, la Municipalidad de Putaendo dispondr\u00e1 de maquinaria necesaria para facilitar los trabajos de plantaci\u00f3n y tambi\u00e9n para el traslado de la tierra vegetal que es requerida para efectuar esta importante obra.<\/p>\n<figure id=\"attachment_47905\" aria-describedby=\"caption-attachment-47905\" style=\"width: 317px\" class=\"wp-caption alignright\"><a href=\"https:\/\/i0.wp.com\/www.eltrabajo.cl\/portal\/wp-content\/uploads\/2014\/06\/SERGIO-ZAMORA.jpg\"><img data-recalc-dims=\"1\" loading=\"lazy\" decoding=\"async\" class=\" wp-image-47905 \" alt=\"Concejal de Putaendo, Sergio Zamora.\" src=\"https:\/\/i0.wp.com\/www.eltrabajo.cl\/portal\/wp-content\/uploads\/2014\/06\/SERGIO-ZAMORA.jpg?resize=317%2C291\" width=\"317\" height=\"291\" srcset=\"https:\/\/i0.wp.com\/eltrabajo.cl\/portal\/wp-content\/uploads\/2014\/06\/SERGIO-ZAMORA.jpg?w=528&amp;ssl=1 528w, https:\/\/i0.wp.com\/eltrabajo.cl\/portal\/wp-content\/uploads\/2014\/06\/SERGIO-ZAMORA.jpg?resize=163%2C150&amp;ssl=1 163w, https:\/\/i0.wp.com\/eltrabajo.cl\/portal\/wp-content\/uploads\/2014\/06\/SERGIO-ZAMORA.jpg?resize=300%2C275&amp;ssl=1 300w, https:\/\/i0.wp.com\/eltrabajo.cl\/portal\/wp-content\/uploads\/2014\/06\/SERGIO-ZAMORA.jpg?resize=150%2C137&amp;ssl=1 150w, https:\/\/i0.wp.com\/eltrabajo.cl\/portal\/wp-content\/uploads\/2014\/06\/SERGIO-ZAMORA.jpg?resize=400%2C367&amp;ssl=1 400w\" sizes=\"auto, (max-width: 317px) 100vw, 317px\" \/><\/a><figcaption id=\"caption-attachment-47905\" class=\"wp-caption-text\">Concejal de Putaendo, Sergio Zamora.<\/figcaption><\/figure>\n<p><strong>MUCHOS \u00c1RBOLES<\/strong><\/p>\n<p>El Concejal Sergio Zamora se mostr\u00f3 feliz con la concreci\u00f3n de esta iniciativa y agradeci\u00f3 a sus pares del Concejo Municipal, a la Municipalidad de Putaendo y por sobre todo al joven Eduardo Herrera, \u201chace tiempo que ten\u00edamos la idea de forestar esta zona, por lo que quiero agradecer a este joven putaendino que nos ayud\u00f3 en la elaboraci\u00f3n del proyecto, as\u00ed que tenemos pensado plantar 550 matas en este tramo\u201d.<\/p>\n<p>El edil tambi\u00e9n indic\u00f3 que esta iniciativa tambi\u00e9n pretende hacer part\u00edcipe a los vecinos de Putaendo, por lo que realiz\u00f3 p\u00fablicamente una invitaci\u00f3n a la comunidad para que colaboren en la plantaci\u00f3n de estos \u00e1rboles una vez que comiencen los trabajos.<\/p>\n<p>Por su parte, el Alcalde Reyes, destac\u00f3 el rol del Concejal Sergio Zamora en haber planteado esta iniciativa en el Concejo Municipal, \u201cprimero hay que reconocer que el Concejal Zamora hace tiempo que viene luchando por incorporar en el desarrollo de Putaendo un mayor n\u00famero de \u00e1reas verdes, por lo que vamos a dar todo nuestro esfuerzo como municipio para que esto funcione pero tambi\u00e9n se requiere la cooperaci\u00f3n de los vecinos, primero cuidando estos \u00e1rboles y tambi\u00e9n cuando hagamos una gran jornada para plantar estos \u00e1rboles, porque eso le da un sentido de pertenencia a la comunidad, as\u00ed que estamos dando pasos concretos\u201d.<\/p>\n<p>Patricio Gallardo M.<\/p>\n","protected":false},"excerpt":{"rendered":"<p>PUTAENDO.- Mediante un interesante proyecto se permitir\u00e1 la plantaci\u00f3n de 550 quillayes en une extensi\u00f3n de 2km 200m en el tramo de la Carretera E-41 entre el Puente Putaendo y el sector&#8230;<\/p>\n","protected":false},"author":482,"featured_media":47904,"comment_status":"open","ping_status":"closed","sticky":false,"template":"","format":"standard","meta":{"advanced_seo_description":"","jetpack_seo_html_title":"","jetpack_seo_noindex":false,"_jetpack_memberships_contains_paid_content":false,"footnotes":""},"categories":[15],"tags":[],"class_list":["post-47903","post","type-post","status-publish","format-standard","has-post-thumbnail","hentry","category-comunidad"],"jetpack_featured_media_url":"https:\/\/i0.wp.com\/eltrabajo.cl\/portal\/wp-content\/uploads\/2014\/06\/ARBOLES1.jpg?fit=529%2C405&ssl=1","jetpack_sharing_enabled":true,"jetpack_likes_enabled":true,"jetpack-related-posts":[],"_links":{"self":[{"href":"https:\/\/eltrabajo.cl\/portal\/wp-json\/wp\/v2\/posts\/47903","targetHints":{"allow":["GET"]}}],"collection":[{"href":"https:\/\/eltrabajo.cl\/portal\/wp-json\/wp\/v2\/posts"}],"about":[{"href":"https:\/\/eltrabajo.cl\/portal\/wp-json\/wp\/v2\/types\/post"}],"author":[{"embeddable":true,"href":"https:\/\/eltrabajo.cl\/portal\/wp-json\/wp\/v2\/users\/482"}],"replies":[{"embeddable":true,"href":"https:\/\/eltrabajo.cl\/portal\/wp-json\/wp\/v2\/comments?post=47903"}],"version-history":[{"count":0,"href":"https:\/\/eltrabajo.cl\/portal\/wp-json\/wp\/v2\/posts\/47903\/revisions"}],"wp:featuredmedia":[{"embeddable":true,"href":"https:\/\/eltrabajo.cl\/portal\/wp-json\/wp\/v2\/media\/47904"}],"wp:attachment":[{"href":"https:\/\/eltrabajo.cl\/portal\/wp-json\/wp\/v2\/media?parent=47903"}],"wp:term":[{"taxonomy":"category","embeddable":true,"href":"https:\/\/eltrabajo.cl\/portal\/wp-json\/wp\/v2\/categories?post=47903"},{"taxonomy":"post_tag","embeddable":true,"href":"https:\/\/eltrabajo.cl\/portal\/wp-json\/wp\/v2\/tags?post=47903"}],"curies":[{"name":"wp","href":"https:\/\/api.w.org\/{rel}","templated":true}]}}