{"id":47908,"date":"2014-06-20T09:41:39","date_gmt":"2014-06-20T13:41:39","guid":{"rendered":"http:\/\/www.eltrabajo.cl\/portal\/?p=47908"},"modified":"2014-06-20T09:41:39","modified_gmt":"2014-06-20T13:41:39","slug":"todo-sobre-el-aborto-terapeutico-este-lunes-en-el-teatro-municipal","status":"publish","type":"post","link":"https:\/\/eltrabajo.cl\/portal\/todo-sobre-el-aborto-terapeutico-este-lunes-en-el-teatro-municipal\/","title":{"rendered":"Todo sobre el Aborto Terap\u00e9utico este lunes en el teatro municipal"},"content":{"rendered":"<figure id=\"attachment_47909\" aria-describedby=\"caption-attachment-47909\" style=\"width: 317px\" class=\"wp-caption alignleft\"><a href=\"https:\/\/i0.wp.com\/www.eltrabajo.cl\/portal\/wp-content\/uploads\/2014\/06\/Benjamin-Lorca.jpg\"><img data-recalc-dims=\"1\" loading=\"lazy\" decoding=\"async\" class=\" wp-image-47909 \" alt=\"Benjam\u00edn Lorca, gestor del Programa Espacio abierto de Radio Corporaci\u00f3n.\" src=\"https:\/\/i0.wp.com\/www.eltrabajo.cl\/portal\/wp-content\/uploads\/2014\/06\/Benjamin-Lorca.jpg?resize=317%2C342\" width=\"317\" height=\"342\" srcset=\"https:\/\/i0.wp.com\/eltrabajo.cl\/portal\/wp-content\/uploads\/2014\/06\/Benjamin-Lorca.jpg?w=529&amp;ssl=1 529w, https:\/\/i0.wp.com\/eltrabajo.cl\/portal\/wp-content\/uploads\/2014\/06\/Benjamin-Lorca.jpg?resize=139%2C150&amp;ssl=1 139w, https:\/\/i0.wp.com\/eltrabajo.cl\/portal\/wp-content\/uploads\/2014\/06\/Benjamin-Lorca.jpg?resize=278%2C300&amp;ssl=1 278w, https:\/\/i0.wp.com\/eltrabajo.cl\/portal\/wp-content\/uploads\/2014\/06\/Benjamin-Lorca.jpg?resize=400%2C431&amp;ssl=1 400w\" sizes=\"auto, (max-width: 317px) 100vw, 317px\" \/><\/a><figcaption id=\"caption-attachment-47909\" class=\"wp-caption-text\">Benjam\u00edn Lorca, gestor del Programa Espacio abierto de Radio Corporaci\u00f3n.<\/figcaption><\/figure>\n<p>A una jornada de reflexi\u00f3n en torno al aborto terap\u00e9utico, est\u00e1 invitando al Programa Espacio abierto de Radio Corporaci\u00f3n. La iniciativa contar\u00e1 con la participaci\u00f3n de dos profesionales conferencistas, el Abogado Constitucionalista Jorge Reyes de Concepci\u00f3n y el Doctor especialista en la materia e investigador en cuanto al aborto, Jos\u00e9 Tomas Gazmuri, de la Universidad Cat\u00f3lica de Santiago, quienes expondr\u00e1n sobre el tema desde una perspectiva pro-vida.<\/p>\n<figure id=\"attachment_47910\" aria-describedby=\"caption-attachment-47910\" style=\"width: 317px\" class=\"wp-caption alignright\"><a href=\"https:\/\/i0.wp.com\/www.eltrabajo.cl\/portal\/wp-content\/uploads\/2014\/06\/Aborto1.jpg\"><img data-recalc-dims=\"1\" loading=\"lazy\" decoding=\"async\" class=\" wp-image-47910 \" alt=\"La iniciativa contar\u00e1 con la participaci\u00f3n de dos profesionales conferencistas, el Abogado Constitucionalista Jorge Reyes de Concepci\u00f3n y el Doctor especialista en la materia e investigador en cuanto al aborto, Jos\u00e9 Tomas Gazmuri, de la Universidad Cat\u00f3lica de Santiago. (Foto ilustrativa)\" src=\"https:\/\/i0.wp.com\/www.eltrabajo.cl\/portal\/wp-content\/uploads\/2014\/06\/Aborto1.jpg?resize=317%2C152\" width=\"317\" height=\"152\" srcset=\"https:\/\/i0.wp.com\/eltrabajo.cl\/portal\/wp-content\/uploads\/2014\/06\/Aborto1.jpg?w=528&amp;ssl=1 528w, https:\/\/i0.wp.com\/eltrabajo.cl\/portal\/wp-content\/uploads\/2014\/06\/Aborto1.jpg?resize=200%2C96&amp;ssl=1 200w, https:\/\/i0.wp.com\/eltrabajo.cl\/portal\/wp-content\/uploads\/2014\/06\/Aborto1.jpg?resize=300%2C144&amp;ssl=1 300w, https:\/\/i0.wp.com\/eltrabajo.cl\/portal\/wp-content\/uploads\/2014\/06\/Aborto1.jpg?resize=150%2C72&amp;ssl=1 150w, https:\/\/i0.wp.com\/eltrabajo.cl\/portal\/wp-content\/uploads\/2014\/06\/Aborto1.jpg?resize=400%2C192&amp;ssl=1 400w\" sizes=\"auto, (max-width: 317px) 100vw, 317px\" \/><\/a><figcaption id=\"caption-attachment-47910\" class=\"wp-caption-text\">La iniciativa contar\u00e1 con la participaci\u00f3n de dos profesionales conferencistas, el Abogado Constitucionalista Jorge Reyes de Concepci\u00f3n y el Doctor especialista en la materia e investigador en cuanto al aborto, Jos\u00e9 Tomas Gazmuri, de la Universidad Cat\u00f3lica de Santiago. (Foto ilustrativa)<\/figcaption><\/figure>\n<p>Benjam\u00edn Lorca, gestor de la iniciativa, junto con agradecer al Alcalde Patricio Freire y al Concejal Juan Manuel Millanao, quienes han estado apoyando en la realizaci\u00f3n de esta actividad, dijo que \u201cser\u00e1 un momento de informaci\u00f3n y documentaci\u00f3n en un tema tan importante, contingente y necesario de poder informarse para poder tener una base en cuanto al debate y argumentar lo que para nosotros no es una opci\u00f3n como lo es la defensa de la vida\u201d.<\/p>\n<p>En la oportunidad se analizar\u00e1n las repercusiones que puede tener el aborto terap\u00e9utico en la persona y en la sociedad, con interacci\u00f3n del p\u00fablico, por lo que se invita a todas las personas que est\u00e1n o no de acuerdo con esta perspectiva del aborto para que asistan y se pueda generar esta interacci\u00f3n enriquecedora. La actividad tendr\u00e1 lugar el pr\u00f3ximo lunes 23 de junio desde las 19:00 horas en el Teatro Municipal de San Felipe.<\/p>\n<p>&nbsp;<\/p>\n","protected":false},"excerpt":{"rendered":"<p>A una jornada de reflexi\u00f3n en torno al aborto terap\u00e9utico, est\u00e1 invitando al Programa Espacio abierto de Radio Corporaci\u00f3n. La iniciativa contar\u00e1 con la participaci\u00f3n de dos profesionales conferencistas, el Abogado Constitucionalista&#8230;<\/p>\n","protected":false},"author":482,"featured_media":47909,"comment_status":"open","ping_status":"closed","sticky":false,"template":"","format":"standard","meta":{"advanced_seo_description":"","jetpack_seo_html_title":"","jetpack_seo_noindex":false,"_jetpack_memberships_contains_paid_content":false,"footnotes":""},"categories":[15],"tags":[],"class_list":["post-47908","post","type-post","status-publish","format-standard","has-post-thumbnail","hentry","category-comunidad"],"jetpack_featured_media_url":"https:\/\/i0.wp.com\/eltrabajo.cl\/portal\/wp-content\/uploads\/2014\/06\/Benjamin-Lorca.jpg?fit=529%2C570&ssl=1","jetpack_sharing_enabled":true,"jetpack_likes_enabled":true,"jetpack-related-posts":[],"_links":{"self":[{"href":"https:\/\/eltrabajo.cl\/portal\/wp-json\/wp\/v2\/posts\/47908","targetHints":{"allow":["GET"]}}],"collection":[{"href":"https:\/\/eltrabajo.cl\/portal\/wp-json\/wp\/v2\/posts"}],"about":[{"href":"https:\/\/eltrabajo.cl\/portal\/wp-json\/wp\/v2\/types\/post"}],"author":[{"embeddable":true,"href":"https:\/\/eltrabajo.cl\/portal\/wp-json\/wp\/v2\/users\/482"}],"replies":[{"embeddable":true,"href":"https:\/\/eltrabajo.cl\/portal\/wp-json\/wp\/v2\/comments?post=47908"}],"version-history":[{"count":0,"href":"https:\/\/eltrabajo.cl\/portal\/wp-json\/wp\/v2\/posts\/47908\/revisions"}],"wp:featuredmedia":[{"embeddable":true,"href":"https:\/\/eltrabajo.cl\/portal\/wp-json\/wp\/v2\/media\/47909"}],"wp:attachment":[{"href":"https:\/\/eltrabajo.cl\/portal\/wp-json\/wp\/v2\/media?parent=47908"}],"wp:term":[{"taxonomy":"category","embeddable":true,"href":"https:\/\/eltrabajo.cl\/portal\/wp-json\/wp\/v2\/categories?post=47908"},{"taxonomy":"post_tag","embeddable":true,"href":"https:\/\/eltrabajo.cl\/portal\/wp-json\/wp\/v2\/tags?post=47908"}],"curies":[{"name":"wp","href":"https:\/\/api.w.org\/{rel}","templated":true}]}}