{"id":47940,"date":"2014-06-23T09:42:22","date_gmt":"2014-06-23T13:42:22","guid":{"rendered":"http:\/\/www.eltrabajo.cl\/portal\/?p=47940"},"modified":"2014-06-23T09:42:22","modified_gmt":"2014-06-23T13:42:22","slug":"artista-putaendina-brilla-con-su-trabajo-suenos-en-colores","status":"publish","type":"post","link":"https:\/\/eltrabajo.cl\/portal\/artista-putaendina-brilla-con-su-trabajo-suenos-en-colores\/","title":{"rendered":"Artista putaendina brilla con su trabajo Sue\u00f1os en colores"},"content":{"rendered":"<p>Artesana Mar\u00eda Luisa Varas:<\/p>\n<figure id=\"attachment_47941\" aria-describedby=\"caption-attachment-47941\" style=\"width: 529px\" class=\"wp-caption alignnone\"><a href=\"https:\/\/i0.wp.com\/www.eltrabajo.cl\/portal\/wp-content\/uploads\/2014\/06\/Artistas1.jpg\"><img data-recalc-dims=\"1\" loading=\"lazy\" decoding=\"async\" class=\"size-full wp-image-47941\" alt=\"Mar\u00eda Luisa Varas recibe un regalo floral de manos de una de las funcionarias del Centro Cultural.\" src=\"https:\/\/i0.wp.com\/www.eltrabajo.cl\/portal\/wp-content\/uploads\/2014\/06\/Artistas1.jpg?resize=529%2C358\" width=\"529\" height=\"358\" srcset=\"https:\/\/i0.wp.com\/eltrabajo.cl\/portal\/wp-content\/uploads\/2014\/06\/Artistas1.jpg?w=529&amp;ssl=1 529w, https:\/\/i0.wp.com\/eltrabajo.cl\/portal\/wp-content\/uploads\/2014\/06\/Artistas1.jpg?resize=200%2C135&amp;ssl=1 200w, https:\/\/i0.wp.com\/eltrabajo.cl\/portal\/wp-content\/uploads\/2014\/06\/Artistas1.jpg?resize=300%2C203&amp;ssl=1 300w, https:\/\/i0.wp.com\/eltrabajo.cl\/portal\/wp-content\/uploads\/2014\/06\/Artistas1.jpg?resize=150%2C101&amp;ssl=1 150w, https:\/\/i0.wp.com\/eltrabajo.cl\/portal\/wp-content\/uploads\/2014\/06\/Artistas1.jpg?resize=400%2C270&amp;ssl=1 400w\" sizes=\"auto, (max-width: 529px) 100vw, 529px\" \/><\/a><figcaption id=\"caption-attachment-47941\" class=\"wp-caption-text\">Mar\u00eda Luisa Varas recibe un regalo floral de manos de una de las funcionarias del Centro Cultural.<\/figcaption><\/figure>\n<p><strong>PUTAENDO.<\/strong>&#8211; La tarde de este viernes tuvo un significado especial para la cultura en Rinconada de Silva y Putaendo, pues en esta ocasi\u00f3n los generosos brazos del arte se abrieron para recibir a la artesana Mar\u00eda Luisa Varas Arancibia, quien inaugur\u00f3 una hermosa exposici\u00f3n denominada Sue\u00f1os en colores.<\/p>\n<p>En dependencias del Centro de Desarrollo y Expresi\u00f3n Cultural de Rinconada de Silva, pasadas las 18:15 horas y con la presencia de la anfitriona, Gemma Lepe, la Presidente de la Uni\u00f3n Comunal del Adulto Mayor de Putaendo, Irma Mena; la Presidente de la Uni\u00f3n Comunal de Talleres Femeninos de Putaendo, Lucila Ossand\u00f3n; la Presidente del Club de Adulto Mayor Volver a vivir de Rinconada de Silva, In\u00e9s Gonz\u00e1lez; el Presidente del Frente de Protecci\u00f3n del Patrimonio, Joaqu\u00edn Gallardo y la se\u00f1ora Edith Segovia en representaci\u00f3n de la Dideco, se dio inicio a la inauguraci\u00f3n de esta hermosa exposici\u00f3n de policrom\u00eda en madera y yeso.<\/p>\n<p><strong>BUSCANDO PAZ<\/strong><\/p>\n<p>Mar\u00eda Luisa Varas Arriaza lleg\u00f3 a la localidad de Rinconada de Silva el a\u00f1o 2012 en busca de paz y tranquilidad, lo que ha sido una forma de terapia para su salud. El a\u00f1o 2007 comenz\u00f3 a trabajar el yeso y la madera, convenci\u00e9ndose de que su mayor sue\u00f1o era tener un taller para dar vida a cada figura que realizaba con sus manos, jugando con colores y t\u00e9cnicas que finalmente se convert\u00edan en hermosos trabajos.<\/p>\n<p>En la actualidad lo m\u00e1s importante para Mar\u00eda Luisa es poder traspasar su arte a otras personas. En su intervenci\u00f3n y muy emocionada, Mar\u00eda Luisa Varas agradeci\u00f3 la oportunidad que le brind\u00f3 el Centro de Desarrollo y Expresi\u00f3n Cultural de Rinconada de Silva y tambi\u00e9n el apoyo que ha tenido en la comuna de Putaendo, \u201cesto es la realizaci\u00f3n de un sue\u00f1o muy profundo, ya que debido a este trabajo que creci\u00f3 como una forma de terapia para salir adelante debido a una enfermedad me di cuenta que soy capaz de darle vida a los colores, as\u00ed que estoy muy emocionada por la gente que hoy me acompa\u00f1\u00f3 y por la oportunidad de dar a conocer mi trabajo\u201d.<\/p>\n<p>Por su parte, Gemma Lepe, destac\u00f3 la actividad como una ceremonia sencilla y a su vez significativa, adem\u00e1s resalt\u00f3 el inter\u00e9s que tuvo la artesana Mar\u00eda Luisa Varas para integrarse a la Feria Saberes y Sabores, \u201cMar\u00eda Luisa es una persona muy agradable, ella lleg\u00f3 al centro cultural en abril de este a\u00f1o para integrarse a la Feria Saberes y Sabores de Rinconada de Silva y tras el \u00e9xito que tuvieron sus trabajos en la feria ella dijo que deseaba pertenecer a este grupo de artesanos y hoy hemos celebrado su primera exposici\u00f3n que es un sue\u00f1o que ella siempre mantuvo desde joven y ac\u00e1 se ve su talento, su dedicaci\u00f3n que se ve reflejada en estos preciosos trabajos\u201d.<\/p>\n<p>Luego uno a uno los dirigentes invitados elogiaron el trabajo de la artesana, el esfuerzo detr\u00e1s de la concreci\u00f3n de este anhelo y tambi\u00e9n los representantes de las organizaciones invitadas coincidieron en que las puertas de sus agrupaciones est\u00e1n abiertas para recibir a este prolijo talento que se abre paso en la comuna.<\/p>\n<p>Para quienes deseen interiorizarse y aprender de este trabajo de policrom\u00eda en madera y yeso, Mar\u00eda Luisa Varas tiene ubicado su taller en Calle Centenario N\u00b011 del sector Las Quillotanas y seg\u00fan nos coment\u00f3, en dos sesiones de dos horas se puede aprender este arte, por un valor de tan s\u00f3lo $3.000 por sesi\u00f3n.<\/p>\n<p>Al finalizar la actividad los presentes disfrutaron de un exquisito vino de honor, con empanadas de queso, calzones rotos, queques y tapaditos, todo amenizado por el talento del m\u00fasico local Claudio Quijanes.<\/p>\n<p>Patricio Gallardo M.<\/p>\n<div class=\"tiled-gallery type-rectangular tiled-gallery-unresized\" data-original-width=\"640\" data-carousel-extra='null' itemscope itemtype=\"http:\/\/schema.org\/ImageGallery\" > <div class=\"gallery-row\" style=\"width: 640px; height: 263px;\" data-original-width=\"640\" data-original-height=\"263\" > <div class=\"gallery-group images-1\" style=\"width: 462px; height: 263px;\" data-original-width=\"462\" data-original-height=\"263\" > <div class=\"tiled-gallery-item tiled-gallery-item-large\" itemprop=\"associatedMedia\" itemscope itemtype=\"http:\/\/schema.org\/ImageObject\"> <a href=\"https:\/\/eltrabajo.cl\/portal\/artista-putaendina-brilla-con-su-trabajo-suenos-en-colores\/expo1-3\/\" border=\"0\" itemprop=\"url\"> <meta itemprop=\"width\" content=\"458\"> <meta itemprop=\"height\" content=\"259\"> <img decoding=\"async\" class=\"\" data-attachment-id=\"47942\" data-orig-file=\"https:\/\/eltrabajo.cl\/portal\/wp-content\/uploads\/2014\/06\/Expo1.jpg\" data-orig-size=\"528,298\" data-comments-opened=\"1\" data-image-meta=\"{&quot;aperture&quot;:&quot;5&quot;,&quot;credit&quot;:&quot;&quot;,&quot;camera&quot;:&quot;Canon EOS REBEL T3i&quot;,&quot;caption&quot;:&quot;&quot;,&quot;created_timestamp&quot;:&quot;1403289606&quot;,&quot;copyright&quot;:&quot;[wopmind]&quot;,&quot;focal_length&quot;:&quot;18&quot;,&quot;iso&quot;:&quot;6400&quot;,&quot;shutter_speed&quot;:&quot;0.016666666666667&quot;,&quot;title&quot;:&quot;&quot;}\" data-image-title=\"Expo1\" data-image-description=\"&lt;p&gt;La tarde de este viernes la artesana Mar\u00eda Luisa Varas Arancibia inaugur\u00f3 una hermosa exposici\u00f3n denominada Sue\u00f1os en colores.&lt;\/p&gt; \" data-medium-file=\"https:\/\/i0.wp.com\/eltrabajo.cl\/portal\/wp-content\/uploads\/2014\/06\/Expo1.jpg?fit=300%2C169&#038;ssl=1\" data-large-file=\"https:\/\/i0.wp.com\/eltrabajo.cl\/portal\/wp-content\/uploads\/2014\/06\/Expo1.jpg?fit=528%2C298&#038;ssl=1\" src=\"https:\/\/i0.wp.com\/eltrabajo.cl\/portal\/wp-content\/uploads\/2014\/06\/Expo1.jpg?w=458&#038;h=259&#038;ssl=1\" srcset=\"https:\/\/i0.wp.com\/eltrabajo.cl\/portal\/wp-content\/uploads\/2014\/06\/Expo1.jpg?w=528&amp;ssl=1 528w, https:\/\/i0.wp.com\/eltrabajo.cl\/portal\/wp-content\/uploads\/2014\/06\/Expo1.jpg?resize=200%2C112&amp;ssl=1 200w, https:\/\/i0.wp.com\/eltrabajo.cl\/portal\/wp-content\/uploads\/2014\/06\/Expo1.jpg?resize=300%2C169&amp;ssl=1 300w, https:\/\/i0.wp.com\/eltrabajo.cl\/portal\/wp-content\/uploads\/2014\/06\/Expo1.jpg?resize=150%2C84&amp;ssl=1 150w, https:\/\/i0.wp.com\/eltrabajo.cl\/portal\/wp-content\/uploads\/2014\/06\/Expo1.jpg?resize=400%2C225&amp;ssl=1 400w\" width=\"458\" height=\"259\" loading=\"lazy\" data-original-width=\"458\" data-original-height=\"259\" itemprop=\"http:\/\/schema.org\/image\" title=\"Expo1\" alt=\"La tarde de este viernes la artesana Mar\u00eda Luisa Varas Arancibia inaugur\u00f3 una hermosa exposici\u00f3n denominada Sue\u00f1os en colores.\" style=\"width: 458px; height: 259px;\" \/> <\/a> <div class=\"tiled-gallery-caption\" itemprop=\"caption description\"> La tarde de este viernes la artesana Mar\u00eda Luisa Varas Arancibia inaugur\u00f3 una hermosa exposici\u00f3n denominada Sue\u00f1os en colores. <\/div> <\/div> <\/div> <!-- close group --> <div class=\"gallery-group images-1\" style=\"width: 178px; height: 263px;\" data-original-width=\"178\" data-original-height=\"263\" > <div class=\"tiled-gallery-item tiled-gallery-item-small\" itemprop=\"associatedMedia\" itemscope itemtype=\"http:\/\/schema.org\/ImageObject\"> <a href=\"https:\/\/eltrabajo.cl\/portal\/artista-putaendina-brilla-con-su-trabajo-suenos-en-colores\/virgen1\/\" border=\"0\" itemprop=\"url\"> <meta itemprop=\"width\" content=\"174\"> <meta itemprop=\"height\" content=\"259\"> <img decoding=\"async\" class=\"\" data-attachment-id=\"47943\" data-orig-file=\"https:\/\/eltrabajo.cl\/portal\/wp-content\/uploads\/2014\/06\/Virgen1.jpg\" data-orig-size=\"529,786\" data-comments-opened=\"1\" data-image-meta=\"{&quot;aperture&quot;:&quot;5.6&quot;,&quot;credit&quot;:&quot;&quot;,&quot;camera&quot;:&quot;Canon EOS REBEL T3i&quot;,&quot;caption&quot;:&quot;&quot;,&quot;created_timestamp&quot;:&quot;1403289480&quot;,&quot;copyright&quot;:&quot;[wopmind]&quot;,&quot;focal_length&quot;:&quot;43&quot;,&quot;iso&quot;:&quot;6400&quot;,&quot;shutter_speed&quot;:&quot;0.02&quot;,&quot;title&quot;:&quot;&quot;}\" data-image-title=\"Virgen1\" data-image-description=\"&lt;p&gt;SU OBRA.- Esta es una de las obras expuestas por esta artista putaendina, Mar\u00eda Luisa Varas sorprendi\u00f3 a propios y a extra\u00f1os con su propuesta.&lt;\/p&gt; \" data-medium-file=\"https:\/\/i0.wp.com\/eltrabajo.cl\/portal\/wp-content\/uploads\/2014\/06\/Virgen1.jpg?fit=201%2C300&#038;ssl=1\" data-large-file=\"https:\/\/i0.wp.com\/eltrabajo.cl\/portal\/wp-content\/uploads\/2014\/06\/Virgen1.jpg?fit=529%2C786&#038;ssl=1\" src=\"https:\/\/i0.wp.com\/eltrabajo.cl\/portal\/wp-content\/uploads\/2014\/06\/Virgen1.jpg?w=174&#038;h=259&#038;ssl=1\" srcset=\"https:\/\/i0.wp.com\/eltrabajo.cl\/portal\/wp-content\/uploads\/2014\/06\/Virgen1.jpg?w=529&amp;ssl=1 529w, https:\/\/i0.wp.com\/eltrabajo.cl\/portal\/wp-content\/uploads\/2014\/06\/Virgen1.jpg?resize=100%2C150&amp;ssl=1 100w, https:\/\/i0.wp.com\/eltrabajo.cl\/portal\/wp-content\/uploads\/2014\/06\/Virgen1.jpg?resize=201%2C300&amp;ssl=1 201w, https:\/\/i0.wp.com\/eltrabajo.cl\/portal\/wp-content\/uploads\/2014\/06\/Virgen1.jpg?resize=400%2C594&amp;ssl=1 400w\" width=\"174\" height=\"259\" loading=\"lazy\" data-original-width=\"174\" data-original-height=\"259\" itemprop=\"http:\/\/schema.org\/image\" title=\"Virgen1\" alt=\"SU OBRA.- Esta es una de las obras expuestas por esta artista putaendina, Mar\u00eda Luisa Varas sorprendi\u00f3 a propios y a extra\u00f1os con su propuesta.\" style=\"width: 174px; height: 259px;\" \/> <\/a> <div class=\"tiled-gallery-caption\" itemprop=\"caption description\"> SU OBRA.- Esta es una de las obras expuestas por esta artista putaendina, Mar\u00eda Luisa Varas sorprendi\u00f3 a propios y a extra\u00f1os con su propuesta. <\/div> <\/div> <\/div> <!-- close group --> <\/div> <!-- close row --> <\/div>\n","protected":false},"excerpt":{"rendered":"<p>Artesana Mar\u00eda Luisa Varas: PUTAENDO.&#8211; La tarde de este viernes tuvo un significado especial para la cultura en Rinconada de Silva y Putaendo, pues en esta ocasi\u00f3n los generosos brazos del arte&#8230;<\/p>\n","protected":false},"author":482,"featured_media":47941,"comment_status":"open","ping_status":"closed","sticky":false,"template":"","format":"standard","meta":{"advanced_seo_description":"","jetpack_seo_html_title":"","jetpack_seo_noindex":false,"_jetpack_memberships_contains_paid_content":false,"footnotes":""},"categories":[15],"tags":[],"class_list":["post-47940","post","type-post","status-publish","format-standard","has-post-thumbnail","hentry","category-comunidad"],"jetpack_featured_media_url":"https:\/\/i0.wp.com\/eltrabajo.cl\/portal\/wp-content\/uploads\/2014\/06\/Artistas1.jpg?fit=529%2C358&ssl=1","jetpack_sharing_enabled":true,"jetpack_likes_enabled":true,"jetpack-related-posts":[],"_links":{"self":[{"href":"https:\/\/eltrabajo.cl\/portal\/wp-json\/wp\/v2\/posts\/47940","targetHints":{"allow":["GET"]}}],"collection":[{"href":"https:\/\/eltrabajo.cl\/portal\/wp-json\/wp\/v2\/posts"}],"about":[{"href":"https:\/\/eltrabajo.cl\/portal\/wp-json\/wp\/v2\/types\/post"}],"author":[{"embeddable":true,"href":"https:\/\/eltrabajo.cl\/portal\/wp-json\/wp\/v2\/users\/482"}],"replies":[{"embeddable":true,"href":"https:\/\/eltrabajo.cl\/portal\/wp-json\/wp\/v2\/comments?post=47940"}],"version-history":[{"count":0,"href":"https:\/\/eltrabajo.cl\/portal\/wp-json\/wp\/v2\/posts\/47940\/revisions"}],"wp:featuredmedia":[{"embeddable":true,"href":"https:\/\/eltrabajo.cl\/portal\/wp-json\/wp\/v2\/media\/47941"}],"wp:attachment":[{"href":"https:\/\/eltrabajo.cl\/portal\/wp-json\/wp\/v2\/media?parent=47940"}],"wp:term":[{"taxonomy":"category","embeddable":true,"href":"https:\/\/eltrabajo.cl\/portal\/wp-json\/wp\/v2\/categories?post=47940"},{"taxonomy":"post_tag","embeddable":true,"href":"https:\/\/eltrabajo.cl\/portal\/wp-json\/wp\/v2\/tags?post=47940"}],"curies":[{"name":"wp","href":"https:\/\/api.w.org\/{rel}","templated":true}]}}