{"id":47957,"date":"2014-06-23T09:49:57","date_gmt":"2014-06-23T13:49:57","guid":{"rendered":"http:\/\/www.eltrabajo.cl\/portal\/?p=47957"},"modified":"2014-06-23T09:49:57","modified_gmt":"2014-06-23T13:49:57","slug":"amigos-y-familiares-recordaron-a-fallecido-musico-alberto-beto-gallardo","status":"publish","type":"post","link":"https:\/\/eltrabajo.cl\/portal\/amigos-y-familiares-recordaron-a-fallecido-musico-alberto-beto-gallardo\/","title":{"rendered":"Amigos y familiares recordaron a fallecido m\u00fasico Alberto \u2018Beto\u2019 Gallardo"},"content":{"rendered":"<figure id=\"attachment_47958\" aria-describedby=\"caption-attachment-47958\" style=\"width: 528px\" class=\"wp-caption alignnone\"><a href=\"https:\/\/i0.wp.com\/www.eltrabajo.cl\/portal\/wp-content\/uploads\/2014\/06\/Beto2.jpg\"><img data-recalc-dims=\"1\" loading=\"lazy\" decoding=\"async\" class=\"size-full wp-image-47958\" alt=\"NUNCA OLVIDADO.- Un emotivo homenaje brindaron amigos y familiares al fallecido m\u00fasico putaendino Alberto \u2018Beto\u2019 Gallardo Henr\u00edquez, la noche de este viernes.\" src=\"https:\/\/i0.wp.com\/www.eltrabajo.cl\/portal\/wp-content\/uploads\/2014\/06\/Beto2.jpg?resize=528%2C291\" width=\"528\" height=\"291\" srcset=\"https:\/\/i0.wp.com\/eltrabajo.cl\/portal\/wp-content\/uploads\/2014\/06\/Beto2.jpg?w=528&amp;ssl=1 528w, https:\/\/i0.wp.com\/eltrabajo.cl\/portal\/wp-content\/uploads\/2014\/06\/Beto2.jpg?resize=200%2C110&amp;ssl=1 200w, https:\/\/i0.wp.com\/eltrabajo.cl\/portal\/wp-content\/uploads\/2014\/06\/Beto2.jpg?resize=300%2C165&amp;ssl=1 300w, https:\/\/i0.wp.com\/eltrabajo.cl\/portal\/wp-content\/uploads\/2014\/06\/Beto2.jpg?resize=150%2C82&amp;ssl=1 150w, https:\/\/i0.wp.com\/eltrabajo.cl\/portal\/wp-content\/uploads\/2014\/06\/Beto2.jpg?resize=400%2C220&amp;ssl=1 400w\" sizes=\"auto, (max-width: 528px) 100vw, 528px\" \/><\/a><figcaption id=\"caption-attachment-47958\" class=\"wp-caption-text\">NUNCA OLVIDADO.- Un emotivo homenaje brindaron amigos y familiares al fallecido m\u00fasico putaendino Alberto \u2018Beto\u2019 Gallardo Henr\u00edquez, la noche de este viernes.<\/figcaption><\/figure>\n<p><strong>PUTAENDO.<\/strong>&#8211; Un emotivo homenaje brindaron amigos y familiares al fallecido m\u00fasico putaendino Alberto \u2018Beto\u2019 Gallardo Henr\u00edquez, la noche de este viernes. Pasadas las 20:40 horas de este viernes cientos de personas se las arreglaron para ubicarse en el patio del Teatro Cervantes, donde las velas encendidas en las mesas daban un toque especial a un evento lleno de recuerdos y emociones que se dejaban sentir en cada uno de los presentes.<\/p>\n<p>Primeramente un grupo de amigos se reunieron en el escenario preparado para la ocasi\u00f3n y al un\u00edsono interpretaron el tema \u2018Lamento Boliviano\u2019, que muchas veces en una que otra junta interpret\u00f3 junto al querido \u2018Beto\u2019 Gallardo.<\/p>\n<p>La actividad denominada \u2018Honrar la vida\u2019 es el quinto tributo que se realiza en homenaje a Alberto Gallardo Henr\u00edquez, quien falleci\u00f3 en junio de 2010, mismo a\u00f1o en el cual amigos y familiares comenzaron a rendir homenajes para recordar los bellos momentos vividos junto al joven m\u00fasico.<\/p>\n<p>Posteriormente el m\u00fasico local, Freddy Alvarado, interpret\u00f3 una serie de emotivos temas de los m\u00e1s diversos autores y tambi\u00e9n interpret\u00f3 un tema de su autor\u00eda en recuerdo de Alberto.<\/p>\n<p>Luego correspondi\u00f3 el turno al Grupo De ron a ritmo, del cual \u2018Beto\u2019 Gallardo fue su fundador y con el inconfundible estilo que los caracteriza, los muchachos de este reconocido grupo local interpretaron varios temas de su autor\u00eda y tambi\u00e9n algunos covers, muchos de los cuales interpretaron junto a Alberto Gallardo en m\u00e1s de una presentaci\u00f3n.<\/p>\n<p>Alberto Gallardo Lobos, padre del fallecido y recordado m\u00fasico putaendino, destac\u00f3 el hecho que despu\u00e9s de cuatro a\u00f1os de la partida de \u2018Beto\u2019 sus familiares, amigos y quienes le conocieron se sigan reuniendo a\u00f1o a a\u00f1o para recordarlo y homenajearlo, \u201ces un momento muy fuerte donde existen emociones encontradas, pero a su vez enriquecedor, pues en cierta medida el llevar la m\u00fasica en la sangre es un legado que dej\u00f3 mi hijo y para nosotros como familia estos homenajes son enriquecedores pues sus amigos y su familia lo hacen con un cari\u00f1o que no tiene precio, esto es una actividad hermos\u00edsima que de una u otra forma mantiene vivo el recuerdo del Beto\u201d.<\/p>\n<p>En tanto, Elvis Gallardo Riffo, primo de Alberto \u2018Beto\u2019 Gallardo y a su vez m\u00fasico del Grupo De ron a ritmo, resalt\u00f3 la importancia de mantener a\u00f1o a a\u00f1o este homenaje, \u201cpara nosotros es algo s\u00faper importante, el Beto en nuestras vidas fue important\u00edsimo, entonces hacer esto por quinta vez consecutiva es bastante significativo y ojala se siga desarrollando por muchos a\u00f1os m\u00e1s y siga creciendo, ya que es una fiesta familiar y donde se encuentran los amigos, adem\u00e1s es una actividad muy bonita\u201d.<\/p>\n<p>Patricio Gallardo M.<\/p>\n<div class=\"tiled-gallery type-rectangular tiled-gallery-unresized\" data-original-width=\"640\" data-carousel-extra='null' itemscope itemtype=\"http:\/\/schema.org\/ImageGallery\" > <div class=\"gallery-row\" style=\"width: 640px; height: 257px;\" data-original-width=\"640\" data-original-height=\"257\" > <div class=\"gallery-group images-1\" style=\"width: 263px; height: 257px;\" data-original-width=\"263\" data-original-height=\"257\" > <div class=\"tiled-gallery-item tiled-gallery-item-large\" itemprop=\"associatedMedia\" itemscope itemtype=\"http:\/\/schema.org\/ImageObject\"> <a href=\"https:\/\/eltrabajo.cl\/portal\/amigos-y-familiares-recordaron-a-fallecido-musico-alberto-beto-gallardo\/alberto-gallardo\/\" border=\"0\" itemprop=\"url\"> <meta itemprop=\"width\" content=\"259\"> <meta itemprop=\"height\" content=\"253\"> <img decoding=\"async\" class=\"\" data-attachment-id=\"47959\" data-orig-file=\"https:\/\/eltrabajo.cl\/portal\/wp-content\/uploads\/2014\/06\/ALBERTO-GALLARDO.jpg\" data-orig-size=\"529,516\" data-comments-opened=\"1\" data-image-meta=\"{&quot;aperture&quot;:&quot;5&quot;,&quot;credit&quot;:&quot;&quot;,&quot;camera&quot;:&quot;Canon EOS REBEL T3i&quot;,&quot;caption&quot;:&quot;&quot;,&quot;created_timestamp&quot;:&quot;1403297656&quot;,&quot;copyright&quot;:&quot;[wopmind]&quot;,&quot;focal_length&quot;:&quot;43&quot;,&quot;iso&quot;:&quot;400&quot;,&quot;shutter_speed&quot;:&quot;0.016666666666667&quot;,&quot;title&quot;:&quot;&quot;}\" data-image-title=\"ALBERTO GALLARDO\" data-image-description=\"&lt;p&gt;Alberto Gallardo Lobos, padre del fallecido y recordado m\u00fasico putaendino.&lt;\/p&gt; \" data-medium-file=\"https:\/\/i0.wp.com\/eltrabajo.cl\/portal\/wp-content\/uploads\/2014\/06\/ALBERTO-GALLARDO.jpg?fit=300%2C292&#038;ssl=1\" data-large-file=\"https:\/\/i0.wp.com\/eltrabajo.cl\/portal\/wp-content\/uploads\/2014\/06\/ALBERTO-GALLARDO.jpg?fit=529%2C516&#038;ssl=1\" src=\"https:\/\/i0.wp.com\/eltrabajo.cl\/portal\/wp-content\/uploads\/2014\/06\/ALBERTO-GALLARDO.jpg?w=259&#038;h=253&#038;ssl=1\" srcset=\"https:\/\/i0.wp.com\/eltrabajo.cl\/portal\/wp-content\/uploads\/2014\/06\/ALBERTO-GALLARDO.jpg?w=529&amp;ssl=1 529w, https:\/\/i0.wp.com\/eltrabajo.cl\/portal\/wp-content\/uploads\/2014\/06\/ALBERTO-GALLARDO.jpg?resize=153%2C150&amp;ssl=1 153w, https:\/\/i0.wp.com\/eltrabajo.cl\/portal\/wp-content\/uploads\/2014\/06\/ALBERTO-GALLARDO.jpg?resize=300%2C292&amp;ssl=1 300w, https:\/\/i0.wp.com\/eltrabajo.cl\/portal\/wp-content\/uploads\/2014\/06\/ALBERTO-GALLARDO.jpg?resize=150%2C146&amp;ssl=1 150w, https:\/\/i0.wp.com\/eltrabajo.cl\/portal\/wp-content\/uploads\/2014\/06\/ALBERTO-GALLARDO.jpg?resize=400%2C390&amp;ssl=1 400w\" width=\"259\" height=\"253\" loading=\"lazy\" data-original-width=\"259\" data-original-height=\"253\" itemprop=\"http:\/\/schema.org\/image\" title=\"ALBERTO GALLARDO\" alt=\"Alberto Gallardo Lobos, padre del fallecido y recordado m\u00fasico putaendino.\" style=\"width: 259px; height: 253px;\" \/> <\/a> <div class=\"tiled-gallery-caption\" itemprop=\"caption description\"> Alberto Gallardo Lobos, padre del fallecido y recordado m\u00fasico putaendino. <\/div> <\/div> <\/div> <!-- close group --> <div class=\"gallery-group images-1\" style=\"width: 377px; height: 257px;\" data-original-width=\"377\" data-original-height=\"257\" > <div class=\"tiled-gallery-item tiled-gallery-item-large\" itemprop=\"associatedMedia\" itemscope itemtype=\"http:\/\/schema.org\/ImageObject\"> <a href=\"https:\/\/eltrabajo.cl\/portal\/amigos-y-familiares-recordaron-a-fallecido-musico-alberto-beto-gallardo\/beto1\/\" border=\"0\" itemprop=\"url\"> <meta itemprop=\"width\" content=\"373\"> <meta itemprop=\"height\" content=\"253\"> <img decoding=\"async\" class=\"\" data-attachment-id=\"47960\" data-orig-file=\"https:\/\/eltrabajo.cl\/portal\/wp-content\/uploads\/2014\/06\/Beto1.jpg\" data-orig-size=\"529,358\" data-comments-opened=\"1\" data-image-meta=\"{&quot;aperture&quot;:&quot;1.8&quot;,&quot;credit&quot;:&quot;Oliver Gallardo&quot;,&quot;camera&quot;:&quot;Canon EOS REBEL T3&quot;,&quot;caption&quot;:&quot;&quot;,&quot;created_timestamp&quot;:&quot;1403305594&quot;,&quot;copyright&quot;:&quot;2013&quot;,&quot;focal_length&quot;:&quot;50&quot;,&quot;iso&quot;:&quot;1000&quot;,&quot;shutter_speed&quot;:&quot;0.016666666666667&quot;,&quot;title&quot;:&quot;&quot;}\" data-image-title=\"Beto1\" data-image-description=\"&lt;p&gt;NOS DEJ\u00d3 MUCHO.- El Grupo De ron a ritmo, del cual \u2018Beto\u2019 Gallardo fue su fundador y con el inconfundible estilo que los caracteriza, tambi\u00e9n supo aportar a la velada.&lt;\/p&gt; \" data-medium-file=\"https:\/\/i0.wp.com\/eltrabajo.cl\/portal\/wp-content\/uploads\/2014\/06\/Beto1.jpg?fit=300%2C203&#038;ssl=1\" data-large-file=\"https:\/\/i0.wp.com\/eltrabajo.cl\/portal\/wp-content\/uploads\/2014\/06\/Beto1.jpg?fit=529%2C358&#038;ssl=1\" src=\"https:\/\/i0.wp.com\/eltrabajo.cl\/portal\/wp-content\/uploads\/2014\/06\/Beto1.jpg?w=373&#038;h=253&#038;ssl=1\" srcset=\"https:\/\/i0.wp.com\/eltrabajo.cl\/portal\/wp-content\/uploads\/2014\/06\/Beto1.jpg?w=529&amp;ssl=1 529w, https:\/\/i0.wp.com\/eltrabajo.cl\/portal\/wp-content\/uploads\/2014\/06\/Beto1.jpg?resize=200%2C135&amp;ssl=1 200w, https:\/\/i0.wp.com\/eltrabajo.cl\/portal\/wp-content\/uploads\/2014\/06\/Beto1.jpg?resize=300%2C203&amp;ssl=1 300w, https:\/\/i0.wp.com\/eltrabajo.cl\/portal\/wp-content\/uploads\/2014\/06\/Beto1.jpg?resize=150%2C101&amp;ssl=1 150w, https:\/\/i0.wp.com\/eltrabajo.cl\/portal\/wp-content\/uploads\/2014\/06\/Beto1.jpg?resize=400%2C270&amp;ssl=1 400w\" width=\"373\" height=\"253\" loading=\"lazy\" data-original-width=\"373\" data-original-height=\"253\" itemprop=\"http:\/\/schema.org\/image\" title=\"Beto1\" alt=\"NOS DEJ\u00d3 MUCHO.- El Grupo De ron a ritmo, del cual \u2018Beto\u2019 Gallardo fue su fundador y con el inconfundible estilo que los caracteriza, tambi\u00e9n supo aportar a la velada.\" style=\"width: 373px; height: 253px;\" \/> <\/a> <div class=\"tiled-gallery-caption\" itemprop=\"caption description\"> NOS DEJ\u00d3 MUCHO.- El Grupo De ron a ritmo, del cual \u2018Beto\u2019 Gallardo fue su fundador y con el inconfundible estilo que los caracteriza, tambi\u00e9n supo aportar a la velada. <\/div> <\/div> <\/div> <!-- close group --> <\/div> <!-- close row --> <\/div>\n","protected":false},"excerpt":{"rendered":"<p>PUTAENDO.&#8211; Un emotivo homenaje brindaron amigos y familiares al fallecido m\u00fasico putaendino Alberto \u2018Beto\u2019 Gallardo Henr\u00edquez, la noche de este viernes. Pasadas las 20:40 horas de este viernes cientos de personas se&#8230;<\/p>\n","protected":false},"author":482,"featured_media":47958,"comment_status":"open","ping_status":"closed","sticky":false,"template":"","format":"standard","meta":{"advanced_seo_description":"","jetpack_seo_html_title":"","jetpack_seo_noindex":false,"_jetpack_memberships_contains_paid_content":false,"footnotes":""},"categories":[15],"tags":[],"class_list":["post-47957","post","type-post","status-publish","format-standard","has-post-thumbnail","hentry","category-comunidad"],"jetpack_featured_media_url":"https:\/\/i0.wp.com\/eltrabajo.cl\/portal\/wp-content\/uploads\/2014\/06\/Beto2.jpg?fit=528%2C291&ssl=1","jetpack_sharing_enabled":true,"jetpack_likes_enabled":true,"jetpack-related-posts":[],"_links":{"self":[{"href":"https:\/\/eltrabajo.cl\/portal\/wp-json\/wp\/v2\/posts\/47957","targetHints":{"allow":["GET"]}}],"collection":[{"href":"https:\/\/eltrabajo.cl\/portal\/wp-json\/wp\/v2\/posts"}],"about":[{"href":"https:\/\/eltrabajo.cl\/portal\/wp-json\/wp\/v2\/types\/post"}],"author":[{"embeddable":true,"href":"https:\/\/eltrabajo.cl\/portal\/wp-json\/wp\/v2\/users\/482"}],"replies":[{"embeddable":true,"href":"https:\/\/eltrabajo.cl\/portal\/wp-json\/wp\/v2\/comments?post=47957"}],"version-history":[{"count":0,"href":"https:\/\/eltrabajo.cl\/portal\/wp-json\/wp\/v2\/posts\/47957\/revisions"}],"wp:featuredmedia":[{"embeddable":true,"href":"https:\/\/eltrabajo.cl\/portal\/wp-json\/wp\/v2\/media\/47958"}],"wp:attachment":[{"href":"https:\/\/eltrabajo.cl\/portal\/wp-json\/wp\/v2\/media?parent=47957"}],"wp:term":[{"taxonomy":"category","embeddable":true,"href":"https:\/\/eltrabajo.cl\/portal\/wp-json\/wp\/v2\/categories?post=47957"},{"taxonomy":"post_tag","embeddable":true,"href":"https:\/\/eltrabajo.cl\/portal\/wp-json\/wp\/v2\/tags?post=47957"}],"curies":[{"name":"wp","href":"https:\/\/api.w.org\/{rel}","templated":true}]}}