{"id":48029,"date":"2014-06-24T09:44:01","date_gmt":"2014-06-24T13:44:01","guid":{"rendered":"http:\/\/www.eltrabajo.cl\/portal\/?p=48029"},"modified":"2014-06-24T09:44:01","modified_gmt":"2014-06-24T13:44:01","slug":"empresa-lucero-recibe-el-premio-volante-de-oro-2014","status":"publish","type":"post","link":"https:\/\/eltrabajo.cl\/portal\/empresa-lucero-recibe-el-premio-volante-de-oro-2014\/","title":{"rendered":"Empresa Lucero recibe el Premio Volante de Oro 2014"},"content":{"rendered":"<figure id=\"attachment_48030\" aria-describedby=\"caption-attachment-48030\" style=\"width: 528px\" class=\"wp-caption alignnone\"><a href=\"https:\/\/i0.wp.com\/www.eltrabajo.cl\/portal\/wp-content\/uploads\/2014\/06\/Entrega1.jpg\"><img data-recalc-dims=\"1\" loading=\"lazy\" decoding=\"async\" class=\"size-full wp-image-48030\" alt=\"UN LUCERO EMPRESARIAL.- La empresa santamariana, Transportes Lucero Internacional, se adjudic\u00f3 el Premio Volante de Oro 2014 en su categor\u00eda de mediana empresa.\" src=\"https:\/\/i0.wp.com\/www.eltrabajo.cl\/portal\/wp-content\/uploads\/2014\/06\/Entrega1.jpg?resize=528%2C335\" width=\"528\" height=\"335\" srcset=\"https:\/\/i0.wp.com\/eltrabajo.cl\/portal\/wp-content\/uploads\/2014\/06\/Entrega1.jpg?w=528&amp;ssl=1 528w, https:\/\/i0.wp.com\/eltrabajo.cl\/portal\/wp-content\/uploads\/2014\/06\/Entrega1.jpg?resize=200%2C126&amp;ssl=1 200w, https:\/\/i0.wp.com\/eltrabajo.cl\/portal\/wp-content\/uploads\/2014\/06\/Entrega1.jpg?resize=300%2C190&amp;ssl=1 300w, https:\/\/i0.wp.com\/eltrabajo.cl\/portal\/wp-content\/uploads\/2014\/06\/Entrega1.jpg?resize=150%2C95&amp;ssl=1 150w, https:\/\/i0.wp.com\/eltrabajo.cl\/portal\/wp-content\/uploads\/2014\/06\/Entrega1.jpg?resize=400%2C253&amp;ssl=1 400w\" sizes=\"auto, (max-width: 528px) 100vw, 528px\" \/><\/a><figcaption id=\"caption-attachment-48030\" class=\"wp-caption-text\">UN LUCERO EMPRESARIAL.- La empresa santamariana, Transportes Lucero Internacional, se adjudic\u00f3 el Premio Volante de Oro 2014 en su categor\u00eda de mediana empresa.<\/figcaption><\/figure>\n<p><strong>SANTA MAR\u00cdA<\/strong>.- La empresa santamariana, Transportes Lucero Internacional, se adjudic\u00f3 el Premio Volante de Oro 2014 en su categor\u00eda de Mediana empresa, galard\u00f3n m\u00e1ximo otorgado a las empresas relacionadas con el transporte en Chile. Cabe destacar que en una ceremonia llevada a cabo en Casa de Piedra, regi\u00f3n metropolitana y con la presencia del Ministro de Transporte, Andr\u00e9s G\u00f3mez Lobos; el Subsecretario de Transporte, Cristian Brown y los m\u00e1s altos ejecutivos y empresarios de todo Chile, la directiva de Transportes Lucero, conformada por Mario Lucero Chaparro, Fernando Lucero Chaparro y Danilo Lucero Tello, recibieron el premio m\u00e1s alto, por votaci\u00f3n de las gerencias de empresas del rubro a lo largo de todo Chile y en reconocimiento a la alta calidad de los servicios otorgados, como al crecimiento demostrado en su rubro.<\/p>\n<figure id=\"attachment_48031\" aria-describedby=\"caption-attachment-48031\" style=\"width: 317px\" class=\"wp-caption alignright\"><a href=\"https:\/\/i0.wp.com\/www.eltrabajo.cl\/portal\/wp-content\/uploads\/2014\/06\/Premio1.jpg\"><img data-recalc-dims=\"1\" loading=\"lazy\" decoding=\"async\" class=\" wp-image-48031 \" alt=\"EL PREMIO.- Este es el galard\u00f3n conquistado por esta empresa del valle, muchos a\u00f1os de trabajar con empuje hoy dan su fruto en prestigio y reconocimiento nacional.\" src=\"https:\/\/i0.wp.com\/www.eltrabajo.cl\/portal\/wp-content\/uploads\/2014\/06\/Premio1.jpg?resize=317%2C241\" width=\"317\" height=\"241\" srcset=\"https:\/\/i0.wp.com\/eltrabajo.cl\/portal\/wp-content\/uploads\/2014\/06\/Premio1.jpg?w=529&amp;ssl=1 529w, https:\/\/i0.wp.com\/eltrabajo.cl\/portal\/wp-content\/uploads\/2014\/06\/Premio1.jpg?resize=197%2C150&amp;ssl=1 197w, https:\/\/i0.wp.com\/eltrabajo.cl\/portal\/wp-content\/uploads\/2014\/06\/Premio1.jpg?resize=300%2C227&amp;ssl=1 300w, https:\/\/i0.wp.com\/eltrabajo.cl\/portal\/wp-content\/uploads\/2014\/06\/Premio1.jpg?resize=150%2C113&amp;ssl=1 150w, https:\/\/i0.wp.com\/eltrabajo.cl\/portal\/wp-content\/uploads\/2014\/06\/Premio1.jpg?resize=400%2C303&amp;ssl=1 400w\" sizes=\"auto, (max-width: 317px) 100vw, 317px\" \/><\/a><figcaption id=\"caption-attachment-48031\" class=\"wp-caption-text\">EL PREMIO.- Este es el galard\u00f3n conquistado por esta empresa del valle, muchos a\u00f1os de trabajar con empuje hoy dan su fruto en prestigio y reconocimiento nacional.<\/figcaption><\/figure>\n<p><strong>\u00a0BRILLA LUCERO\u00a0EN ACONCAGUA<\/strong><\/p>\n<p>La empresa familiar que hoy en d\u00eda cuenta con m\u00e1s de 50 veh\u00edculos que van desde mini-buses, a buses de dos pisos y camiones de gran tonelaje para el transporte internacional, tuvo un comienzo humilde y sacrificado. Los hermanos Mario y Fernando Lucero, siempre trabajaron y se apoyaron mutuamente, porque ellos fueron v\u00edctimas de una cruel e injustificada discriminaci\u00f3n: eran rechazados por ser hijos naturales. Hoy en d\u00eda nos parece hasta irrisoria esta discriminaci\u00f3n, pero en Santa Mar\u00eda de los a\u00f1os 50, \u00e9sta sola situaci\u00f3n llev\u00f3 a que el camino para Mario y Fernando fuera tres veces m\u00e1s dif\u00edcil que para un hijo de matrimonio. Sin embargo, la fuerza de voluntad, la garra y la ense\u00f1anza de su madre. Benigna Chaparro, llev\u00f3 a estos j\u00f3venes a sobrellevar todas las injusticias y trabas y a cuesta de trabajo y sacrificios, hoy en d\u00eda son propietarios de Transportes Lucero Internacional, una empresa que presta servicios en Chile, Argentina y Brasil. Seg\u00fan las palabras de Mario Lucero, la empresa comenz\u00f3 oficialmente cuando el d\u00eda 8 de marzo de 1968 a las 21:30 horas se recibi\u00f3 el primer arqueo por planilla recaudada por Transportes Lucero.<\/p>\n<p>\u00abCon el Mario a veces nos sentamos aqu\u00ed en la casa y miramos hacia atr\u00e1s y recordamos como fue el inicio de esto. Que nuestra madre un d\u00eda nos reuni\u00f3 y nos dijo que le prometi\u00e9ramos que llegar\u00edamos a ser alguien aqu\u00ed en Santa Mar\u00eda, ya que \u00e9ramos muy discriminados por no ser reconocidos y fue Don Norberto Vargas quien primero nos dio la oportunidad de trabajar en el agro\u00bb, nos cuenta Fernando Lucero.<\/p>\n<p>Estos dos hombres se esforzaron y trabajaron con honestidad y recuerdan como en 1979 pudieron comprar su primera m\u00e1quina nueva, y la recibieron reci\u00e9n en 1981. Hoy en d\u00eda la Gerencia la lleva Danilo Lucero Tello y los fundadores hacen parte del directorio de esta empresa familiar que tanto empleo ofrece a la gente del valle. Fernando Lucero dice que se siente agradecido de la vida y sobre todo del todo el personal que compone la empresa, ya cada uno cumple una funci\u00f3n fundamental para el \u00e9xito.<\/p>\n<p>Roberto Mercado Aced.<\/p>\n<p>&nbsp;<\/p>\n","protected":false},"excerpt":{"rendered":"<p>SANTA MAR\u00cdA.- La empresa santamariana, Transportes Lucero Internacional, se adjudic\u00f3 el Premio Volante de Oro 2014 en su categor\u00eda de Mediana empresa, galard\u00f3n m\u00e1ximo otorgado a las empresas relacionadas con el transporte&#8230;<\/p>\n","protected":false},"author":482,"featured_media":48030,"comment_status":"open","ping_status":"closed","sticky":false,"template":"","format":"standard","meta":{"advanced_seo_description":"","jetpack_seo_html_title":"","jetpack_seo_noindex":false,"_jetpack_memberships_contains_paid_content":false,"footnotes":""},"categories":[15],"tags":[],"class_list":["post-48029","post","type-post","status-publish","format-standard","has-post-thumbnail","hentry","category-comunidad"],"jetpack_featured_media_url":"https:\/\/i0.wp.com\/eltrabajo.cl\/portal\/wp-content\/uploads\/2014\/06\/Entrega1.jpg?fit=528%2C335&ssl=1","jetpack_sharing_enabled":true,"jetpack_likes_enabled":true,"jetpack-related-posts":[],"_links":{"self":[{"href":"https:\/\/eltrabajo.cl\/portal\/wp-json\/wp\/v2\/posts\/48029","targetHints":{"allow":["GET"]}}],"collection":[{"href":"https:\/\/eltrabajo.cl\/portal\/wp-json\/wp\/v2\/posts"}],"about":[{"href":"https:\/\/eltrabajo.cl\/portal\/wp-json\/wp\/v2\/types\/post"}],"author":[{"embeddable":true,"href":"https:\/\/eltrabajo.cl\/portal\/wp-json\/wp\/v2\/users\/482"}],"replies":[{"embeddable":true,"href":"https:\/\/eltrabajo.cl\/portal\/wp-json\/wp\/v2\/comments?post=48029"}],"version-history":[{"count":0,"href":"https:\/\/eltrabajo.cl\/portal\/wp-json\/wp\/v2\/posts\/48029\/revisions"}],"wp:featuredmedia":[{"embeddable":true,"href":"https:\/\/eltrabajo.cl\/portal\/wp-json\/wp\/v2\/media\/48030"}],"wp:attachment":[{"href":"https:\/\/eltrabajo.cl\/portal\/wp-json\/wp\/v2\/media?parent=48029"}],"wp:term":[{"taxonomy":"category","embeddable":true,"href":"https:\/\/eltrabajo.cl\/portal\/wp-json\/wp\/v2\/categories?post=48029"},{"taxonomy":"post_tag","embeddable":true,"href":"https:\/\/eltrabajo.cl\/portal\/wp-json\/wp\/v2\/tags?post=48029"}],"curies":[{"name":"wp","href":"https:\/\/api.w.org\/{rel}","templated":true}]}}