{"id":48060,"date":"2014-06-25T09:33:48","date_gmt":"2014-06-25T13:33:48","guid":{"rendered":"http:\/\/www.eltrabajo.cl\/portal\/?p=48060"},"modified":"2014-06-25T09:33:48","modified_gmt":"2014-06-25T13:33:48","slug":"para-el-20-de-julio-trasladan-corrida-familiar-que-se-realizaria-el-domingo","status":"publish","type":"post","link":"https:\/\/eltrabajo.cl\/portal\/para-el-20-de-julio-trasladan-corrida-familiar-que-se-realizaria-el-domingo\/","title":{"rendered":"Para el 20 de julio trasladan corrida familiar que se realizar\u00eda el domingo"},"content":{"rendered":"<figure id=\"attachment_48061\" aria-describedby=\"caption-attachment-48061\" style=\"width: 529px\" class=\"wp-caption alignnone\"><a href=\"https:\/\/i0.wp.com\/www.eltrabajo.cl\/portal\/wp-content\/uploads\/2014\/06\/corrida1.jpg\"><img data-recalc-dims=\"1\" loading=\"lazy\" decoding=\"async\" class=\"size-full wp-image-48061\" alt=\"Para el domingo 20 de julio se traslad\u00f3 la corrida familiar que la Mesa de Promoci\u00f3n de Salud estaba organizando para este 29 de junio.\" src=\"https:\/\/i0.wp.com\/www.eltrabajo.cl\/portal\/wp-content\/uploads\/2014\/06\/corrida1.jpg?resize=529%2C374\" width=\"529\" height=\"374\" srcset=\"https:\/\/i0.wp.com\/eltrabajo.cl\/portal\/wp-content\/uploads\/2014\/06\/corrida1.jpg?w=529&amp;ssl=1 529w, https:\/\/i0.wp.com\/eltrabajo.cl\/portal\/wp-content\/uploads\/2014\/06\/corrida1.jpg?resize=200%2C141&amp;ssl=1 200w, https:\/\/i0.wp.com\/eltrabajo.cl\/portal\/wp-content\/uploads\/2014\/06\/corrida1.jpg?resize=300%2C212&amp;ssl=1 300w, https:\/\/i0.wp.com\/eltrabajo.cl\/portal\/wp-content\/uploads\/2014\/06\/corrida1.jpg?resize=150%2C106&amp;ssl=1 150w, https:\/\/i0.wp.com\/eltrabajo.cl\/portal\/wp-content\/uploads\/2014\/06\/corrida1.jpg?resize=400%2C282&amp;ssl=1 400w\" sizes=\"auto, (max-width: 529px) 100vw, 529px\" \/><\/a><figcaption id=\"caption-attachment-48061\" class=\"wp-caption-text\">Para el domingo 20 de julio se traslad\u00f3 la corrida familiar que la Mesa de Promoci\u00f3n de Salud estaba organizando para este 29 de junio.<\/figcaption><\/figure>\n<p>Para el domingo 20 de julio se traslad\u00f3 la corrida familiar que la Mesa de Promoci\u00f3n de Salud estaba organizando para este 29 de junio, manteniendo la misma extensi\u00f3n y recorridos por las calles de la comuna de San Felipe. As\u00ed lo dio a conocer el Coordinador del Departamento de Deportes, Danilo Pe\u00f1a, quien explic\u00f3 que la actividad se traslad\u00f3 de fecha hasta el mes de julio, cuando los estudiantes est\u00e1n de vacaciones, para que sea unos de los panoramas en las dos semanas de descanso de los alumnos.<\/p>\n<p>\u201cQueremos invitarlos para el 20 de julio, fecha en que los chicos est\u00e1n de vacaciones, para que la corrida se convierta en una real alternativa, no solamente desde el punto de vista deportivo, sino tambi\u00e9n una entretenci\u00f3n para los j\u00f3venes que en esa fecha est\u00e1n de vacaciones\u201d, sostuvo Pe\u00f1a.<\/p>\n<p>El coordinador se\u00f1al\u00f3 que desde hace varios d\u00edas ya estaban recibiendo correos solicitando informaci\u00f3n sobre la corrida, por lo que aprovech\u00f3 de invitar a toda la comunidad para el mes de julio, a participar de esta actividad, que une el deporte, la vida sana y la familia.<\/p>\n<p>El desarrollo del mundial de f\u00fatbol tambi\u00e9n fue motivaci\u00f3n para trasladar la fecha, ya que a la misma hora de la corrida se estar\u00e1n disputando algunos partidos, lo que podr\u00eda significar una baja en la convocatoria. \u201cNosotros esperamos convocar a todo el mundo, para el 20 de julio, tambi\u00e9n en la esquina de Maip\u00fa con Chacabuco, en el bandej\u00f3n central de la alameda. Ser\u00e1n los mismos recorridos, la idea es hacer 1.5K para la familia y los ni\u00f1os y todos aquellos que lo hacen de forma recreativa y los 3K, 5K y 10K para todos aquellos que est\u00e1n m\u00e1s entrenados y les gustan las corridas\u201d, dijo Pe\u00f1a.<\/p>\n<p>Esta es una de las actividades que durante el a\u00f1o tiene planificado realizar la Mesa de Promoci\u00f3n de la Salud, que busca que los vecinos de San Felipe puedan disfrutar en familia de la pr\u00e1ctica deportiva y de una vida saludable.<\/p>\n<p>&nbsp;<\/p>\n","protected":false},"excerpt":{"rendered":"<p>Para el domingo 20 de julio se traslad\u00f3 la corrida familiar que la Mesa de Promoci\u00f3n de Salud estaba organizando para este 29 de junio, manteniendo la misma extensi\u00f3n y recorridos por&#8230;<\/p>\n","protected":false},"author":482,"featured_media":48061,"comment_status":"open","ping_status":"closed","sticky":false,"template":"","format":"standard","meta":{"advanced_seo_description":"","jetpack_seo_html_title":"","jetpack_seo_noindex":false,"_jetpack_memberships_contains_paid_content":false,"footnotes":""},"categories":[15],"tags":[],"class_list":["post-48060","post","type-post","status-publish","format-standard","has-post-thumbnail","hentry","category-comunidad"],"jetpack_featured_media_url":"https:\/\/i0.wp.com\/eltrabajo.cl\/portal\/wp-content\/uploads\/2014\/06\/corrida1.jpg?fit=529%2C374&ssl=1","jetpack_sharing_enabled":true,"jetpack_likes_enabled":true,"jetpack-related-posts":[],"_links":{"self":[{"href":"https:\/\/eltrabajo.cl\/portal\/wp-json\/wp\/v2\/posts\/48060","targetHints":{"allow":["GET"]}}],"collection":[{"href":"https:\/\/eltrabajo.cl\/portal\/wp-json\/wp\/v2\/posts"}],"about":[{"href":"https:\/\/eltrabajo.cl\/portal\/wp-json\/wp\/v2\/types\/post"}],"author":[{"embeddable":true,"href":"https:\/\/eltrabajo.cl\/portal\/wp-json\/wp\/v2\/users\/482"}],"replies":[{"embeddable":true,"href":"https:\/\/eltrabajo.cl\/portal\/wp-json\/wp\/v2\/comments?post=48060"}],"version-history":[{"count":0,"href":"https:\/\/eltrabajo.cl\/portal\/wp-json\/wp\/v2\/posts\/48060\/revisions"}],"wp:featuredmedia":[{"embeddable":true,"href":"https:\/\/eltrabajo.cl\/portal\/wp-json\/wp\/v2\/media\/48061"}],"wp:attachment":[{"href":"https:\/\/eltrabajo.cl\/portal\/wp-json\/wp\/v2\/media?parent=48060"}],"wp:term":[{"taxonomy":"category","embeddable":true,"href":"https:\/\/eltrabajo.cl\/portal\/wp-json\/wp\/v2\/categories?post=48060"},{"taxonomy":"post_tag","embeddable":true,"href":"https:\/\/eltrabajo.cl\/portal\/wp-json\/wp\/v2\/tags?post=48060"}],"curies":[{"name":"wp","href":"https:\/\/api.w.org\/{rel}","templated":true}]}}