{"id":48094,"date":"2014-06-25T09:52:22","date_gmt":"2014-06-25T13:52:22","guid":{"rendered":"http:\/\/www.eltrabajo.cl\/portal\/?p=48094"},"modified":"2014-06-26T09:40:50","modified_gmt":"2014-06-26T13:40:50","slug":"48094","status":"publish","type":"post","link":"https:\/\/eltrabajo.cl\/portal\/48094\/","title":{"rendered":"Cae estudiante de 4\u00ba Medio vendiendo pasta base en su colegio"},"content":{"rendered":"<figure id=\"attachment_48096\" aria-describedby=\"caption-attachment-48096\" style=\"width: 317px\" class=\"wp-caption alignleft\"><a href=\"https:\/\/i0.wp.com\/www.eltrabajo.cl\/portal\/wp-content\/uploads\/2014\/06\/Maya1.jpg\"><img data-recalc-dims=\"1\" loading=\"lazy\" decoding=\"async\" class=\" wp-image-48096 \" alt=\"ARRIESGA SU FUTURO.- El tribunal fij\u00f3 una Audiencia de Juicio Simplificado, donde el estudiante podr\u00eda ser condenado a 541 d\u00edas de presidio por este hecho.\" src=\"https:\/\/i0.wp.com\/www.eltrabajo.cl\/portal\/wp-content\/uploads\/2014\/06\/Maya1.jpg?resize=317%2C248\" width=\"317\" height=\"248\" srcset=\"https:\/\/i0.wp.com\/eltrabajo.cl\/portal\/wp-content\/uploads\/2014\/06\/Maya1.jpg?w=528&amp;ssl=1 528w, https:\/\/i0.wp.com\/eltrabajo.cl\/portal\/wp-content\/uploads\/2014\/06\/Maya1.jpg?resize=191%2C150&amp;ssl=1 191w, https:\/\/i0.wp.com\/eltrabajo.cl\/portal\/wp-content\/uploads\/2014\/06\/Maya1.jpg?resize=300%2C235&amp;ssl=1 300w, https:\/\/i0.wp.com\/eltrabajo.cl\/portal\/wp-content\/uploads\/2014\/06\/Maya1.jpg?resize=150%2C117&amp;ssl=1 150w, https:\/\/i0.wp.com\/eltrabajo.cl\/portal\/wp-content\/uploads\/2014\/06\/Maya1.jpg?resize=400%2C313&amp;ssl=1 400w\" sizes=\"auto, (max-width: 317px) 100vw, 317px\" \/><\/a><figcaption id=\"caption-attachment-48096\" class=\"wp-caption-text\">ARRIESGA SU FUTURO.- El tribunal fij\u00f3 una Audiencia de Juicio Simplificado, donde el estudiante podr\u00eda ser condenado a 541 d\u00edas de presidio por este hecho.<\/figcaption><\/figure>\n<p><strong>LOS ANDES.<\/strong>&#8211; El director de un establecimiento educacional de la comuna de Los Andes, sorprendi\u00f3 Infraganti a un alumno de cuarto a\u00f1o medio vendiendo droga otro escolar en el patio del colegio. El hecho se produjo la tarde del lunes, cuando el docente vio cuando el alumno de iniciales S.J.M.M., de 18 a\u00f1os, ofrec\u00eda un papelillo de droga a un compa\u00f1ero en la suma de $800. El director intervino en la transacci\u00f3n y junto con reprender al alumno hizo la denuncia en la PDI.<\/p>\n<p><strong>FUE FORMALIZADO<\/strong><\/p>\n<p>Detectives de la Brigada Antinarc\u00f3ticos concurrieron hasta el colegio y procedieron a efectuarle un control al estudiante, hallando en su poder cuatro envoltorios con catorce gramos de marihuana prensada, adem\u00e1s de $8.000 en efectivo, producto de la venta del alucin\u00f3geno entre sus compa\u00f1eros.<\/p>\n<p>Por instrucciones del Fiscal Ricardo Reinoso el alumno fue detenido y puesto a disposici\u00f3n del Tribunal de Garant\u00eda de Los Andes.<\/p>\n<p>El Fiscal Jorge Alfaro lo formaliz\u00f3 por el delito de Tr\u00e1fico il\u00edcito de drogas en peque\u00f1as cantidades, solicitando como medidas cautelares el Arraigo nacional y la Firma mensual en el Ministerio P\u00fablico. El tribunal fij\u00f3 una Audiencia de Juicio Simplificado, donde el estudiante podr\u00eda ser condenado a 541 d\u00edas de presidio por este hecho, ya que concurre la agravante de vender droga en un colegio.<\/p>\n<p>Sobre esta diligencia, el Jefe de la Brigada Antinarc\u00f3ticos de la PDI, Comisario Guillermo G\u00e1lvez, dijo que se hicieron algunas diligencias tendientes a ubicar a quien abastec\u00eda de droga al joven, pero \u00e9ste no entreg\u00f3 mayores antecedentes para continuar la investigaci\u00f3n. El oficial destac\u00f3 la denuncia hecha por el director del establecimiento educacional, quien observ\u00f3 el momento de la transacci\u00f3n de la droga, \u201cya que con ello se est\u00e1 contribuyendo a erradicar el tr\u00e1fico de drogas desde el interior de los colegios, pues ello conlleva a que si no se pone atajo los alumnos podr\u00edan comenzar a delinquir\u201d.<\/p>\n<p>&nbsp;<\/p>\n","protected":false},"excerpt":{"rendered":"<p>LOS ANDES.&#8211; El director de un establecimiento educacional de la comuna de Los Andes, sorprendi\u00f3 Infraganti a un alumno de cuarto a\u00f1o medio vendiendo droga otro escolar en el patio del colegio&#8230;.<\/p>\n","protected":false},"author":482,"featured_media":48096,"comment_status":"open","ping_status":"closed","sticky":false,"template":"","format":"standard","meta":{"advanced_seo_description":"","jetpack_seo_html_title":"","jetpack_seo_noindex":false,"_jetpack_memberships_contains_paid_content":false,"footnotes":""},"categories":[21],"tags":[],"class_list":["post-48094","post","type-post","status-publish","format-standard","has-post-thumbnail","hentry","category-policial"],"jetpack_featured_media_url":"https:\/\/i0.wp.com\/eltrabajo.cl\/portal\/wp-content\/uploads\/2014\/06\/Maya1.jpg?fit=528%2C414&ssl=1","jetpack_sharing_enabled":true,"jetpack_likes_enabled":true,"jetpack-related-posts":[],"_links":{"self":[{"href":"https:\/\/eltrabajo.cl\/portal\/wp-json\/wp\/v2\/posts\/48094","targetHints":{"allow":["GET"]}}],"collection":[{"href":"https:\/\/eltrabajo.cl\/portal\/wp-json\/wp\/v2\/posts"}],"about":[{"href":"https:\/\/eltrabajo.cl\/portal\/wp-json\/wp\/v2\/types\/post"}],"author":[{"embeddable":true,"href":"https:\/\/eltrabajo.cl\/portal\/wp-json\/wp\/v2\/users\/482"}],"replies":[{"embeddable":true,"href":"https:\/\/eltrabajo.cl\/portal\/wp-json\/wp\/v2\/comments?post=48094"}],"version-history":[{"count":0,"href":"https:\/\/eltrabajo.cl\/portal\/wp-json\/wp\/v2\/posts\/48094\/revisions"}],"wp:featuredmedia":[{"embeddable":true,"href":"https:\/\/eltrabajo.cl\/portal\/wp-json\/wp\/v2\/media\/48096"}],"wp:attachment":[{"href":"https:\/\/eltrabajo.cl\/portal\/wp-json\/wp\/v2\/media?parent=48094"}],"wp:term":[{"taxonomy":"category","embeddable":true,"href":"https:\/\/eltrabajo.cl\/portal\/wp-json\/wp\/v2\/categories?post=48094"},{"taxonomy":"post_tag","embeddable":true,"href":"https:\/\/eltrabajo.cl\/portal\/wp-json\/wp\/v2\/tags?post=48094"}],"curies":[{"name":"wp","href":"https:\/\/api.w.org\/{rel}","templated":true}]}}