{"id":4813,"date":"2011-10-14T08:49:39","date_gmt":"2011-10-14T12:49:39","guid":{"rendered":"http:\/\/www.eltrabajo.cl\/portal\/?p=4813"},"modified":"2011-10-14T08:49:39","modified_gmt":"2011-10-14T12:49:39","slug":"con-fiesta-y-premios-millonarios-carnes-kar-celebra-sus-15-anos","status":"publish","type":"post","link":"https:\/\/eltrabajo.cl\/portal\/con-fiesta-y-premios-millonarios-carnes-kar-celebra-sus-15-anos\/","title":{"rendered":"Con fiesta y premios millonarios Carnes Kar celebra sus 15 a\u00f1os"},"content":{"rendered":"<figure id=\"attachment_4814\" aria-describedby=\"caption-attachment-4814\" style=\"width: 600px\" class=\"wp-caption alignnone\"><a href=\"http:\/\/www.eltrabajo.cl\/portal\/archives\/4813\/maria-jimena_-_esa_luz_2004-front\" rel=\"attachment wp-att-4814\"><img data-recalc-dims=\"1\" loading=\"lazy\" decoding=\"async\" class=\"size-full wp-image-4814\" title=\"Maria Jimena_-_esa_luz_(2004)-front\" src=\"https:\/\/i0.wp.com\/www.eltrabajo.cl\/portal\/wp-content\/uploads\/2011\/10\/Maria-Jimena_-_esa_luz_2004-front.jpg?resize=600%2C440\" alt=\"\" width=\"600\" height=\"440\" srcset=\"https:\/\/i0.wp.com\/eltrabajo.cl\/portal\/wp-content\/uploads\/2011\/10\/Maria-Jimena_-_esa_luz_2004-front.jpg?w=600&amp;ssl=1 600w, https:\/\/i0.wp.com\/eltrabajo.cl\/portal\/wp-content\/uploads\/2011\/10\/Maria-Jimena_-_esa_luz_2004-front.jpg?resize=200%2C146&amp;ssl=1 200w, https:\/\/i0.wp.com\/eltrabajo.cl\/portal\/wp-content\/uploads\/2011\/10\/Maria-Jimena_-_esa_luz_2004-front.jpg?resize=300%2C220&amp;ssl=1 300w, https:\/\/i0.wp.com\/eltrabajo.cl\/portal\/wp-content\/uploads\/2011\/10\/Maria-Jimena_-_esa_luz_2004-front.jpg?resize=150%2C110&amp;ssl=1 150w, https:\/\/i0.wp.com\/eltrabajo.cl\/portal\/wp-content\/uploads\/2011\/10\/Maria-Jimena_-_esa_luz_2004-front.jpg?resize=400%2C293&amp;ssl=1 400w\" sizes=\"auto, (max-width: 600px) 100vw, 600px\" \/><\/a><figcaption id=\"caption-attachment-4814\" class=\"wp-caption-text\">Mar\u00eda Jimena Pereira y sus mejores temas junto al humor de Mauricio Flores (Tony Esbelt) se presentar\u00e1n este domingo en la plaza de San Felipe.<\/figcaption><\/figure>\n<p><strong>Mar\u00eda Jimena Pereyra y Tony Esbelt entre los artistas<\/strong><\/p>\n<p><strong>Con viajes a Brasil, autos \u00faltimo modelo y mucha diversi\u00f3n empresa aconcag\u00fcina celebrar\u00e1 5475 d\u00edas de trabajar.<\/strong><\/p>\n<p>Cuando un joven estudiante de leyes decidi\u00f3 abandonar sus estudios en Santiago y dedicarse a lo que m\u00e1s lo apasiona, el emprendimiento comercial y la generaci\u00f3n de empleo digno, jam\u00e1s imagin\u00f3 que tras iniciar sus actividades comerciales en la calle Maip\u00fa de Los Andes en el valle de Aconcagua en 1996, tendr\u00eda la oportunidad de ver crecer sus empresas a nivel nacional como una de las fuentes de trabajo m\u00e1s respetadas de varias ciudades de Chile.<\/p>\n<p>Es as\u00ed como este domingo 16 de octubre, \u201cCarnes Kar\u201d quiere compartir con su p\u00fablico, empleados, autoridades, organizaciones y vecinos de Aconcagua, de una gran fiesta que se realizar\u00e1 en la Plaza de San Felipe, la celebraci\u00f3n dar\u00e1 inicio a las 17.00 hrs. con importantes atracciones art\u00edsticas como Mar\u00eda Jimena Pereyra y sus mejores temas, el humor de Mauricio Flores (Tony Esbelt) y la sensualidad de Pilar Ruiz. Quienes lleguen a la cita podr\u00e1n tambi\u00e9n bailar con la Sonora Cubanac\u00e1n, todo esto con la animaci\u00f3n de Francisco Kaminski.<\/p>\n<p><strong>PREMIOS\u00a0 MILLONARIOS<\/strong><\/p>\n<p>Un empleado de Los Andes y otro de San Felipe que representan el servicio al cliente y la filosof\u00eda de trabajo de \u201cCarnes Kar\u201d ser\u00e1n reconocidos en el evento,<\/p>\n<p>Pero lo m\u00e1s importante de la fiesta es que se sortear\u00e1n 2 autom\u00f3viles y 2 viajes para 2 personas a Brasil, entre quienes hayan comprado y depositado sus cupones durante los d\u00edas de las festividades del \u201c18 de Septiembre\u201d y los d\u00edas posteriores, bajo la supervisi\u00f3n de un Notario P\u00fablico de la plaza.<\/p>\n<p>&nbsp;<\/p>\n<p><strong>G\u00c9NESIS DE LA EMPRESA<\/strong><\/p>\n<p>En 1996 fue inaugurado el primer local de \u201cCarnes Kar\u201d en la calle Maip\u00fa esquina de 3 Carrera en Los Andes, aunque los inicios son en la ciudad de Santiago, a fines de la d\u00e9cada del 90, San Felipe y Los Andes ya contaban con tres modernos locales en donde se asegura la calidad de la mejor carne de vacuno nacional transportada desde la zona de Osorno, cuna de la ganader\u00eda chilena.<\/p>\n<p>Esta empresa ha logrado un importante crecimiento durante los \u00faltimos 15 a\u00f1os, en la actualidad existen ya 16 locales de venta en las m\u00e1s importantes ciudades de la zona norte, comprendiendo un largo territorio entre Los Andes y Arica.<\/p>\n<p>Pero el esfuerzo de este grupo empresarial siempre ha estado a la vanguardia en materia de log\u00edstica, mantenci\u00f3n y refrigeraci\u00f3n de sus productos que permiten llegar a las zonas m\u00e1s alejadas del territorio norte con la misma calidad y frescura como si el vacuno fuera reci\u00e9n faenado en la zona sur del pa\u00eds, asociado a esta marca tambi\u00e9n se encuentra la f\u00e1brica de \u201cCecinas Los Misioneros\u201d, producto exclusivo que se comercializa en los locales Kar.<\/p>\n<p><strong>CONSOLIDACI\u00d3N REGIONAL<\/strong><\/p>\n<p>En 2002 se inaugura en San Felipe el restaurante especializado en carnes, \u201cEntrecott\u201d, el cual, despu\u00e9s de una importante remodelaci\u00f3n se ha reinaugurado como \u201cNovecento\u201d en 2011.<\/p>\n<p>Ya para 2005 y siempre buscando la diversificaci\u00f3n de negocios, nace \u201cRaconto\u201d San Felipe, un amigable lugar de encuentro familiar, donde a toda hora se puede degustar variada cocina desde desayunos, men\u00fas, s\u00e1ndwiches tradicionales, de la casa y pizzas, hasta platos gourmet mejor elaborados, dos a\u00f1os despu\u00e9s naci\u00f3 \u201cRaconto\u201d Los Andes as\u00ed como un tercer local en Antofagasta situado en la zona comercial y financiera m\u00e1s importante de esa pujante ciudad, este \u00faltimo existe desde 2009.<\/p>\n<p>Los planes de desarrollo han implicado la instalaci\u00f3n de m\u00e1s locales \u201cRaconto\u201d en la zona norte del pa\u00eds, tomando ventaja del crecimiento asociado a la empresa matriz \u201cCarnes Kar\u201d, el \u00e1nimo de estas empresas asociadas a la alimentaci\u00f3n y gastronom\u00eda es entregar productos de la mejor calidad, con la mejor atenci\u00f3n al cliente en locales modernos y c\u00f3modos, pensados para el buen servicio.<\/p>\n<p>Hoy d\u00eda, \u201cCarnes Kar\u201d es una empresa regional con presencia en 13 ciudades del norte de Chile, pero con fuertes ra\u00edces en Aconcagua, donde ha recibido importantes premios por su aporte tur\u00edstico y comercial tanto en San Felipe como en Los Andes.<\/p>\n","protected":false},"excerpt":{"rendered":"<p>Mar\u00eda Jimena Pereyra y Tony Esbelt entre los artistas Con viajes a Brasil, autos \u00faltimo modelo y mucha diversi\u00f3n empresa aconcag\u00fcina celebrar\u00e1 5475 d\u00edas de trabajar. Cuando un joven estudiante de leyes&#8230;<\/p>\n","protected":false},"author":482,"featured_media":4814,"comment_status":"open","ping_status":"open","sticky":false,"template":"","format":"standard","meta":{"advanced_seo_description":"","jetpack_seo_html_title":"","jetpack_seo_noindex":false,"_jetpack_memberships_contains_paid_content":false,"footnotes":""},"categories":[15],"tags":[],"class_list":["post-4813","post","type-post","status-publish","format-standard","has-post-thumbnail","hentry","category-comunidad"],"jetpack_featured_media_url":"https:\/\/i0.wp.com\/eltrabajo.cl\/portal\/wp-content\/uploads\/2011\/10\/Maria-Jimena_-_esa_luz_2004-front.jpg?fit=600%2C440&ssl=1","jetpack_sharing_enabled":true,"jetpack_likes_enabled":true,"jetpack-related-posts":[],"_links":{"self":[{"href":"https:\/\/eltrabajo.cl\/portal\/wp-json\/wp\/v2\/posts\/4813","targetHints":{"allow":["GET"]}}],"collection":[{"href":"https:\/\/eltrabajo.cl\/portal\/wp-json\/wp\/v2\/posts"}],"about":[{"href":"https:\/\/eltrabajo.cl\/portal\/wp-json\/wp\/v2\/types\/post"}],"author":[{"embeddable":true,"href":"https:\/\/eltrabajo.cl\/portal\/wp-json\/wp\/v2\/users\/482"}],"replies":[{"embeddable":true,"href":"https:\/\/eltrabajo.cl\/portal\/wp-json\/wp\/v2\/comments?post=4813"}],"version-history":[{"count":0,"href":"https:\/\/eltrabajo.cl\/portal\/wp-json\/wp\/v2\/posts\/4813\/revisions"}],"wp:featuredmedia":[{"embeddable":true,"href":"https:\/\/eltrabajo.cl\/portal\/wp-json\/wp\/v2\/media\/4814"}],"wp:attachment":[{"href":"https:\/\/eltrabajo.cl\/portal\/wp-json\/wp\/v2\/media?parent=4813"}],"wp:term":[{"taxonomy":"category","embeddable":true,"href":"https:\/\/eltrabajo.cl\/portal\/wp-json\/wp\/v2\/categories?post=4813"},{"taxonomy":"post_tag","embeddable":true,"href":"https:\/\/eltrabajo.cl\/portal\/wp-json\/wp\/v2\/tags?post=4813"}],"curies":[{"name":"wp","href":"https:\/\/api.w.org\/{rel}","templated":true}]}}