{"id":48140,"date":"2014-06-26T09:57:50","date_gmt":"2014-06-26T13:57:50","guid":{"rendered":"http:\/\/www.eltrabajo.cl\/portal\/?p=48140"},"modified":"2014-06-26T09:57:50","modified_gmt":"2014-06-26T13:57:50","slug":"municipalidad-y-vecinos-de-el-totoral-realizaron-limpieza-de-espacios-publicos","status":"publish","type":"post","link":"https:\/\/eltrabajo.cl\/portal\/municipalidad-y-vecinos-de-el-totoral-realizaron-limpieza-de-espacios-publicos\/","title":{"rendered":"Municipalidad y vecinos de El Totoral realizaron limpieza de espacios p\u00fablicos"},"content":{"rendered":"<figure id=\"attachment_48141\" aria-describedby=\"caption-attachment-48141\" style=\"width: 529px\" class=\"wp-caption alignnone\"><a href=\"https:\/\/i0.wp.com\/www.eltrabajo.cl\/portal\/wp-content\/uploads\/2014\/06\/Aseo2.jpg\"><img data-recalc-dims=\"1\" loading=\"lazy\" decoding=\"async\" class=\"size-full wp-image-48141\" alt=\"TRABAJO DE EQUIPO.- Desde muy temprano hasta pasado el mediod\u00eda de este s\u00e1bado, vecinos de Villa El Totoral junto con personal de los talleres de la Municipalidad de San Felipe dieron inicio a toda una labor de limpieza.\" src=\"https:\/\/i0.wp.com\/www.eltrabajo.cl\/portal\/wp-content\/uploads\/2014\/06\/Aseo2.jpg?resize=529%2C330\" width=\"529\" height=\"330\" srcset=\"https:\/\/i0.wp.com\/eltrabajo.cl\/portal\/wp-content\/uploads\/2014\/06\/Aseo2.jpg?w=529&amp;ssl=1 529w, https:\/\/i0.wp.com\/eltrabajo.cl\/portal\/wp-content\/uploads\/2014\/06\/Aseo2.jpg?resize=200%2C124&amp;ssl=1 200w, https:\/\/i0.wp.com\/eltrabajo.cl\/portal\/wp-content\/uploads\/2014\/06\/Aseo2.jpg?resize=300%2C187&amp;ssl=1 300w, https:\/\/i0.wp.com\/eltrabajo.cl\/portal\/wp-content\/uploads\/2014\/06\/Aseo2.jpg?resize=150%2C93&amp;ssl=1 150w, https:\/\/i0.wp.com\/eltrabajo.cl\/portal\/wp-content\/uploads\/2014\/06\/Aseo2.jpg?resize=400%2C249&amp;ssl=1 400w\" sizes=\"auto, (max-width: 529px) 100vw, 529px\" \/><\/a><figcaption id=\"caption-attachment-48141\" class=\"wp-caption-text\">TRABAJO DE EQUIPO.- Desde muy temprano hasta pasado el mediod\u00eda de este s\u00e1bado, vecinos de Villa El Totoral junto con personal de los talleres de la Municipalidad de San Felipe dieron inicio a toda una labor de limpieza.<\/figcaption><\/figure>\n<p>Desde muy temprano hasta pasado el mediod\u00eda de este s\u00e1bado, vecinos de Villa El Totoral junto con personal de los talleres de la Municipalidad de San Felipe dieron inicio a toda una labor de limpieza a todos los espacios y \u00e1reas verdes que posee la mencionada poblaci\u00f3n sanfelipe\u00f1a.<\/p>\n<p>Cabe se\u00f1alar que esta iniciativa es parte de una agenda que ha programado la Municipalidad de San Felipe a trav\u00e9s del Departamento de Aseo y Ornato que encabeza Ricardo Le\u00f3n, quien manifest\u00f3 que \u00abestamos realizando toda una labor de limpieza en el \u00e1rea p\u00fablica, sacando \u00e1rboles que se transforman en un peligro para los vecinos e inmediatamente reforestando con otros con la finalidad de recuperar el pulm\u00f3n verde que se requiere\u00bb precis\u00f3.<\/p>\n<p>Por su parte la Presidente de la Junta de Vecinos de Villa El Totoral, Marisol Dom\u00ednguez, alab\u00f3 la iniciativa cuando destaca que \u00abestamos tambi\u00e9n recuperando los espacios con la reposici\u00f3n de nuevas luminarias como asimismo removiendo todo vestigio que pueda provocar problemas a los vecinos como escombros entre otras cosas\u00bb asever\u00f3 la dirigente.<\/p>\n<p>Asimismo tambi\u00e9n la secretaria de la misma junta vecinal, Jeanette \u00c1vila, puntualiz\u00f3 que era importante este tipo de intervenciones \u00aby en eso estamos agradecidas del alcalde Patricio Freire al brindarnos su apoyo, como tambi\u00e9n al concejal presente Ricardo Covarrubias, quien est\u00e1 hoy con nosotras en esta labor de limpieza\u00bb indic\u00f3.<\/p>\n<p>Por su parte el concejal aludido, Ricardo Covarrubias indic\u00f3 que \u00abestamos realizando esta labor porque los vecinos vienen desde mucho tiempo pidi\u00e9ndonos estos apoyos, donde adem\u00e1s debemos ayudar a implementar a\u00fan m\u00e1s el mejoramiento de estos espacios p\u00fablicos y no solamente de esta villa sino que de todo San Felipe\u00bb, asever\u00f3 el edil.<\/p>\n<p>Finalmente debemos mencionar que junto con la remoci\u00f3n de escombros, basura, mejoramiento de alumbrado, limpieza de suelo y \u00e1reas verdes, fueron lavados todos los tachos y contenedores de basura, los cuales quedaron en completa disposici\u00f3n para ser nuevamente utilizados por los vecinos.<\/p>\n<div class=\"tiled-gallery type-rectangular tiled-gallery-unresized\" data-original-width=\"640\" data-carousel-extra='null' itemscope itemtype=\"http:\/\/schema.org\/ImageGallery\" > <div class=\"gallery-row\" style=\"width: 640px; height: 326px;\" data-original-width=\"640\" data-original-height=\"326\" > <div class=\"gallery-group images-1\" style=\"width: 419px; height: 326px;\" data-original-width=\"419\" data-original-height=\"326\" > <div class=\"tiled-gallery-item tiled-gallery-item-large\" itemprop=\"associatedMedia\" itemscope itemtype=\"http:\/\/schema.org\/ImageObject\"> <a href=\"https:\/\/eltrabajo.cl\/portal\/municipalidad-y-vecinos-de-el-totoral-realizaron-limpieza-de-espacios-publicos\/aseo1\/\" border=\"0\" itemprop=\"url\"> <meta itemprop=\"width\" content=\"415\"> <meta itemprop=\"height\" content=\"322\"> <img decoding=\"async\" class=\"\" data-attachment-id=\"48144\" data-orig-file=\"https:\/\/eltrabajo.cl\/portal\/wp-content\/uploads\/2014\/06\/Aseo1.jpg\" data-orig-size=\"529,411\" data-comments-opened=\"1\" data-image-meta=\"{&quot;aperture&quot;:&quot;2.4&quot;,&quot;credit&quot;:&quot;&quot;,&quot;camera&quot;:&quot;iPhone 5s&quot;,&quot;caption&quot;:&quot;&quot;,&quot;created_timestamp&quot;:&quot;1403354759&quot;,&quot;copyright&quot;:&quot;&quot;,&quot;focal_length&quot;:&quot;2.15&quot;,&quot;iso&quot;:&quot;50&quot;,&quot;shutter_speed&quot;:&quot;0.004149377593361&quot;,&quot;title&quot;:&quot;&quot;}\" data-image-title=\"Aseo1\" data-image-description=\"&lt;p&gt;LAS FORTACHONAS.- Las vecinas sacaron fuerza extra para no dejar escombros en el sector, entre todas ellas le dieron un nuevo rostro a su poblaci\u00f3n.&lt;\/p&gt; \" data-medium-file=\"https:\/\/i0.wp.com\/eltrabajo.cl\/portal\/wp-content\/uploads\/2014\/06\/Aseo1.jpg?fit=300%2C233&#038;ssl=1\" data-large-file=\"https:\/\/i0.wp.com\/eltrabajo.cl\/portal\/wp-content\/uploads\/2014\/06\/Aseo1.jpg?fit=529%2C411&#038;ssl=1\" src=\"https:\/\/i0.wp.com\/eltrabajo.cl\/portal\/wp-content\/uploads\/2014\/06\/Aseo1.jpg?w=415&#038;h=322&#038;ssl=1\" srcset=\"https:\/\/i0.wp.com\/eltrabajo.cl\/portal\/wp-content\/uploads\/2014\/06\/Aseo1.jpg?w=529&amp;ssl=1 529w, https:\/\/i0.wp.com\/eltrabajo.cl\/portal\/wp-content\/uploads\/2014\/06\/Aseo1.jpg?resize=193%2C150&amp;ssl=1 193w, https:\/\/i0.wp.com\/eltrabajo.cl\/portal\/wp-content\/uploads\/2014\/06\/Aseo1.jpg?resize=300%2C233&amp;ssl=1 300w, https:\/\/i0.wp.com\/eltrabajo.cl\/portal\/wp-content\/uploads\/2014\/06\/Aseo1.jpg?resize=150%2C116&amp;ssl=1 150w, https:\/\/i0.wp.com\/eltrabajo.cl\/portal\/wp-content\/uploads\/2014\/06\/Aseo1.jpg?resize=400%2C310&amp;ssl=1 400w\" width=\"415\" height=\"322\" loading=\"lazy\" data-original-width=\"415\" data-original-height=\"322\" itemprop=\"http:\/\/schema.org\/image\" title=\"Aseo1\" alt=\"LAS FORTACHONAS.- Las vecinas sacaron fuerza extra para no dejar escombros en el sector, entre todas ellas le dieron un nuevo rostro a su poblaci\u00f3n.\" style=\"width: 415px; height: 322px;\" \/> <\/a> <div class=\"tiled-gallery-caption\" itemprop=\"caption description\"> LAS FORTACHONAS.- Las vecinas sacaron fuerza extra para no dejar escombros en el sector, entre todas ellas le dieron un nuevo rostro a su poblaci\u00f3n. <\/div> <\/div> <\/div> <!-- close group --> <div class=\"gallery-group images-2\" style=\"width: 221px; height: 326px;\" data-original-width=\"221\" data-original-height=\"326\" > <div class=\"tiled-gallery-item tiled-gallery-item-small\" itemprop=\"associatedMedia\" itemscope itemtype=\"http:\/\/schema.org\/ImageObject\"> <a href=\"https:\/\/eltrabajo.cl\/portal\/municipalidad-y-vecinos-de-el-totoral-realizaron-limpieza-de-espacios-publicos\/aseo4\/\" border=\"0\" itemprop=\"url\"> <meta itemprop=\"width\" content=\"217\"> <meta itemprop=\"height\" content=\"165\"> <img decoding=\"async\" class=\"\" data-attachment-id=\"48143\" data-orig-file=\"https:\/\/eltrabajo.cl\/portal\/wp-content\/uploads\/2014\/06\/Aseo4.jpg\" data-orig-size=\"529,401\" data-comments-opened=\"1\" data-image-meta=\"{&quot;aperture&quot;:&quot;2.2&quot;,&quot;credit&quot;:&quot;&quot;,&quot;camera&quot;:&quot;iPhone 5s&quot;,&quot;caption&quot;:&quot;&quot;,&quot;created_timestamp&quot;:&quot;1403354669&quot;,&quot;copyright&quot;:&quot;&quot;,&quot;focal_length&quot;:&quot;4.12&quot;,&quot;iso&quot;:&quot;32&quot;,&quot;shutter_speed&quot;:&quot;0.0028011204481793&quot;,&quot;title&quot;:&quot;&quot;}\" data-image-title=\"Aseo4\" data-image-description=\"&lt;p&gt;MANOS A LA ESCOBA.- Con escobas en mano, cada uno de los convocados lo hizo de la mejor manera, hasta este perrito busc\u00f3 la forma de alegrar a los vecinos en su jornada.&lt;\/p&gt; \" data-medium-file=\"https:\/\/i0.wp.com\/eltrabajo.cl\/portal\/wp-content\/uploads\/2014\/06\/Aseo4.jpg?fit=300%2C227&#038;ssl=1\" data-large-file=\"https:\/\/i0.wp.com\/eltrabajo.cl\/portal\/wp-content\/uploads\/2014\/06\/Aseo4.jpg?fit=529%2C401&#038;ssl=1\" src=\"https:\/\/i0.wp.com\/eltrabajo.cl\/portal\/wp-content\/uploads\/2014\/06\/Aseo4.jpg?w=217&#038;h=165&#038;ssl=1\" srcset=\"https:\/\/i0.wp.com\/eltrabajo.cl\/portal\/wp-content\/uploads\/2014\/06\/Aseo4.jpg?w=529&amp;ssl=1 529w, https:\/\/i0.wp.com\/eltrabajo.cl\/portal\/wp-content\/uploads\/2014\/06\/Aseo4.jpg?resize=197%2C150&amp;ssl=1 197w, https:\/\/i0.wp.com\/eltrabajo.cl\/portal\/wp-content\/uploads\/2014\/06\/Aseo4.jpg?resize=300%2C227&amp;ssl=1 300w, https:\/\/i0.wp.com\/eltrabajo.cl\/portal\/wp-content\/uploads\/2014\/06\/Aseo4.jpg?resize=150%2C113&amp;ssl=1 150w, https:\/\/i0.wp.com\/eltrabajo.cl\/portal\/wp-content\/uploads\/2014\/06\/Aseo4.jpg?resize=400%2C303&amp;ssl=1 400w\" width=\"217\" height=\"165\" loading=\"lazy\" data-original-width=\"217\" data-original-height=\"165\" itemprop=\"http:\/\/schema.org\/image\" title=\"Aseo4\" alt=\"MANOS A LA ESCOBA.- Con escobas en mano, cada uno de los convocados lo hizo de la mejor manera, hasta este perrito busc\u00f3 la forma de alegrar a los vecinos en su jornada.\" style=\"width: 217px; height: 165px;\" \/> <\/a> <div class=\"tiled-gallery-caption\" itemprop=\"caption description\"> MANOS A LA ESCOBA.- Con escobas en mano, cada uno de los convocados lo hizo de la mejor manera, hasta este perrito busc\u00f3 la forma de alegrar a los vecinos en su jornada. <\/div> <\/div> <div class=\"tiled-gallery-item tiled-gallery-item-small\" itemprop=\"associatedMedia\" itemscope itemtype=\"http:\/\/schema.org\/ImageObject\"> <a href=\"https:\/\/eltrabajo.cl\/portal\/municipalidad-y-vecinos-de-el-totoral-realizaron-limpieza-de-espacios-publicos\/aseo3\/\" border=\"0\" itemprop=\"url\"> <meta itemprop=\"width\" content=\"217\"> <meta itemprop=\"height\" content=\"153\"> <img decoding=\"async\" class=\"\" data-attachment-id=\"48142\" data-orig-file=\"https:\/\/eltrabajo.cl\/portal\/wp-content\/uploads\/2014\/06\/Aseo3.jpg\" data-orig-size=\"529,374\" data-comments-opened=\"1\" data-image-meta=\"{&quot;aperture&quot;:&quot;2.2&quot;,&quot;credit&quot;:&quot;&quot;,&quot;camera&quot;:&quot;iPhone 5s&quot;,&quot;caption&quot;:&quot;&quot;,&quot;created_timestamp&quot;:&quot;1403354485&quot;,&quot;copyright&quot;:&quot;&quot;,&quot;focal_length&quot;:&quot;4.12&quot;,&quot;iso&quot;:&quot;32&quot;,&quot;shutter_speed&quot;:&quot;0.0016556291390728&quot;,&quot;title&quot;:&quot;&quot;}\" data-image-title=\"Aseo3\" data-image-description=\"&lt;p&gt;ASEO TOTAL.- Cada rinc\u00f3n, basureros, alcantarillas y aceras, fueron limpiados con agua y escobas.&lt;\/p&gt; \" data-medium-file=\"https:\/\/i0.wp.com\/eltrabajo.cl\/portal\/wp-content\/uploads\/2014\/06\/Aseo3.jpg?fit=300%2C212&#038;ssl=1\" data-large-file=\"https:\/\/i0.wp.com\/eltrabajo.cl\/portal\/wp-content\/uploads\/2014\/06\/Aseo3.jpg?fit=529%2C374&#038;ssl=1\" src=\"https:\/\/i0.wp.com\/eltrabajo.cl\/portal\/wp-content\/uploads\/2014\/06\/Aseo3.jpg?w=217&#038;h=153&#038;ssl=1\" srcset=\"https:\/\/i0.wp.com\/eltrabajo.cl\/portal\/wp-content\/uploads\/2014\/06\/Aseo3.jpg?w=529&amp;ssl=1 529w, https:\/\/i0.wp.com\/eltrabajo.cl\/portal\/wp-content\/uploads\/2014\/06\/Aseo3.jpg?resize=200%2C141&amp;ssl=1 200w, https:\/\/i0.wp.com\/eltrabajo.cl\/portal\/wp-content\/uploads\/2014\/06\/Aseo3.jpg?resize=300%2C212&amp;ssl=1 300w, https:\/\/i0.wp.com\/eltrabajo.cl\/portal\/wp-content\/uploads\/2014\/06\/Aseo3.jpg?resize=150%2C106&amp;ssl=1 150w, https:\/\/i0.wp.com\/eltrabajo.cl\/portal\/wp-content\/uploads\/2014\/06\/Aseo3.jpg?resize=400%2C282&amp;ssl=1 400w\" width=\"217\" height=\"153\" loading=\"lazy\" data-original-width=\"217\" data-original-height=\"153\" itemprop=\"http:\/\/schema.org\/image\" title=\"Aseo3\" alt=\"ASEO TOTAL.- Cada rinc\u00f3n, basureros, alcantarillas y aceras, fueron limpiados con agua y escobas.\" style=\"width: 217px; height: 153px;\" \/> <\/a> <div class=\"tiled-gallery-caption\" itemprop=\"caption description\"> ASEO TOTAL.- Cada rinc\u00f3n, basureros, alcantarillas y aceras, fueron limpiados con agua y escobas. <\/div> <\/div> <\/div> <!-- close group --> <\/div> <!-- close row --> <\/div>\n","protected":false},"excerpt":{"rendered":"<p>Desde muy temprano hasta pasado el mediod\u00eda de este s\u00e1bado, vecinos de Villa El Totoral junto con personal de los talleres de la Municipalidad de San Felipe dieron inicio a toda una&#8230;<\/p>\n","protected":false},"author":482,"featured_media":48141,"comment_status":"open","ping_status":"closed","sticky":false,"template":"","format":"standard","meta":{"advanced_seo_description":"","jetpack_seo_html_title":"","jetpack_seo_noindex":false,"_jetpack_memberships_contains_paid_content":false,"footnotes":""},"categories":[15],"tags":[],"class_list":["post-48140","post","type-post","status-publish","format-standard","has-post-thumbnail","hentry","category-comunidad"],"jetpack_featured_media_url":"https:\/\/i0.wp.com\/eltrabajo.cl\/portal\/wp-content\/uploads\/2014\/06\/Aseo2.jpg?fit=529%2C330&ssl=1","jetpack_sharing_enabled":true,"jetpack_likes_enabled":true,"jetpack-related-posts":[],"_links":{"self":[{"href":"https:\/\/eltrabajo.cl\/portal\/wp-json\/wp\/v2\/posts\/48140","targetHints":{"allow":["GET"]}}],"collection":[{"href":"https:\/\/eltrabajo.cl\/portal\/wp-json\/wp\/v2\/posts"}],"about":[{"href":"https:\/\/eltrabajo.cl\/portal\/wp-json\/wp\/v2\/types\/post"}],"author":[{"embeddable":true,"href":"https:\/\/eltrabajo.cl\/portal\/wp-json\/wp\/v2\/users\/482"}],"replies":[{"embeddable":true,"href":"https:\/\/eltrabajo.cl\/portal\/wp-json\/wp\/v2\/comments?post=48140"}],"version-history":[{"count":0,"href":"https:\/\/eltrabajo.cl\/portal\/wp-json\/wp\/v2\/posts\/48140\/revisions"}],"wp:featuredmedia":[{"embeddable":true,"href":"https:\/\/eltrabajo.cl\/portal\/wp-json\/wp\/v2\/media\/48141"}],"wp:attachment":[{"href":"https:\/\/eltrabajo.cl\/portal\/wp-json\/wp\/v2\/media?parent=48140"}],"wp:term":[{"taxonomy":"category","embeddable":true,"href":"https:\/\/eltrabajo.cl\/portal\/wp-json\/wp\/v2\/categories?post=48140"},{"taxonomy":"post_tag","embeddable":true,"href":"https:\/\/eltrabajo.cl\/portal\/wp-json\/wp\/v2\/tags?post=48140"}],"curies":[{"name":"wp","href":"https:\/\/api.w.org\/{rel}","templated":true}]}}