{"id":48160,"date":"2014-06-26T10:13:21","date_gmt":"2014-06-26T14:13:21","guid":{"rendered":"http:\/\/www.eltrabajo.cl\/portal\/?p=48160"},"modified":"2014-06-26T10:13:21","modified_gmt":"2014-06-26T14:13:21","slug":"vecinos-y-ong-ideando-denuncian-ilegalidad-de-procesadora-de-cal","status":"publish","type":"post","link":"https:\/\/eltrabajo.cl\/portal\/vecinos-y-ong-ideando-denuncian-ilegalidad-de-procesadora-de-cal\/","title":{"rendered":"Vecinos y ONG Ideando denuncian ilegalidad de procesadora de cal"},"content":{"rendered":"<figure id=\"attachment_48161\" aria-describedby=\"caption-attachment-48161\" style=\"width: 529px\" class=\"wp-caption alignnone\"><a href=\"https:\/\/i0.wp.com\/www.eltrabajo.cl\/portal\/wp-content\/uploads\/2014\/06\/Cal1.jpg\"><img data-recalc-dims=\"1\" loading=\"lazy\" decoding=\"async\" class=\"size-full wp-image-48161\" alt=\"El Gobernador Eduardo Le\u00f3n Lazcano, el Alcalde Patricio Freire Canto y el dirigente social Claudio Pantoja durante la reuni\u00f3n.\" src=\"https:\/\/i0.wp.com\/www.eltrabajo.cl\/portal\/wp-content\/uploads\/2014\/06\/Cal1.jpg?resize=529%2C351\" width=\"529\" height=\"351\" srcset=\"https:\/\/i0.wp.com\/eltrabajo.cl\/portal\/wp-content\/uploads\/2014\/06\/Cal1.jpg?w=529&amp;ssl=1 529w, https:\/\/i0.wp.com\/eltrabajo.cl\/portal\/wp-content\/uploads\/2014\/06\/Cal1.jpg?resize=200%2C132&amp;ssl=1 200w, https:\/\/i0.wp.com\/eltrabajo.cl\/portal\/wp-content\/uploads\/2014\/06\/Cal1.jpg?resize=300%2C199&amp;ssl=1 300w, https:\/\/i0.wp.com\/eltrabajo.cl\/portal\/wp-content\/uploads\/2014\/06\/Cal1.jpg?resize=150%2C99&amp;ssl=1 150w, https:\/\/i0.wp.com\/eltrabajo.cl\/portal\/wp-content\/uploads\/2014\/06\/Cal1.jpg?resize=400%2C265&amp;ssl=1 400w\" sizes=\"auto, (max-width: 529px) 100vw, 529px\" \/><\/a><figcaption id=\"caption-attachment-48161\" class=\"wp-caption-text\">El Gobernador Eduardo Le\u00f3n Lazcano, el Alcalde Patricio Freire Canto y el dirigente social Claudio Pantoja durante la reuni\u00f3n.<\/figcaption><\/figure>\n<p>La noche de este lunes en la sede de la Junta de Adelanto de Curim\u00f3n, se reunieron las autoridades con los vecinos del sector para poder buscar una soluci\u00f3n al problema que los afecta con el funcionamiento de Servired Ltda., una planta de cal ubicada en el sector. En la cita particip\u00f3 el Gobernador Provincial Eduardo Le\u00f3n Lazcano; el Alcalde Patricio Freire; la directiva de la Junta de Adelanto; el Consejero Regional y Presidente de la Comisi\u00f3n del Medio Ambiente, Mario Sottolichio.<\/p>\n<p>Durante la reuni\u00f3n el Gobernador Le\u00f3n explic\u00f3 a los asistentes que la planta cuenta con un informe ambiental favorable, por lo que podr\u00eda funcionar en el caso de ir cumpliendo los plazos, porque ellos tienen ingresado una solicitud en el Departamento de Obras de la Municipalidad de San Felipe, donde han ido poco a poco solucionando las observaciones.<\/p>\n<p>Al finalizar, el gobernador dijo que \u00e9l recibi\u00f3 la inquietud de la Junta de Adelanto de Curim\u00f3n por el funcionamiento de esta planta de cal que estaba operando, \u201cpor eso tom\u00e9 contacto con el municipio, hicimos una mesa de trabajo liderada por la Serem\u00eda de Miner\u00eda, viendo el estado en que estaba y ya vimos que el municipio ya clausur\u00f3 esta planta por no contar con los permisos municipales correspondientes ya sea de obras o renta, y tambi\u00e9n la autoridad sanitaria nos informa que no hay proyecto ingresado y Vialidad va a revisar lo suyo, en este momento la planta est\u00e1 funcionando de manera ilegal\u201d, sostuvo Le\u00f3n Lazcano.<\/p>\n<p>Por su parte Claudio Pantoja, Vicepresidente de la Junta de Adelanto de Curim\u00f3n, sostuvo que una vez terminada la reuni\u00f3n qued\u00f3 bien clara la problem\u00e1tica que se da con el funcionamiento de esta planta de cal en el Valle de Aconcagua.<\/p>\n<p>\u201cEsto viene ocurriendo desde hace mucho tiempo, estas bodegas que se construyeron eran agroindustrial y a larga se fueron cambiando la documentaci\u00f3n, firmas etc\u2026etc., hasta que hoy se est\u00e1 convirtiendo en planta de cal, yo lamento profundamente que el ex-intendente Celis y todos aquellos que en el gobierno de Sebasti\u00e1n Pi\u00f1era que participaron apoyando este proyecto, que es bodega de cal en San Felipe, hayan dado la venia para construir una bodega de cal en el coraz\u00f3n mismo del Valle de Aconcagua, el coraz\u00f3n, un coraz\u00f3n netamente agr\u00edcola, lamento profundamente que esto haya sucedido\u201d, dijo Pantoja.<\/p>\n<p>Agreg\u00f3 que en los pr\u00f3ximos d\u00edas estar\u00edan presentando un Recurso de Protecci\u00f3n ante la Corte de Apelaciones de Valpara\u00edso para poder revertir esta situaci\u00f3n que tienen con esta planta de cal que a un largo plazo es perjudicial para la salud de las personas.<\/p>\n<p><strong>PONEN DENUNCIA<\/strong><\/p>\n<p>Luego de la reuni\u00f3n, una denuncia en el Juzgado de Polic\u00eda Local de San Felipe fue presentada por parte de la comunidad de Curim\u00f3n para terminar con el funcionamiento de la planta de transferencia de cal. La denuncia la present\u00f3 el dirigente Ricardo Figueroa, acompa\u00f1ado del Director Ejecutivo de la ONG Ideando, John R\u00edos Suma de Villa.<\/p>\n<p>\u201cLo que estamos denunciando es que las obras no est\u00e1n recepcionadas, no hay patente, no hay ning\u00fan de los antecedentes que debe tener una empresa para funcionar\u201d, dijo Figueroa.<\/p>\n<p>Agrega adem\u00e1s que la empresa no tiene patente, no cuentan con la recepci\u00f3n de la municipalidad, no hay permiso de construcci\u00f3n y la carpeta con solicitudes reci\u00e9n ingres\u00f3 al municipio. \u201cComo usted bien sabe, la cal es explosiva al tener contacto con el agua y estar\u00edamos en condiciones de desaparecer todo el Valle de Aconcagua con una cantidad de c\u00e1ncer de magnitud\u201d.<\/p>\n<p>El dirigente se\u00f1ala que desconoce los destinos finales de los productos almacenados, pero si sabe el peligro que representa. En caso de continuar este acopio de cal, este afectar\u00eda al Colegio Curim\u00f3n que est\u00e1 muy cerca, los predios agr\u00edcolas como la comunidad Lepe, Giacobelli y los mismos habitantes de Curim\u00f3n.<\/p>\n<p>Por su parte el representante de la ONG Ideando, John R\u00edos, dijo que ellos iban a apoyar en todo momento a los dirigentes de Curim\u00f3n para que esta planta deje de funcionar. \u201cNosotros como ONG estamos dispuestos a llegar hasta las \u00faltimas consecuencias en este tema, ya nuestros abogados ambientalistas est\u00e1n preparando las acciones legales que eventualmente puedan ser viables en este proceso\u201d, detall\u00f3 R\u00edos.<\/p>\n<div class=\"tiled-gallery type-rectangular tiled-gallery-unresized\" data-original-width=\"640\" data-carousel-extra='null' itemscope itemtype=\"http:\/\/schema.org\/ImageGallery\" > <div class=\"gallery-row\" style=\"width: 640px; height: 302px;\" data-original-width=\"640\" data-original-height=\"302\" > <div class=\"gallery-group images-1\" style=\"width: 454px; height: 302px;\" data-original-width=\"454\" data-original-height=\"302\" > <div class=\"tiled-gallery-item tiled-gallery-item-large\" itemprop=\"associatedMedia\" itemscope itemtype=\"http:\/\/schema.org\/ImageObject\"> <a href=\"https:\/\/eltrabajo.cl\/portal\/vecinos-y-ong-ideando-denuncian-ilegalidad-de-procesadora-de-cal\/cal2\/\" border=\"0\" itemprop=\"url\"> <meta itemprop=\"width\" content=\"450\"> <meta itemprop=\"height\" content=\"298\"> <img decoding=\"async\" class=\"\" data-attachment-id=\"48162\" data-orig-file=\"https:\/\/eltrabajo.cl\/portal\/wp-content\/uploads\/2014\/06\/Cal2.jpg\" data-orig-size=\"529,351\" data-comments-opened=\"1\" data-image-meta=\"{&quot;aperture&quot;:&quot;0&quot;,&quot;credit&quot;:&quot;&quot;,&quot;camera&quot;:&quot;&quot;,&quot;caption&quot;:&quot;&quot;,&quot;created_timestamp&quot;:&quot;0&quot;,&quot;copyright&quot;:&quot;&quot;,&quot;focal_length&quot;:&quot;0&quot;,&quot;iso&quot;:&quot;0&quot;,&quot;shutter_speed&quot;:&quot;0&quot;,&quot;title&quot;:&quot;&quot;}\" data-image-title=\"Cal2\" data-image-description=\"&lt;p&gt;En la sede de la Junta de Adelanto de Curim\u00f3n, se reunieron las autoridades con los vecinos del sector para poder buscar una soluci\u00f3n al problema que los afecta con el funcionamiento de una planta de cal ubicada en el sector.&lt;\/p&gt; \" data-medium-file=\"https:\/\/i0.wp.com\/eltrabajo.cl\/portal\/wp-content\/uploads\/2014\/06\/Cal2.jpg?fit=300%2C199&#038;ssl=1\" data-large-file=\"https:\/\/i0.wp.com\/eltrabajo.cl\/portal\/wp-content\/uploads\/2014\/06\/Cal2.jpg?fit=529%2C351&#038;ssl=1\" src=\"https:\/\/i0.wp.com\/eltrabajo.cl\/portal\/wp-content\/uploads\/2014\/06\/Cal2.jpg?w=450&#038;h=298&#038;ssl=1\" srcset=\"https:\/\/i0.wp.com\/eltrabajo.cl\/portal\/wp-content\/uploads\/2014\/06\/Cal2.jpg?w=529&amp;ssl=1 529w, https:\/\/i0.wp.com\/eltrabajo.cl\/portal\/wp-content\/uploads\/2014\/06\/Cal2.jpg?resize=200%2C132&amp;ssl=1 200w, https:\/\/i0.wp.com\/eltrabajo.cl\/portal\/wp-content\/uploads\/2014\/06\/Cal2.jpg?resize=300%2C199&amp;ssl=1 300w, https:\/\/i0.wp.com\/eltrabajo.cl\/portal\/wp-content\/uploads\/2014\/06\/Cal2.jpg?resize=150%2C99&amp;ssl=1 150w, https:\/\/i0.wp.com\/eltrabajo.cl\/portal\/wp-content\/uploads\/2014\/06\/Cal2.jpg?resize=400%2C265&amp;ssl=1 400w\" width=\"450\" height=\"298\" loading=\"lazy\" data-original-width=\"450\" data-original-height=\"298\" itemprop=\"http:\/\/schema.org\/image\" title=\"Cal2\" alt=\"En la sede de la Junta de Adelanto de Curim\u00f3n, se reunieron las autoridades con los vecinos del sector para poder buscar una soluci\u00f3n al problema que los afecta con el funcionamiento de una planta de cal ubicada en el sector.\" style=\"width: 450px; height: 298px;\" \/> <\/a> <div class=\"tiled-gallery-caption\" itemprop=\"caption description\"> En la sede de la Junta de Adelanto de Curim\u00f3n, se reunieron las autoridades con los vecinos del sector para poder buscar una soluci\u00f3n al problema que los afecta con el funcionamiento de una planta de cal ubicada en el sector. <\/div> <\/div> <\/div> <!-- close group --> <div class=\"gallery-group images-2\" style=\"width: 186px; height: 302px;\" data-original-width=\"186\" data-original-height=\"302\" > <div class=\"tiled-gallery-item tiled-gallery-item-small\" itemprop=\"associatedMedia\" itemscope itemtype=\"http:\/\/schema.org\/ImageObject\"> <a href=\"https:\/\/eltrabajo.cl\/portal\/vecinos-y-ong-ideando-denuncian-ilegalidad-de-procesadora-de-cal\/john-rios\/\" border=\"0\" itemprop=\"url\"> <meta itemprop=\"width\" content=\"182\"> <meta itemprop=\"height\" content=\"173\"> <img decoding=\"async\" class=\"\" data-attachment-id=\"48163\" data-orig-file=\"https:\/\/eltrabajo.cl\/portal\/wp-content\/uploads\/2014\/06\/John-Rios.jpg\" data-orig-size=\"529,503\" data-comments-opened=\"1\" data-image-meta=\"{&quot;aperture&quot;:&quot;4&quot;,&quot;credit&quot;:&quot;&quot;,&quot;camera&quot;:&quot;Canon EOS REBEL T3i&quot;,&quot;caption&quot;:&quot;&quot;,&quot;created_timestamp&quot;:&quot;1366220571&quot;,&quot;copyright&quot;:&quot;[wopmind]&quot;,&quot;focal_length&quot;:&quot;44&quot;,&quot;iso&quot;:&quot;400&quot;,&quot;shutter_speed&quot;:&quot;0.016666666666667&quot;,&quot;title&quot;:&quot;&quot;}\" data-image-title=\"John Rios\" data-image-description=\"&lt;p&gt;Director Ejecutivo de la ONG Ideando, John R\u00edos Suma de Villa.&lt;\/p&gt; \" data-medium-file=\"https:\/\/i0.wp.com\/eltrabajo.cl\/portal\/wp-content\/uploads\/2014\/06\/John-Rios.jpg?fit=300%2C285&#038;ssl=1\" data-large-file=\"https:\/\/i0.wp.com\/eltrabajo.cl\/portal\/wp-content\/uploads\/2014\/06\/John-Rios.jpg?fit=529%2C503&#038;ssl=1\" src=\"https:\/\/i0.wp.com\/eltrabajo.cl\/portal\/wp-content\/uploads\/2014\/06\/John-Rios.jpg?w=182&#038;h=173&#038;ssl=1\" srcset=\"https:\/\/i0.wp.com\/eltrabajo.cl\/portal\/wp-content\/uploads\/2014\/06\/John-Rios.jpg?w=529&amp;ssl=1 529w, https:\/\/i0.wp.com\/eltrabajo.cl\/portal\/wp-content\/uploads\/2014\/06\/John-Rios.jpg?resize=157%2C150&amp;ssl=1 157w, https:\/\/i0.wp.com\/eltrabajo.cl\/portal\/wp-content\/uploads\/2014\/06\/John-Rios.jpg?resize=300%2C285&amp;ssl=1 300w, https:\/\/i0.wp.com\/eltrabajo.cl\/portal\/wp-content\/uploads\/2014\/06\/John-Rios.jpg?resize=150%2C142&amp;ssl=1 150w, https:\/\/i0.wp.com\/eltrabajo.cl\/portal\/wp-content\/uploads\/2014\/06\/John-Rios.jpg?resize=400%2C380&amp;ssl=1 400w\" width=\"182\" height=\"173\" loading=\"lazy\" data-original-width=\"182\" data-original-height=\"173\" itemprop=\"http:\/\/schema.org\/image\" title=\"John Rios\" alt=\"Director Ejecutivo de la ONG Ideando, John R\u00edos Suma de Villa.\" style=\"width: 182px; height: 173px;\" \/> <\/a> <div class=\"tiled-gallery-caption\" itemprop=\"caption description\"> Director Ejecutivo de la ONG Ideando, John R\u00edos Suma de Villa. <\/div> <\/div> <div class=\"tiled-gallery-item tiled-gallery-item-small\" itemprop=\"associatedMedia\" itemscope itemtype=\"http:\/\/schema.org\/ImageObject\"> <a href=\"https:\/\/eltrabajo.cl\/portal\/vecinos-y-ong-ideando-denuncian-ilegalidad-de-procesadora-de-cal\/ricardo-figueroa\/\" border=\"0\" itemprop=\"url\"> <meta itemprop=\"width\" content=\"182\"> <meta itemprop=\"height\" content=\"121\"> <img decoding=\"async\" class=\"\" data-attachment-id=\"48164\" data-orig-file=\"https:\/\/eltrabajo.cl\/portal\/wp-content\/uploads\/2014\/06\/Ricardo-Figueroa.jpg\" data-orig-size=\"528,350\" data-comments-opened=\"1\" data-image-meta=\"{&quot;aperture&quot;:&quot;0&quot;,&quot;credit&quot;:&quot;&quot;,&quot;camera&quot;:&quot;&quot;,&quot;caption&quot;:&quot;&quot;,&quot;created_timestamp&quot;:&quot;0&quot;,&quot;copyright&quot;:&quot;&quot;,&quot;focal_length&quot;:&quot;0&quot;,&quot;iso&quot;:&quot;0&quot;,&quot;shutter_speed&quot;:&quot;0&quot;,&quot;title&quot;:&quot;&quot;}\" data-image-title=\"Ricardo Figueroa\" data-image-description=\"&lt;p&gt;DENUNCIA PRESENTADA.- La denuncia en el Juzgado de Polic\u00eda Local de San Felipe fue presentada por parte de la comunidad de Curim\u00f3n y el dirigente Ricardo Figueroa.&lt;\/p&gt; \" data-medium-file=\"https:\/\/i0.wp.com\/eltrabajo.cl\/portal\/wp-content\/uploads\/2014\/06\/Ricardo-Figueroa.jpg?fit=300%2C198&#038;ssl=1\" data-large-file=\"https:\/\/i0.wp.com\/eltrabajo.cl\/portal\/wp-content\/uploads\/2014\/06\/Ricardo-Figueroa.jpg?fit=528%2C350&#038;ssl=1\" src=\"https:\/\/i0.wp.com\/eltrabajo.cl\/portal\/wp-content\/uploads\/2014\/06\/Ricardo-Figueroa.jpg?w=182&#038;h=121&#038;ssl=1\" srcset=\"https:\/\/i0.wp.com\/eltrabajo.cl\/portal\/wp-content\/uploads\/2014\/06\/Ricardo-Figueroa.jpg?w=528&amp;ssl=1 528w, https:\/\/i0.wp.com\/eltrabajo.cl\/portal\/wp-content\/uploads\/2014\/06\/Ricardo-Figueroa.jpg?resize=200%2C132&amp;ssl=1 200w, https:\/\/i0.wp.com\/eltrabajo.cl\/portal\/wp-content\/uploads\/2014\/06\/Ricardo-Figueroa.jpg?resize=300%2C198&amp;ssl=1 300w, https:\/\/i0.wp.com\/eltrabajo.cl\/portal\/wp-content\/uploads\/2014\/06\/Ricardo-Figueroa.jpg?resize=150%2C99&amp;ssl=1 150w, https:\/\/i0.wp.com\/eltrabajo.cl\/portal\/wp-content\/uploads\/2014\/06\/Ricardo-Figueroa.jpg?resize=400%2C265&amp;ssl=1 400w\" width=\"182\" height=\"121\" loading=\"lazy\" data-original-width=\"182\" data-original-height=\"121\" itemprop=\"http:\/\/schema.org\/image\" title=\"Ricardo Figueroa\" alt=\"DENUNCIA PRESENTADA.- La denuncia en el Juzgado de Polic\u00eda Local de San Felipe fue presentada por parte de la comunidad de Curim\u00f3n y el dirigente Ricardo Figueroa.\" style=\"width: 182px; height: 121px;\" \/> <\/a> <div class=\"tiled-gallery-caption\" itemprop=\"caption description\"> DENUNCIA PRESENTADA.- La denuncia en el Juzgado de Polic\u00eda Local de San Felipe fue presentada por parte de la comunidad de Curim\u00f3n y el dirigente Ricardo Figueroa. <\/div> <\/div> <\/div> <!-- close group --> <\/div> <!-- close row --> <\/div>\n","protected":false},"excerpt":{"rendered":"<p>La noche de este lunes en la sede de la Junta de Adelanto de Curim\u00f3n, se reunieron las autoridades con los vecinos del sector para poder buscar una soluci\u00f3n al problema que&#8230;<\/p>\n","protected":false},"author":482,"featured_media":48161,"comment_status":"open","ping_status":"closed","sticky":false,"template":"","format":"standard","meta":{"advanced_seo_description":"","jetpack_seo_html_title":"","jetpack_seo_noindex":false,"_jetpack_memberships_contains_paid_content":false,"footnotes":""},"categories":[15],"tags":[],"class_list":["post-48160","post","type-post","status-publish","format-standard","has-post-thumbnail","hentry","category-comunidad"],"jetpack_featured_media_url":"https:\/\/i0.wp.com\/eltrabajo.cl\/portal\/wp-content\/uploads\/2014\/06\/Cal1.jpg?fit=529%2C351&ssl=1","jetpack_sharing_enabled":true,"jetpack_likes_enabled":true,"jetpack-related-posts":[],"_links":{"self":[{"href":"https:\/\/eltrabajo.cl\/portal\/wp-json\/wp\/v2\/posts\/48160","targetHints":{"allow":["GET"]}}],"collection":[{"href":"https:\/\/eltrabajo.cl\/portal\/wp-json\/wp\/v2\/posts"}],"about":[{"href":"https:\/\/eltrabajo.cl\/portal\/wp-json\/wp\/v2\/types\/post"}],"author":[{"embeddable":true,"href":"https:\/\/eltrabajo.cl\/portal\/wp-json\/wp\/v2\/users\/482"}],"replies":[{"embeddable":true,"href":"https:\/\/eltrabajo.cl\/portal\/wp-json\/wp\/v2\/comments?post=48160"}],"version-history":[{"count":0,"href":"https:\/\/eltrabajo.cl\/portal\/wp-json\/wp\/v2\/posts\/48160\/revisions"}],"wp:featuredmedia":[{"embeddable":true,"href":"https:\/\/eltrabajo.cl\/portal\/wp-json\/wp\/v2\/media\/48161"}],"wp:attachment":[{"href":"https:\/\/eltrabajo.cl\/portal\/wp-json\/wp\/v2\/media?parent=48160"}],"wp:term":[{"taxonomy":"category","embeddable":true,"href":"https:\/\/eltrabajo.cl\/portal\/wp-json\/wp\/v2\/categories?post=48160"},{"taxonomy":"post_tag","embeddable":true,"href":"https:\/\/eltrabajo.cl\/portal\/wp-json\/wp\/v2\/tags?post=48160"}],"curies":[{"name":"wp","href":"https:\/\/api.w.org\/{rel}","templated":true}]}}