{"id":48191,"date":"2014-06-27T09:29:16","date_gmt":"2014-06-27T13:29:16","guid":{"rendered":"http:\/\/www.eltrabajo.cl\/portal\/?p=48191"},"modified":"2014-06-27T09:29:16","modified_gmt":"2014-06-27T13:29:16","slug":"inauguran-salones-de-pre-basica-en-colegio-santa-maria-de-aconcagua","status":"publish","type":"post","link":"https:\/\/eltrabajo.cl\/portal\/inauguran-salones-de-pre-basica-en-colegio-santa-maria-de-aconcagua\/","title":{"rendered":"Inauguran salones de Pre-b\u00e1sica en Colegio Santa Mar\u00eda de Aconcagua"},"content":{"rendered":"<figure id=\"attachment_48192\" aria-describedby=\"caption-attachment-48192\" style=\"width: 529px\" class=\"wp-caption alignnone\"><a href=\"https:\/\/i0.wp.com\/www.eltrabajo.cl\/portal\/wp-content\/uploads\/2014\/06\/Cinta1.jpg\"><img data-recalc-dims=\"1\" loading=\"lazy\" decoding=\"async\" class=\"size-full wp-image-48192\" alt=\"CORTANDO LA CINTA.- La Directora del Colegio Santa Mar\u00eda de Aconcagua, Hermana Irma De Mendoza Palma, hizo el corte de la cinta oficial. En la ocasi\u00f3n se cont\u00f3 con la presencia de autoridades comunales, padres, apoderados, alumnos y unos invitados muy especiales: los ni\u00f1os de la comuna.\" src=\"https:\/\/i0.wp.com\/www.eltrabajo.cl\/portal\/wp-content\/uploads\/2014\/06\/Cinta1.jpg?resize=529%2C352\" width=\"529\" height=\"352\" srcset=\"https:\/\/i0.wp.com\/eltrabajo.cl\/portal\/wp-content\/uploads\/2014\/06\/Cinta1.jpg?w=529&amp;ssl=1 529w, https:\/\/i0.wp.com\/eltrabajo.cl\/portal\/wp-content\/uploads\/2014\/06\/Cinta1.jpg?resize=200%2C133&amp;ssl=1 200w, https:\/\/i0.wp.com\/eltrabajo.cl\/portal\/wp-content\/uploads\/2014\/06\/Cinta1.jpg?resize=300%2C199&amp;ssl=1 300w, https:\/\/i0.wp.com\/eltrabajo.cl\/portal\/wp-content\/uploads\/2014\/06\/Cinta1.jpg?resize=150%2C99&amp;ssl=1 150w, https:\/\/i0.wp.com\/eltrabajo.cl\/portal\/wp-content\/uploads\/2014\/06\/Cinta1.jpg?resize=400%2C266&amp;ssl=1 400w\" sizes=\"auto, (max-width: 529px) 100vw, 529px\" \/><\/a><figcaption id=\"caption-attachment-48192\" class=\"wp-caption-text\">CORTANDO LA CINTA.- La Directora del Colegio Santa Mar\u00eda de Aconcagua, Hermana Irma De Mendoza Palma, hizo el corte de la cinta oficial. En la ocasi\u00f3n se cont\u00f3 con la presencia de autoridades comunales, padres, apoderados, alumnos y unos invitados muy especiales: los ni\u00f1os de la comuna.<\/figcaption><\/figure>\n<p><strong>SANTA MAR\u00cdA<\/strong>.- Nuevamente la comunidad del Colegio Santa Mar\u00eda de Aconcagua sorprende a sus estudiantes y apoderados, pues el 19 de junio realiz\u00f3 la inauguraci\u00f3n de sus nuevas dependencias para la Ense\u00f1anza Pre-b\u00e1sica.<\/p>\n<figure id=\"attachment_48193\" aria-describedby=\"caption-attachment-48193\" style=\"width: 317px\" class=\"wp-caption alignright\"><a href=\"https:\/\/i0.wp.com\/www.eltrabajo.cl\/portal\/wp-content\/uploads\/2014\/06\/Peques11.jpg\"><img data-recalc-dims=\"1\" loading=\"lazy\" decoding=\"async\" class=\" wp-image-48193 \" alt=\"APRENDER JUGANDO.- Estos peque\u00f1itos son los m\u00e1s favorecidos con este nuevo espacio del saber, pues las instalaciones fueron creadas pensando en ellos.\" src=\"https:\/\/i0.wp.com\/www.eltrabajo.cl\/portal\/wp-content\/uploads\/2014\/06\/Peques11.jpg?resize=317%2C273\" width=\"317\" height=\"273\" srcset=\"https:\/\/i0.wp.com\/eltrabajo.cl\/portal\/wp-content\/uploads\/2014\/06\/Peques11.jpg?w=529&amp;ssl=1 529w, https:\/\/i0.wp.com\/eltrabajo.cl\/portal\/wp-content\/uploads\/2014\/06\/Peques11.jpg?resize=174%2C150&amp;ssl=1 174w, https:\/\/i0.wp.com\/eltrabajo.cl\/portal\/wp-content\/uploads\/2014\/06\/Peques11.jpg?resize=300%2C258&amp;ssl=1 300w, https:\/\/i0.wp.com\/eltrabajo.cl\/portal\/wp-content\/uploads\/2014\/06\/Peques11.jpg?resize=150%2C129&amp;ssl=1 150w, https:\/\/i0.wp.com\/eltrabajo.cl\/portal\/wp-content\/uploads\/2014\/06\/Peques11.jpg?resize=400%2C344&amp;ssl=1 400w\" sizes=\"auto, (max-width: 317px) 100vw, 317px\" \/><\/a><figcaption id=\"caption-attachment-48193\" class=\"wp-caption-text\">APRENDER JUGANDO.- Estos peque\u00f1itos son los m\u00e1s favorecidos con este nuevo espacio del saber, pues las instalaciones fueron creadas pensando en ellos.<\/figcaption><\/figure>\n<p>El mundo m\u00e1gico de la literatura infantil cobijar\u00e1 los juegos y actividades curriculares extra-aula de los peque\u00f1itos de Pre-k\u00ednder y K\u00ednder.<\/p>\n<p>Da la bienvenida a este sector, un lugar de oraci\u00f3n, presidido por el Ni\u00f1o Jes\u00fas, evidencia del car\u00e1cter religioso-confesional del colegio, adem\u00e1s cuenta con juegos infantiles modulares; caballitos de balanc\u00edn; una cancha de futbolito con pasto sint\u00e9tico, todo enmarcado por bellos murales de portadas de cuentos infantiles, los que forman parte del Plan de Fomento Lector. En la ocasi\u00f3n se cont\u00f3 con la presencia de autoridades comunales, padres, apoderados, alumnos y unos invitados muy especiales: los ni\u00f1os de la comuna, los que iluminaron el espacio con sus risas y juegos infantiles.<\/p>\n<p>&nbsp;<\/p>\n","protected":false},"excerpt":{"rendered":"<p>SANTA MAR\u00cdA.- Nuevamente la comunidad del Colegio Santa Mar\u00eda de Aconcagua sorprende a sus estudiantes y apoderados, pues el 19 de junio realiz\u00f3 la inauguraci\u00f3n de sus nuevas dependencias para la Ense\u00f1anza&#8230;<\/p>\n","protected":false},"author":482,"featured_media":48192,"comment_status":"open","ping_status":"closed","sticky":false,"template":"","format":"standard","meta":{"advanced_seo_description":"","jetpack_seo_html_title":"","jetpack_seo_noindex":false,"_jetpack_memberships_contains_paid_content":false,"footnotes":""},"categories":[15],"tags":[],"class_list":["post-48191","post","type-post","status-publish","format-standard","has-post-thumbnail","hentry","category-comunidad"],"jetpack_featured_media_url":"https:\/\/i0.wp.com\/eltrabajo.cl\/portal\/wp-content\/uploads\/2014\/06\/Cinta1.jpg?fit=529%2C352&ssl=1","jetpack_sharing_enabled":true,"jetpack_likes_enabled":true,"jetpack-related-posts":[],"_links":{"self":[{"href":"https:\/\/eltrabajo.cl\/portal\/wp-json\/wp\/v2\/posts\/48191","targetHints":{"allow":["GET"]}}],"collection":[{"href":"https:\/\/eltrabajo.cl\/portal\/wp-json\/wp\/v2\/posts"}],"about":[{"href":"https:\/\/eltrabajo.cl\/portal\/wp-json\/wp\/v2\/types\/post"}],"author":[{"embeddable":true,"href":"https:\/\/eltrabajo.cl\/portal\/wp-json\/wp\/v2\/users\/482"}],"replies":[{"embeddable":true,"href":"https:\/\/eltrabajo.cl\/portal\/wp-json\/wp\/v2\/comments?post=48191"}],"version-history":[{"count":0,"href":"https:\/\/eltrabajo.cl\/portal\/wp-json\/wp\/v2\/posts\/48191\/revisions"}],"wp:featuredmedia":[{"embeddable":true,"href":"https:\/\/eltrabajo.cl\/portal\/wp-json\/wp\/v2\/media\/48192"}],"wp:attachment":[{"href":"https:\/\/eltrabajo.cl\/portal\/wp-json\/wp\/v2\/media?parent=48191"}],"wp:term":[{"taxonomy":"category","embeddable":true,"href":"https:\/\/eltrabajo.cl\/portal\/wp-json\/wp\/v2\/categories?post=48191"},{"taxonomy":"post_tag","embeddable":true,"href":"https:\/\/eltrabajo.cl\/portal\/wp-json\/wp\/v2\/tags?post=48191"}],"curies":[{"name":"wp","href":"https:\/\/api.w.org\/{rel}","templated":true}]}}