{"id":48205,"date":"2014-06-27T09:34:22","date_gmt":"2014-06-27T13:34:22","guid":{"rendered":"http:\/\/www.eltrabajo.cl\/portal\/?p=48205"},"modified":"2014-06-27T09:34:22","modified_gmt":"2014-06-27T13:34:22","slug":"a-sus-92-anos-muere-milito-lerroy-fundador-de-la-barra-del-uni","status":"publish","type":"post","link":"https:\/\/eltrabajo.cl\/portal\/a-sus-92-anos-muere-milito-lerroy-fundador-de-la-barra-del-uni\/","title":{"rendered":"A sus 92 a\u00f1os muere \u2018Milito\u2019 Lerroy, fundador de la barra del Un\u00ed"},"content":{"rendered":"<figure id=\"attachment_48206\" aria-describedby=\"caption-attachment-48206\" style=\"width: 370px\" class=\"wp-caption alignleft\"><a href=\"https:\/\/i0.wp.com\/www.eltrabajo.cl\/portal\/wp-content\/uploads\/2014\/06\/Milito1.jpg\"><img data-recalc-dims=\"1\" loading=\"lazy\" decoding=\"async\" class=\" wp-image-48206 \" alt=\"EL REGAL\u00d3N DE LOS PARTIDOS.- En su moto cubierta con plumeros y banderines alusivos a la instituci\u00f3n, \u00e9l recorr\u00eda las calles de la ciudad, mismo veh\u00edculo con el que se trasladaba al estadio.\" src=\"https:\/\/i0.wp.com\/www.eltrabajo.cl\/portal\/wp-content\/uploads\/2014\/06\/Milito1.jpg?resize=370%2C520\" width=\"370\" height=\"520\" srcset=\"https:\/\/i0.wp.com\/eltrabajo.cl\/portal\/wp-content\/uploads\/2014\/06\/Milito1.jpg?w=529&amp;ssl=1 529w, https:\/\/i0.wp.com\/eltrabajo.cl\/portal\/wp-content\/uploads\/2014\/06\/Milito1.jpg?resize=106%2C150&amp;ssl=1 106w, https:\/\/i0.wp.com\/eltrabajo.cl\/portal\/wp-content\/uploads\/2014\/06\/Milito1.jpg?resize=213%2C300&amp;ssl=1 213w, https:\/\/i0.wp.com\/eltrabajo.cl\/portal\/wp-content\/uploads\/2014\/06\/Milito1.jpg?resize=400%2C561&amp;ssl=1 400w\" sizes=\"auto, (max-width: 370px) 100vw, 370px\" \/><\/a><figcaption id=\"caption-attachment-48206\" class=\"wp-caption-text\">EL REGAL\u00d3N DE LOS PARTIDOS.- En su moto cubierta con plumeros y banderines alusivos a la instituci\u00f3n, \u00e9l recorr\u00eda las calles de la ciudad, mismo veh\u00edculo con el que se trasladaba al estadio.<\/figcaption><\/figure>\n<p>A la edad de 92 a\u00f1os y producto de una larga enfermedad, dej\u00f3 de existir el conocido Fernando \u2018Milito\u2019 Lerroy Larra\u00f1aga, uno de los fundadores de la barra oficial de Uni\u00f3n San Felipe. Seg\u00fan nos cont\u00f3 su cu\u00f1ada, Florinda Cort\u00e9s, \u2018Milito\u2019 era muy conocido en la comunidad deportiva de San Felipe junto a su hermana, con quien tom\u00f3 la iniciativa de crear la barra oficial del club.<\/p>\n<p><strong>MOTO DEL UN\u00cd<\/strong><\/p>\n<p>En su moto cubierta con plumeros y banderines alusivos a la instituci\u00f3n, \u00e9l recorr\u00eda las calles de la ciudad, mismo veh\u00edculo con el que se trasladaba al estadio. \u2018Milito\u2019, quien hasta la fecha se encontraba en un hogar de acogida, falleci\u00f3 este mi\u00e9rcoles 18 de junio y sus restos fueron trasladado hasta el cementerio local, el viernes pasado en compa\u00f1\u00eda de sus amigos y los pocos familiares que manten\u00eda, quienes lo despidieron con emoci\u00f3n.<\/p>\n<p>Junto a su hermana, \u2018Milito\u2019 viajaba por todo Chile acompa\u00f1ando al Uni, viviendo y muriendo por el club. Para solventar los gastos de los viajes trabajaba en la F\u00e1brica Nacional de C\u00e1\u00f1amo y los fines de semana no faltaba al estadio, esp\u00edritu deportivo que fue reconocido por Uni\u00f3n San Felipe en el a\u00f1o 1985 en forma p\u00fablica en el mismo Estadio Municipal de San Felipe.<\/p>\n<p>Florinda lo recuerda con mucho cari\u00f1o y admiraci\u00f3n, por su incondicional apoyo al albirrojo lo que le permiti\u00f3 ser reconocido por toda la comunidad. A su vez le pide a las nuevas generaciones poder disfrutar del deporte y del f\u00fatbol en particular de una manera sana, condenado en\u00e9rgicamente los episodios de violencia que se viven en la actualidad en los recintos deportivos.<\/p>\n<div class=\"tiled-gallery type-rectangular tiled-gallery-unresized\" data-original-width=\"640\" data-carousel-extra='null' itemscope itemtype=\"http:\/\/schema.org\/ImageGallery\" > <div class=\"gallery-row\" style=\"width: 640px; height: 225px;\" data-original-width=\"640\" data-original-height=\"225\" > <div class=\"gallery-group images-1\" style=\"width: 319px; height: 225px;\" data-original-width=\"319\" data-original-height=\"225\" > <div class=\"tiled-gallery-item tiled-gallery-item-large\" itemprop=\"associatedMedia\" itemscope itemtype=\"http:\/\/schema.org\/ImageObject\"> <a href=\"https:\/\/eltrabajo.cl\/portal\/a-sus-92-anos-muere-milito-lerroy-fundador-de-la-barra-del-uni\/milito2\/\" border=\"0\" itemprop=\"url\"> <meta itemprop=\"width\" content=\"315\"> <meta itemprop=\"height\" content=\"221\"> <img decoding=\"async\" class=\"\" data-attachment-id=\"48207\" data-orig-file=\"https:\/\/eltrabajo.cl\/portal\/wp-content\/uploads\/2014\/06\/Milito2.jpg\" data-orig-size=\"529,372\" data-comments-opened=\"1\" data-image-meta=\"{&quot;aperture&quot;:&quot;0&quot;,&quot;credit&quot;:&quot;&quot;,&quot;camera&quot;:&quot;&quot;,&quot;caption&quot;:&quot;&quot;,&quot;created_timestamp&quot;:&quot;0&quot;,&quot;copyright&quot;:&quot;&quot;,&quot;focal_length&quot;:&quot;0&quot;,&quot;iso&quot;:&quot;0&quot;,&quot;shutter_speed&quot;:&quot;0&quot;,&quot;title&quot;:&quot;&quot;}\" data-image-title=\"Milito2\" data-image-description=\"&lt;p&gt;LA GRAN HINCHADA.- La hinchada del Un\u00ed no volver\u00e1 a ser la misma sin Milito, como lo muestra esta gr\u00e1fica.&lt;\/p&gt; \" data-medium-file=\"https:\/\/i0.wp.com\/eltrabajo.cl\/portal\/wp-content\/uploads\/2014\/06\/Milito2.jpg?fit=300%2C210&#038;ssl=1\" data-large-file=\"https:\/\/i0.wp.com\/eltrabajo.cl\/portal\/wp-content\/uploads\/2014\/06\/Milito2.jpg?fit=529%2C372&#038;ssl=1\" src=\"https:\/\/i0.wp.com\/eltrabajo.cl\/portal\/wp-content\/uploads\/2014\/06\/Milito2.jpg?w=315&#038;h=221&#038;ssl=1\" srcset=\"https:\/\/i0.wp.com\/eltrabajo.cl\/portal\/wp-content\/uploads\/2014\/06\/Milito2.jpg?w=529&amp;ssl=1 529w, https:\/\/i0.wp.com\/eltrabajo.cl\/portal\/wp-content\/uploads\/2014\/06\/Milito2.jpg?resize=200%2C140&amp;ssl=1 200w, https:\/\/i0.wp.com\/eltrabajo.cl\/portal\/wp-content\/uploads\/2014\/06\/Milito2.jpg?resize=300%2C210&amp;ssl=1 300w, https:\/\/i0.wp.com\/eltrabajo.cl\/portal\/wp-content\/uploads\/2014\/06\/Milito2.jpg?resize=150%2C105&amp;ssl=1 150w, https:\/\/i0.wp.com\/eltrabajo.cl\/portal\/wp-content\/uploads\/2014\/06\/Milito2.jpg?resize=400%2C281&amp;ssl=1 400w\" width=\"315\" height=\"221\" loading=\"lazy\" data-original-width=\"315\" data-original-height=\"221\" itemprop=\"http:\/\/schema.org\/image\" title=\"Milito2\" alt=\"LA GRAN HINCHADA.- La hinchada del Un\u00ed no volver\u00e1 a ser la misma sin Milito, como lo muestra esta gr\u00e1fica.\" style=\"width: 315px; height: 221px;\" \/> <\/a> <div class=\"tiled-gallery-caption\" itemprop=\"caption description\"> LA GRAN HINCHADA.- La hinchada del Un\u00ed no volver\u00e1 a ser la misma sin Milito, como lo muestra esta gr\u00e1fica. <\/div> <\/div> <\/div> <!-- close group --> <div class=\"gallery-group images-1\" style=\"width: 321px; height: 225px;\" data-original-width=\"321\" data-original-height=\"225\" > <div class=\"tiled-gallery-item tiled-gallery-item-large\" itemprop=\"associatedMedia\" itemscope itemtype=\"http:\/\/schema.org\/ImageObject\"> <a href=\"https:\/\/eltrabajo.cl\/portal\/a-sus-92-anos-muere-milito-lerroy-fundador-de-la-barra-del-uni\/milito3\/\" border=\"0\" itemprop=\"url\"> <meta itemprop=\"width\" content=\"317\"> <meta itemprop=\"height\" content=\"221\"> <img decoding=\"async\" class=\"\" data-attachment-id=\"48208\" data-orig-file=\"https:\/\/eltrabajo.cl\/portal\/wp-content\/uploads\/2014\/06\/Milito3.jpg\" data-orig-size=\"528,368\" data-comments-opened=\"1\" data-image-meta=\"{&quot;aperture&quot;:&quot;0&quot;,&quot;credit&quot;:&quot;&quot;,&quot;camera&quot;:&quot;&quot;,&quot;caption&quot;:&quot;&quot;,&quot;created_timestamp&quot;:&quot;0&quot;,&quot;copyright&quot;:&quot;&quot;,&quot;focal_length&quot;:&quot;0&quot;,&quot;iso&quot;:&quot;0&quot;,&quot;shutter_speed&quot;:&quot;0&quot;,&quot;title&quot;:&quot;&quot;}\" data-image-title=\"Milito3\" data-image-description=\"&lt;p&gt;SIEMPRE FUEL.- \u2018Milito\u2019 era una figura que brillaba con luz propia y alegraba los corazones, perdiera o ganara el equipo de sus amores.&lt;\/p&gt; \" data-medium-file=\"https:\/\/i0.wp.com\/eltrabajo.cl\/portal\/wp-content\/uploads\/2014\/06\/Milito3.jpg?fit=300%2C209&#038;ssl=1\" data-large-file=\"https:\/\/i0.wp.com\/eltrabajo.cl\/portal\/wp-content\/uploads\/2014\/06\/Milito3.jpg?fit=528%2C368&#038;ssl=1\" src=\"https:\/\/i0.wp.com\/eltrabajo.cl\/portal\/wp-content\/uploads\/2014\/06\/Milito3.jpg?w=317&#038;h=221&#038;ssl=1\" srcset=\"https:\/\/i0.wp.com\/eltrabajo.cl\/portal\/wp-content\/uploads\/2014\/06\/Milito3.jpg?w=528&amp;ssl=1 528w, https:\/\/i0.wp.com\/eltrabajo.cl\/portal\/wp-content\/uploads\/2014\/06\/Milito3.jpg?resize=200%2C139&amp;ssl=1 200w, https:\/\/i0.wp.com\/eltrabajo.cl\/portal\/wp-content\/uploads\/2014\/06\/Milito3.jpg?resize=300%2C209&amp;ssl=1 300w, https:\/\/i0.wp.com\/eltrabajo.cl\/portal\/wp-content\/uploads\/2014\/06\/Milito3.jpg?resize=150%2C104&amp;ssl=1 150w, https:\/\/i0.wp.com\/eltrabajo.cl\/portal\/wp-content\/uploads\/2014\/06\/Milito3.jpg?resize=400%2C278&amp;ssl=1 400w\" width=\"317\" height=\"221\" loading=\"lazy\" data-original-width=\"317\" data-original-height=\"221\" itemprop=\"http:\/\/schema.org\/image\" title=\"Milito3\" alt=\"SIEMPRE FUEL.- \u2018Milito\u2019 era una figura que brillaba con luz propia y alegraba los corazones, perdiera o ganara el equipo de sus amores.\" style=\"width: 317px; height: 221px;\" \/> <\/a> <div class=\"tiled-gallery-caption\" itemprop=\"caption description\"> SIEMPRE FUEL.- \u2018Milito\u2019 era una figura que brillaba con luz propia y alegraba los corazones, perdiera o ganara el equipo de sus amores. <\/div> <\/div> <\/div> <!-- close group --> <\/div> <!-- close row --> <\/div>\n<p>&nbsp;<\/p>\n","protected":false},"excerpt":{"rendered":"<p>A la edad de 92 a\u00f1os y producto de una larga enfermedad, dej\u00f3 de existir el conocido Fernando \u2018Milito\u2019 Lerroy Larra\u00f1aga, uno de los fundadores de la barra oficial de Uni\u00f3n San&#8230;<\/p>\n","protected":false},"author":482,"featured_media":48206,"comment_status":"open","ping_status":"closed","sticky":false,"template":"","format":"standard","meta":{"advanced_seo_description":"","jetpack_seo_html_title":"","jetpack_seo_noindex":false,"_jetpack_memberships_contains_paid_content":false,"footnotes":""},"categories":[15],"tags":[],"class_list":["post-48205","post","type-post","status-publish","format-standard","has-post-thumbnail","hentry","category-comunidad"],"jetpack_featured_media_url":"https:\/\/i0.wp.com\/eltrabajo.cl\/portal\/wp-content\/uploads\/2014\/06\/Milito1.jpg?fit=529%2C743&ssl=1","jetpack_sharing_enabled":true,"jetpack_likes_enabled":true,"jetpack-related-posts":[],"_links":{"self":[{"href":"https:\/\/eltrabajo.cl\/portal\/wp-json\/wp\/v2\/posts\/48205","targetHints":{"allow":["GET"]}}],"collection":[{"href":"https:\/\/eltrabajo.cl\/portal\/wp-json\/wp\/v2\/posts"}],"about":[{"href":"https:\/\/eltrabajo.cl\/portal\/wp-json\/wp\/v2\/types\/post"}],"author":[{"embeddable":true,"href":"https:\/\/eltrabajo.cl\/portal\/wp-json\/wp\/v2\/users\/482"}],"replies":[{"embeddable":true,"href":"https:\/\/eltrabajo.cl\/portal\/wp-json\/wp\/v2\/comments?post=48205"}],"version-history":[{"count":0,"href":"https:\/\/eltrabajo.cl\/portal\/wp-json\/wp\/v2\/posts\/48205\/revisions"}],"wp:featuredmedia":[{"embeddable":true,"href":"https:\/\/eltrabajo.cl\/portal\/wp-json\/wp\/v2\/media\/48206"}],"wp:attachment":[{"href":"https:\/\/eltrabajo.cl\/portal\/wp-json\/wp\/v2\/media?parent=48205"}],"wp:term":[{"taxonomy":"category","embeddable":true,"href":"https:\/\/eltrabajo.cl\/portal\/wp-json\/wp\/v2\/categories?post=48205"},{"taxonomy":"post_tag","embeddable":true,"href":"https:\/\/eltrabajo.cl\/portal\/wp-json\/wp\/v2\/tags?post=48205"}],"curies":[{"name":"wp","href":"https:\/\/api.w.org\/{rel}","templated":true}]}}