{"id":48211,"date":"2014-06-27T09:37:08","date_gmt":"2014-06-27T13:37:08","guid":{"rendered":"http:\/\/www.eltrabajo.cl\/portal\/?p=48211"},"modified":"2014-06-27T09:37:08","modified_gmt":"2014-06-27T13:37:08","slug":"nuevamente-intentan-robar-en-agricola-el-trapiche-de-granallas","status":"publish","type":"post","link":"https:\/\/eltrabajo.cl\/portal\/nuevamente-intentan-robar-en-agricola-el-trapiche-de-granallas\/","title":{"rendered":"Nuevamente intentan robar en Agr\u00edcola El Trapiche de Granallas"},"content":{"rendered":"<figure id=\"attachment_48212\" aria-describedby=\"caption-attachment-48212\" style=\"width: 529px\" class=\"wp-caption alignnone\"><a href=\"https:\/\/i0.wp.com\/www.eltrabajo.cl\/portal\/wp-content\/uploads\/2014\/06\/Cierre1.jpg\"><img data-recalc-dims=\"1\" loading=\"lazy\" decoding=\"async\" class=\"size-full wp-image-48212\" alt=\"Maldonado sostuvo que est\u00e1n cerrando perimetralmente el extenso predio para impedir que los delincuentes ingresen a la empresa.\" src=\"https:\/\/i0.wp.com\/www.eltrabajo.cl\/portal\/wp-content\/uploads\/2014\/06\/Cierre1.jpg?resize=529%2C358\" width=\"529\" height=\"358\" srcset=\"https:\/\/i0.wp.com\/eltrabajo.cl\/portal\/wp-content\/uploads\/2014\/06\/Cierre1.jpg?w=529&amp;ssl=1 529w, https:\/\/i0.wp.com\/eltrabajo.cl\/portal\/wp-content\/uploads\/2014\/06\/Cierre1.jpg?resize=200%2C135&amp;ssl=1 200w, https:\/\/i0.wp.com\/eltrabajo.cl\/portal\/wp-content\/uploads\/2014\/06\/Cierre1.jpg?resize=300%2C203&amp;ssl=1 300w, https:\/\/i0.wp.com\/eltrabajo.cl\/portal\/wp-content\/uploads\/2014\/06\/Cierre1.jpg?resize=150%2C101&amp;ssl=1 150w, https:\/\/i0.wp.com\/eltrabajo.cl\/portal\/wp-content\/uploads\/2014\/06\/Cierre1.jpg?resize=400%2C270&amp;ssl=1 400w\" sizes=\"auto, (max-width: 529px) 100vw, 529px\" \/><\/a><figcaption id=\"caption-attachment-48212\" class=\"wp-caption-text\">Maldonado sostuvo que est\u00e1n cerrando perimetralmente el extenso predio para impedir que los delincuentes ingresen a la empresa.<\/figcaption><\/figure>\n<p><strong>PUTAENDO.<\/strong>&#8211; Por segunda vez consecutiva en lo que va del mes, delincuentes intentaron robar en Agr\u00edcola El Trapiche, ubicada en Granallas.<\/p>\n<p>Seg\u00fan lo informado por Farkas Maldonado, administrador de la empresa, a eso de las 02:00 horas de este jueves y mientras se dispon\u00edan a tomar un caf\u00e9 luego de haber realizado una ronda por el extenso predio, sintieron cuando la alarma de uno de los galpones se activ\u00f3 y alcanzaron a divisar como dos sujetos hu\u00edan r\u00e1pidamente hacia el r\u00edo.<\/p>\n<p><strong>LOGRARON HU\u00cdR<\/strong><\/p>\n<p>En esta ocasi\u00f3n, seg\u00fan lo se\u00f1alado por Farkas, los rondines no hicieron uso de sus armas, ya que los delincuentes huyeron r\u00e1pidamente hacia el r\u00edo y a pesar de ser intensamente buscados, no fueron hallados.<\/p>\n<p>El aviso oportuno a Carabineros tambi\u00e9n permiti\u00f3 que la Polic\u00eda rastreara el sector, lamentablemente sin resultados positivos.<\/p>\n<p>Maldonado sostuvo que est\u00e1n cerrando perimetralmente el extenso predio para impedir que los delincuentes ingresen a la empresa, adem\u00e1s indic\u00f3 que hoy cuentan con tres guardias armados con escopetas de repetici\u00f3n semi-autom\u00e1ticas y fue enf\u00e1tico en advertir que si nuevamente los delincuentes ingresan al terreno, no les temblar\u00e1 la mano para dispararles, ya que cuentan con la autorizaci\u00f3n del propietario de Agr\u00edcola El Trapiche para abrir fuego en caso de un nuevo intento de robo.<\/p>\n<p>Patricio Gallardo M.<\/p>\n","protected":false},"excerpt":{"rendered":"<p>PUTAENDO.&#8211; Por segunda vez consecutiva en lo que va del mes, delincuentes intentaron robar en Agr\u00edcola El Trapiche, ubicada en Granallas. Seg\u00fan lo informado por Farkas Maldonado, administrador de la empresa, a&#8230;<\/p>\n","protected":false},"author":482,"featured_media":48212,"comment_status":"open","ping_status":"closed","sticky":false,"template":"","format":"standard","meta":{"advanced_seo_description":"","jetpack_seo_html_title":"","jetpack_seo_noindex":false,"_jetpack_memberships_contains_paid_content":false,"footnotes":""},"categories":[21],"tags":[],"class_list":["post-48211","post","type-post","status-publish","format-standard","has-post-thumbnail","hentry","category-policial"],"jetpack_featured_media_url":"https:\/\/i0.wp.com\/eltrabajo.cl\/portal\/wp-content\/uploads\/2014\/06\/Cierre1.jpg?fit=529%2C358&ssl=1","jetpack_sharing_enabled":true,"jetpack_likes_enabled":true,"jetpack-related-posts":[],"_links":{"self":[{"href":"https:\/\/eltrabajo.cl\/portal\/wp-json\/wp\/v2\/posts\/48211","targetHints":{"allow":["GET"]}}],"collection":[{"href":"https:\/\/eltrabajo.cl\/portal\/wp-json\/wp\/v2\/posts"}],"about":[{"href":"https:\/\/eltrabajo.cl\/portal\/wp-json\/wp\/v2\/types\/post"}],"author":[{"embeddable":true,"href":"https:\/\/eltrabajo.cl\/portal\/wp-json\/wp\/v2\/users\/482"}],"replies":[{"embeddable":true,"href":"https:\/\/eltrabajo.cl\/portal\/wp-json\/wp\/v2\/comments?post=48211"}],"version-history":[{"count":0,"href":"https:\/\/eltrabajo.cl\/portal\/wp-json\/wp\/v2\/posts\/48211\/revisions"}],"wp:featuredmedia":[{"embeddable":true,"href":"https:\/\/eltrabajo.cl\/portal\/wp-json\/wp\/v2\/media\/48212"}],"wp:attachment":[{"href":"https:\/\/eltrabajo.cl\/portal\/wp-json\/wp\/v2\/media?parent=48211"}],"wp:term":[{"taxonomy":"category","embeddable":true,"href":"https:\/\/eltrabajo.cl\/portal\/wp-json\/wp\/v2\/categories?post=48211"},{"taxonomy":"post_tag","embeddable":true,"href":"https:\/\/eltrabajo.cl\/portal\/wp-json\/wp\/v2\/tags?post=48211"}],"curies":[{"name":"wp","href":"https:\/\/api.w.org\/{rel}","templated":true}]}}