{"id":48214,"date":"2014-06-27T09:39:09","date_gmt":"2014-06-27T13:39:09","guid":{"rendered":"http:\/\/www.eltrabajo.cl\/portal\/?p=48214"},"modified":"2014-06-27T09:39:09","modified_gmt":"2014-06-27T13:39:09","slug":"ladron-se-quedo-dormido-mientras-robaba-tv-en-hospital-san-camilo","status":"publish","type":"post","link":"https:\/\/eltrabajo.cl\/portal\/ladron-se-quedo-dormido-mientras-robaba-tv-en-hospital-san-camilo\/","title":{"rendered":"Ladr\u00f3n se qued\u00f3 dormido mientras robaba TV en Hospital San Camilo"},"content":{"rendered":"<figure id=\"attachment_48215\" aria-describedby=\"caption-attachment-48215\" style=\"width: 528px\" class=\"wp-caption alignnone\"><a href=\"https:\/\/i0.wp.com\/www.eltrabajo.cl\/portal\/wp-content\/uploads\/2014\/06\/Ventana11.jpg\"><img data-recalc-dims=\"1\" loading=\"lazy\" decoding=\"async\" class=\"size-full wp-image-48215\" alt=\"CAMA IMPROVISADA.- En esta ventana del Hospital San Camilo fue sorprendido el sujeto durmiendo, cuando pretend\u00eda sustraer las especies.\" src=\"https:\/\/i0.wp.com\/www.eltrabajo.cl\/portal\/wp-content\/uploads\/2014\/06\/Ventana11.jpg?resize=528%2C401\" width=\"528\" height=\"401\" srcset=\"https:\/\/i0.wp.com\/eltrabajo.cl\/portal\/wp-content\/uploads\/2014\/06\/Ventana11.jpg?w=528&amp;ssl=1 528w, https:\/\/i0.wp.com\/eltrabajo.cl\/portal\/wp-content\/uploads\/2014\/06\/Ventana11.jpg?resize=197%2C150&amp;ssl=1 197w, https:\/\/i0.wp.com\/eltrabajo.cl\/portal\/wp-content\/uploads\/2014\/06\/Ventana11.jpg?resize=300%2C227&amp;ssl=1 300w, https:\/\/i0.wp.com\/eltrabajo.cl\/portal\/wp-content\/uploads\/2014\/06\/Ventana11.jpg?resize=150%2C113&amp;ssl=1 150w, https:\/\/i0.wp.com\/eltrabajo.cl\/portal\/wp-content\/uploads\/2014\/06\/Ventana11.jpg?resize=400%2C303&amp;ssl=1 400w\" sizes=\"auto, (max-width: 528px) 100vw, 528px\" \/><\/a><figcaption id=\"caption-attachment-48215\" class=\"wp-caption-text\">CAMA IMPROVISADA.- En esta ventana del Hospital San Camilo fue sorprendido el sujeto durmiendo, cuando pretend\u00eda sustraer las especies.<\/figcaption><\/figure>\n<p>Un ins\u00f3lito hecho delictual se produjo al interior del Hospital San Camilo de San Felipe, luego que un delincuente, quien se identificara como \u2018estudiante universitario\u2019, se quedara dormido en el borde de una ventana en los momentos que se dispon\u00eda a sustraer un televisor LCD y un computador desde la sala de Anatom\u00eda Patol\u00f3gica.<\/p>\n<p>El hecho se registr\u00f3 a eso de las 05:30 horas de la madrugada de ayer jueves, luego que un guardia del recinto hospitalario sorprendi\u00f3 a un sujeto vestido con una chaqueta de color negro sentado en la ventana, que previamente hab\u00eda quebrado el vidrio y en un costado un televisor LCD.<\/p>\n<figure id=\"attachment_48216\" aria-describedby=\"caption-attachment-48216\" style=\"width: 317px\" class=\"wp-caption alignright\"><a href=\"https:\/\/i0.wp.com\/www.eltrabajo.cl\/portal\/wp-content\/uploads\/2014\/06\/Televisor1.jpg\"><img data-recalc-dims=\"1\" loading=\"lazy\" decoding=\"async\" class=\" wp-image-48216 \" alt=\"El televisor LCD se encontraba listo para ser robado por el sujeto antes de lo que venciera el sue\u00f1o.\" src=\"https:\/\/i0.wp.com\/www.eltrabajo.cl\/portal\/wp-content\/uploads\/2014\/06\/Televisor1.jpg?resize=317%2C220\" width=\"317\" height=\"220\" srcset=\"https:\/\/i0.wp.com\/eltrabajo.cl\/portal\/wp-content\/uploads\/2014\/06\/Televisor1.jpg?w=528&amp;ssl=1 528w, https:\/\/i0.wp.com\/eltrabajo.cl\/portal\/wp-content\/uploads\/2014\/06\/Televisor1.jpg?resize=200%2C138&amp;ssl=1 200w, https:\/\/i0.wp.com\/eltrabajo.cl\/portal\/wp-content\/uploads\/2014\/06\/Televisor1.jpg?resize=300%2C207&amp;ssl=1 300w, https:\/\/i0.wp.com\/eltrabajo.cl\/portal\/wp-content\/uploads\/2014\/06\/Televisor1.jpg?resize=150%2C103&amp;ssl=1 150w, https:\/\/i0.wp.com\/eltrabajo.cl\/portal\/wp-content\/uploads\/2014\/06\/Televisor1.jpg?resize=400%2C277&amp;ssl=1 400w\" sizes=\"auto, (max-width: 317px) 100vw, 317px\" \/><\/a><figcaption id=\"caption-attachment-48216\" class=\"wp-caption-text\">El televisor LCD se encontraba listo para ser robado por el sujeto antes de lo que venciera el sue\u00f1o.<\/figcaption><\/figure>\n<p>El funcionario al percatarse de la situaci\u00f3n, se dirigi\u00f3 hasta el ahora imputado, quien se encontraba pl\u00e1cidamente dormido en el lugar. Tras despertarlo, el vigilante procedi\u00f3 a retenerlo, produci\u00e9ndose un forcejeo entre ambos debiendo solicitar auxilio a otros guardias. No obstante el antisocial escap\u00f3 por el interior del hospital dejando rastros de sangre debido al corte en la piel que se le produjo en una de sus manos.<\/p>\n<p><strong>\u2018FEO DURMIENTE\u2019<\/strong><\/p>\n<p>Tras lo ocurrido se solicit\u00f3 la presencia de Carabineros, quienes revisaron todos los rincones del hospital, percat\u00e1ndose que dentro del laboratorio se encontraba una ventana quebrada y en el suelo un televisor LCD marca LG de 32 pulgadas, junto con un computador marca Olidata, teclado, pendrive y mouse, avaluados en $381.000.<\/p>\n<p>No obstante cerca de las 08:10 de la ma\u00f1ana, el sujeto no pudo contener el sue\u00f1o y se fue directamente a dormir pl\u00e1cidamente hasta un comedor, donde fue sorprendido por un tecn\u00f3logo m\u00e9dico quien de inmediato llam\u00f3 a Carabineros para lograr su detenci\u00f3n, estableci\u00e9ndose mediante los testigos que se trataba de la misma persona que hab\u00eda protagonizado el hecho, quien presentaba una herida superficial en su mano derecha, debiendo ser asistido en el mismo hospital.<\/p>\n<p>Por su parte la Secci\u00f3n de Investigaci\u00f3n Policial (SIP) de Carabineros de San Felipe, concurri\u00f3 hasta el lugar para tomar el registro de huellas y muestras de sangre para establecer la participaci\u00f3n del acusado para ser remitidos al Ministerio P\u00fablico. Asimismo, el detenido fue identificado como Juan Antonio C.C. de 24 a\u00f1os de edad, supuesto estudiante universitario en la comuna de San Felipe, quien no mantiene antecedentes penales y mantuvo su Derecho a guardar silencio hasta ser formalizado el d\u00eda de hoy viernes en el Juzgado de Garant\u00eda de esta comuna.<\/p>\n<p>Pablo Salinas Sald\u00edas<\/p>\n","protected":false},"excerpt":{"rendered":"<p>Un ins\u00f3lito hecho delictual se produjo al interior del Hospital San Camilo de San Felipe, luego que un delincuente, quien se identificara como \u2018estudiante universitario\u2019, se quedara dormido en el borde de&#8230;<\/p>\n","protected":false},"author":482,"featured_media":48215,"comment_status":"open","ping_status":"closed","sticky":false,"template":"","format":"standard","meta":{"advanced_seo_description":"","jetpack_seo_html_title":"","jetpack_seo_noindex":false,"_jetpack_memberships_contains_paid_content":false,"footnotes":""},"categories":[21],"tags":[],"class_list":["post-48214","post","type-post","status-publish","format-standard","has-post-thumbnail","hentry","category-policial"],"jetpack_featured_media_url":"https:\/\/i0.wp.com\/eltrabajo.cl\/portal\/wp-content\/uploads\/2014\/06\/Ventana11.jpg?fit=528%2C401&ssl=1","jetpack_sharing_enabled":true,"jetpack_likes_enabled":true,"jetpack-related-posts":[],"_links":{"self":[{"href":"https:\/\/eltrabajo.cl\/portal\/wp-json\/wp\/v2\/posts\/48214","targetHints":{"allow":["GET"]}}],"collection":[{"href":"https:\/\/eltrabajo.cl\/portal\/wp-json\/wp\/v2\/posts"}],"about":[{"href":"https:\/\/eltrabajo.cl\/portal\/wp-json\/wp\/v2\/types\/post"}],"author":[{"embeddable":true,"href":"https:\/\/eltrabajo.cl\/portal\/wp-json\/wp\/v2\/users\/482"}],"replies":[{"embeddable":true,"href":"https:\/\/eltrabajo.cl\/portal\/wp-json\/wp\/v2\/comments?post=48214"}],"version-history":[{"count":0,"href":"https:\/\/eltrabajo.cl\/portal\/wp-json\/wp\/v2\/posts\/48214\/revisions"}],"wp:featuredmedia":[{"embeddable":true,"href":"https:\/\/eltrabajo.cl\/portal\/wp-json\/wp\/v2\/media\/48215"}],"wp:attachment":[{"href":"https:\/\/eltrabajo.cl\/portal\/wp-json\/wp\/v2\/media?parent=48214"}],"wp:term":[{"taxonomy":"category","embeddable":true,"href":"https:\/\/eltrabajo.cl\/portal\/wp-json\/wp\/v2\/categories?post=48214"},{"taxonomy":"post_tag","embeddable":true,"href":"https:\/\/eltrabajo.cl\/portal\/wp-json\/wp\/v2\/tags?post=48214"}],"curies":[{"name":"wp","href":"https:\/\/api.w.org\/{rel}","templated":true}]}}