{"id":48237,"date":"2014-06-30T09:25:24","date_gmt":"2014-06-30T13:25:24","guid":{"rendered":"http:\/\/www.eltrabajo.cl\/portal\/?p=48237"},"modified":"2014-06-30T09:25:24","modified_gmt":"2014-06-30T13:25:24","slug":"vecinos-marchan-cansados-de-tantos-robos-en-su-comuna","status":"publish","type":"post","link":"https:\/\/eltrabajo.cl\/portal\/vecinos-marchan-cansados-de-tantos-robos-en-su-comuna\/","title":{"rendered":"Vecinos marchan cansados de tantos robos en su comuna"},"content":{"rendered":"<figure id=\"attachment_48238\" aria-describedby=\"caption-attachment-48238\" style=\"width: 529px\" class=\"wp-caption alignnone\"><a href=\"https:\/\/i0.wp.com\/www.eltrabajo.cl\/portal\/wp-content\/uploads\/2014\/06\/Marcha11.jpg\"><img data-recalc-dims=\"1\" loading=\"lazy\" decoding=\"async\" class=\"size-full wp-image-48238\" alt=\"VECINOS HARTOS.- Los vecinos protestaron contra la delincuencia que han sido v\u00edctima en la comuna de Catemu, haciendo un llamado a las autoridades y Carabineros a tomar cartas en el asunto.\" src=\"https:\/\/i0.wp.com\/www.eltrabajo.cl\/portal\/wp-content\/uploads\/2014\/06\/Marcha11.jpg?resize=529%2C304\" width=\"529\" height=\"304\" srcset=\"https:\/\/i0.wp.com\/eltrabajo.cl\/portal\/wp-content\/uploads\/2014\/06\/Marcha11.jpg?w=529&amp;ssl=1 529w, https:\/\/i0.wp.com\/eltrabajo.cl\/portal\/wp-content\/uploads\/2014\/06\/Marcha11.jpg?resize=200%2C114&amp;ssl=1 200w, https:\/\/i0.wp.com\/eltrabajo.cl\/portal\/wp-content\/uploads\/2014\/06\/Marcha11.jpg?resize=300%2C172&amp;ssl=1 300w, https:\/\/i0.wp.com\/eltrabajo.cl\/portal\/wp-content\/uploads\/2014\/06\/Marcha11.jpg?resize=150%2C86&amp;ssl=1 150w, https:\/\/i0.wp.com\/eltrabajo.cl\/portal\/wp-content\/uploads\/2014\/06\/Marcha11.jpg?resize=400%2C229&amp;ssl=1 400w\" sizes=\"auto, (max-width: 529px) 100vw, 529px\" \/><\/a><figcaption id=\"caption-attachment-48238\" class=\"wp-caption-text\">VECINOS HARTOS.- Los vecinos protestaron contra la delincuencia que han sido v\u00edctima en la comuna de Catemu, haciendo un llamado a las autoridades y Carabineros a tomar cartas en el asunto.<\/figcaption><\/figure>\n<p><strong>CATEMU.<\/strong>&#8211; Protestando pac\u00edficamente por calles de la comuna de Catemu, un grupo de vecinos alzaron la voz tras ser v\u00edctimas de diversos delitos de robos y asaltos registrados en las \u00faltimas semanas que han generado la sensaci\u00f3n de inseguridad debido al aumento de la delincuencia.<\/p>\n<p>Cerca de las 11:00 horas de ayer domingo, la movilizaci\u00f3n reuni\u00f3 cerca de 200 vecinos acompa\u00f1ados por concejales de la comuna como Claudio N\u00fa\u00f1ez y Aurora Medina, quienes tambi\u00e9n han sido blanco de los antisociales junto con el Alcalde Boris Luksyc y el Gobernador Eduardo Le\u00f3n, ellos marcharon por las calles con lienzos que consignaban el repudio \u2018No m\u00e1s delincuencia\u2019 y \u2018Basta Ya: en Catemu queremos vivir en paz\u2019.<\/p>\n<p><strong>MUCHOS ROBOS<\/strong><\/p>\n<p>Al evento se unieron adem\u00e1s dirigentes sociales, luego de ser convocados por las redes sociales a manifestarse desde el frontis del gimnasio municipal, desplaz\u00e1ndose por el centro hasta culminar en la Plaza de Armas de la comuna. El llamado de atenci\u00f3n consiste en tomar medidas necesarias junto con las autoridades y Carabineros, debido al incremento de denuncias de robos en vivienda, instituciones como jardines infantiles y comerciantes del centro de Catemu.<\/p>\n<p>Adem\u00e1s de los asaltos a plena luz del d\u00eda que se han registrado y cuyos antisociales las cometen usando arma blanca o pistolas para intimidar a las v\u00edctimas, la comunidad recalca que la seguridad se estar\u00eda escapando de las manos de la Polic\u00eda.<\/p>\n<p>\u201cNosotros decidimos manifestarnos con un objetivo claro pedirle a las autoridades que se comprometieran a crear un Plan de Seguridad Comunal, donde todos los actores sociales, pol\u00edticos, organizaciones comunitarias como club de adultos mayores, centros de madres, deportivos u otros que pudiesen participar en con junto con Carabineros, Fiscal\u00eda y Gobernaci\u00f3n, que por favor instaran a tener una mesa de conversaci\u00f3n que pudi\u00e9ramos crear un plan comunal para prevenir la delincuencia\u201d, manifest\u00f3 Isabel Salas, vecina y coordinadora de la marcha.<\/p>\n<p>Agreg\u00f3 que la propuesta entre la comunidad es lograr aumentar la dotaci\u00f3n de funcionarios policiales que actualmente existe, para la comuna junto con imitar el plan de trabajo que se ha logrado en la comuna de Santa Mar\u00eda, en cuyos vecinos tienen seguridad ciudadana y la utilizaci\u00f3n de equipos de radios en caso de emergencias, \u201cnosotros sentimos muy poca presencia policial, por eso han incrementado los robos considerablemente tambi\u00e9n\u201d, precis\u00f3 Salas.<\/p>\n<p>No obstante Carabineros desarroll\u00f3 durante este fin de semana un servicio especial en distintos sectores de la comuna de Catemu, realizando controles de identidad; cursando infracciones a la Ley de Tr\u00e1nsito y patrullajes preventivos que con el objetivo de mermar la situaci\u00f3n actual de inseguridad.<\/p>\n<p>Pablo Salinas Sald\u00edas.<\/p>\n<p>&nbsp;<\/p>\n","protected":false},"excerpt":{"rendered":"<p>CATEMU.&#8211; Protestando pac\u00edficamente por calles de la comuna de Catemu, un grupo de vecinos alzaron la voz tras ser v\u00edctimas de diversos delitos de robos y asaltos registrados en las \u00faltimas semanas&#8230;<\/p>\n","protected":false},"author":482,"featured_media":48238,"comment_status":"open","ping_status":"closed","sticky":false,"template":"","format":"standard","meta":{"advanced_seo_description":"","jetpack_seo_html_title":"","jetpack_seo_noindex":false,"_jetpack_memberships_contains_paid_content":false,"footnotes":""},"categories":[15],"tags":[],"class_list":["post-48237","post","type-post","status-publish","format-standard","has-post-thumbnail","hentry","category-comunidad"],"jetpack_featured_media_url":"https:\/\/i0.wp.com\/eltrabajo.cl\/portal\/wp-content\/uploads\/2014\/06\/Marcha11.jpg?fit=529%2C304&ssl=1","jetpack_sharing_enabled":true,"jetpack_likes_enabled":true,"jetpack-related-posts":[],"_links":{"self":[{"href":"https:\/\/eltrabajo.cl\/portal\/wp-json\/wp\/v2\/posts\/48237","targetHints":{"allow":["GET"]}}],"collection":[{"href":"https:\/\/eltrabajo.cl\/portal\/wp-json\/wp\/v2\/posts"}],"about":[{"href":"https:\/\/eltrabajo.cl\/portal\/wp-json\/wp\/v2\/types\/post"}],"author":[{"embeddable":true,"href":"https:\/\/eltrabajo.cl\/portal\/wp-json\/wp\/v2\/users\/482"}],"replies":[{"embeddable":true,"href":"https:\/\/eltrabajo.cl\/portal\/wp-json\/wp\/v2\/comments?post=48237"}],"version-history":[{"count":0,"href":"https:\/\/eltrabajo.cl\/portal\/wp-json\/wp\/v2\/posts\/48237\/revisions"}],"wp:featuredmedia":[{"embeddable":true,"href":"https:\/\/eltrabajo.cl\/portal\/wp-json\/wp\/v2\/media\/48238"}],"wp:attachment":[{"href":"https:\/\/eltrabajo.cl\/portal\/wp-json\/wp\/v2\/media?parent=48237"}],"wp:term":[{"taxonomy":"category","embeddable":true,"href":"https:\/\/eltrabajo.cl\/portal\/wp-json\/wp\/v2\/categories?post=48237"},{"taxonomy":"post_tag","embeddable":true,"href":"https:\/\/eltrabajo.cl\/portal\/wp-json\/wp\/v2\/tags?post=48237"}],"curies":[{"name":"wp","href":"https:\/\/api.w.org\/{rel}","templated":true}]}}