{"id":48244,"date":"2014-06-30T09:29:06","date_gmt":"2014-06-30T13:29:06","guid":{"rendered":"http:\/\/www.eltrabajo.cl\/portal\/?p=48244"},"modified":"2014-06-30T09:29:06","modified_gmt":"2014-06-30T13:29:06","slug":"realizan-primera-jornada-de-reflexion-en-escuela-jose-de-san-martin","status":"publish","type":"post","link":"https:\/\/eltrabajo.cl\/portal\/realizan-primera-jornada-de-reflexion-en-escuela-jose-de-san-martin\/","title":{"rendered":"Realizan primera jornada de Reflexi\u00f3n en Escuela Jos\u00e9 De San Mart\u00edn"},"content":{"rendered":"<figure id=\"attachment_48245\" aria-describedby=\"caption-attachment-48245\" style=\"width: 528px\" class=\"wp-caption alignnone\"><a href=\"https:\/\/i0.wp.com\/www.eltrabajo.cl\/portal\/wp-content\/uploads\/2014\/06\/Reflexion1.jpg\"><img data-recalc-dims=\"1\" loading=\"lazy\" decoding=\"async\" class=\"size-full wp-image-48245\" alt=\"JORNADA DE TRABAJO.- En la Escuela Jos\u00e9 De San Mart\u00edn, se desarroll\u00f3 este martes 24 de junio desde las 10:00 a 12:15 horas la primera jornada de reflexi\u00f3n y di\u00e1logo para padres y apoderados en torno a la tem\u00e1tica de La escuela que queremos.\" src=\"https:\/\/i0.wp.com\/www.eltrabajo.cl\/portal\/wp-content\/uploads\/2014\/06\/Reflexion1.jpg?resize=528%2C319\" width=\"528\" height=\"319\" srcset=\"https:\/\/i0.wp.com\/eltrabajo.cl\/portal\/wp-content\/uploads\/2014\/06\/Reflexion1.jpg?w=528&amp;ssl=1 528w, https:\/\/i0.wp.com\/eltrabajo.cl\/portal\/wp-content\/uploads\/2014\/06\/Reflexion1.jpg?resize=200%2C120&amp;ssl=1 200w, https:\/\/i0.wp.com\/eltrabajo.cl\/portal\/wp-content\/uploads\/2014\/06\/Reflexion1.jpg?resize=300%2C181&amp;ssl=1 300w, https:\/\/i0.wp.com\/eltrabajo.cl\/portal\/wp-content\/uploads\/2014\/06\/Reflexion1.jpg?resize=150%2C90&amp;ssl=1 150w, https:\/\/i0.wp.com\/eltrabajo.cl\/portal\/wp-content\/uploads\/2014\/06\/Reflexion1.jpg?resize=400%2C241&amp;ssl=1 400w\" sizes=\"auto, (max-width: 528px) 100vw, 528px\" \/><\/a><figcaption id=\"caption-attachment-48245\" class=\"wp-caption-text\">JORNADA DE TRABAJO.- En la Escuela Jos\u00e9 De San Mart\u00edn, se desarroll\u00f3 este martes 24 de junio desde las 10:00 a 12:15 horas la primera jornada de reflexi\u00f3n y di\u00e1logo para padres y apoderados en torno a la tem\u00e1tica de La escuela que queremos.<\/figcaption><\/figure>\n<p>Con la presencia de representantes de la mayor parte de los subcentros de padres y apoderados de los 33 cursos de la Escuela Jos\u00e9 De San Mart\u00edn, se desarroll\u00f3 este martes 24 de junio desde las 10:00 a 12:15 horas la primera jornada de reflexi\u00f3n y di\u00e1logo para padres y apoderados en torno a la tem\u00e1tica de La escuela que queremos. Esta actividad adem\u00e1s cont\u00f3 con la participaci\u00f3n de todo el equipo directivo del establecimiento, encabezado por su Director Eduardo Saavedra Estay.<\/p>\n<p><strong>\u00a0PROFESORA EJEMPLAR<\/strong><\/p>\n<p>La jornada fue conducida por la Profesora Sandra Mu\u00f1oz Sanhueza, Encargada de Convivencia escolar, quien a trav\u00e9s de una presentaci\u00f3n din\u00e1mica y motivadora logr\u00f3 guiar la jornada en torno a las tem\u00e1ticas centrales que constituyen la columna vertebral del trabajo realizado por la escuela, cuyo foco est\u00e1 centrado en la Excelencia Acad\u00e9mica, impronta de este centenario y prestigioso establecimiento de la comuna.<\/p>\n<p>La Escuela Jos\u00e9 De San Mart\u00edn cada d\u00eda est\u00e1 abriendo m\u00e1s sus puertas, dando espacios de amplia participaci\u00f3n a quienes conforman uno de los estamentos m\u00e1s relevantes dentro de la comunidad educativa, como son sus padres y apoderados, liderados por su actual presidente, Alejandra Bazaes Leiva; quienes aprovecharon este espacio para manifestar todas sus inquietudes, problemas y necesidades en relaci\u00f3n a la educaci\u00f3n que esperan para sus hijos, as\u00ed como referirse al clima escolar en que se desarrolla. Analizaron aspectos como el Manual de Convivencia Escolar; el Reglamento Interno y en el plano m\u00e1s filos\u00f3fico pero no menos importante, su Proyecto Educativo Institucional; su Misi\u00f3n y Visi\u00f3n, que se\u00f1alan el ideal de alumno que se desea formar, as\u00ed como el camino para lograrlo.<\/p>\n<p>Una de las principales dificultades que presentan los establecimientos municipales del pa\u00eds, es la poca participaci\u00f3n y compromiso de las familias en la educaci\u00f3n que imparten, situaci\u00f3n reflejada en el ausentismo a reuniones mensuales de padres y apoderados, as\u00ed como a las entrevistas individuales. Muchas veces son esos padres ausentes los que tienen conflictos con la escuela y amenazan con ir a \u2018Otras instancias\u2019 a realizar sus reclamos, sin reconocer que han tenido los espacios para hacerse o\u00edr y no los han aprovechado.<\/p>\n<p><strong>EL ROL FAMILIAR<\/strong><\/p>\n<p>La falta de aprovechamiento de esos espacios es lo que genera el culpar al otro de los problemas que afectan a la escuela; es as\u00ed como se observa a muchos padres culpando a los profesores de las dificultades que presentan sus hijos, y a los profesores quejarse de la falta de apoyo del hogar. Es este desencuentro el que la Escuela Jos\u00e9 De San Mart\u00edn busca subsanar a trav\u00e9s de jornadas como la realizada este martes, que es la primera pero que no ser\u00e1 la \u00faltima de este tipo, dada la excelente convocatoria y participaci\u00f3n que gener\u00f3 entre los padres y apoderados de la escuela, quienes quedaron tan motivados que solicitaron una nueva jornada antes de fin de a\u00f1o.<\/p>\n<p>Finalmente es importante se\u00f1alar que, adem\u00e1s de escuchar todos los planteamientos de los padres, en un clima de respeto y tolerancia mutuos, se hizo mucho hincapi\u00e9 en el rol de la familia en la educaci\u00f3n de los estudiantes, puesto que es el n\u00facleo familiar el primer responsable de educar en la formaci\u00f3n de valores y h\u00e1bitos, indispensables para convivir en la sociedad, as\u00ed como para tener una trayectoria educativa, que en un trabajo mancomunado con la unidad educativa, conduzca al \u00e9xito a los hijos e hijas de las familias de la Escuela Jos\u00e9 De San Mart\u00edn.<\/p>\n<p>&nbsp;<\/p>\n","protected":false},"excerpt":{"rendered":"<p>Con la presencia de representantes de la mayor parte de los subcentros de padres y apoderados de los 33 cursos de la Escuela Jos\u00e9 De San Mart\u00edn, se desarroll\u00f3 este martes 24&#8230;<\/p>\n","protected":false},"author":482,"featured_media":48245,"comment_status":"open","ping_status":"closed","sticky":false,"template":"","format":"standard","meta":{"advanced_seo_description":"","jetpack_seo_html_title":"","jetpack_seo_noindex":false,"_jetpack_memberships_contains_paid_content":false,"footnotes":""},"categories":[15],"tags":[],"class_list":["post-48244","post","type-post","status-publish","format-standard","has-post-thumbnail","hentry","category-comunidad"],"jetpack_featured_media_url":"https:\/\/i0.wp.com\/eltrabajo.cl\/portal\/wp-content\/uploads\/2014\/06\/Reflexion1.jpg?fit=528%2C319&ssl=1","jetpack_sharing_enabled":true,"jetpack_likes_enabled":true,"jetpack-related-posts":[],"_links":{"self":[{"href":"https:\/\/eltrabajo.cl\/portal\/wp-json\/wp\/v2\/posts\/48244","targetHints":{"allow":["GET"]}}],"collection":[{"href":"https:\/\/eltrabajo.cl\/portal\/wp-json\/wp\/v2\/posts"}],"about":[{"href":"https:\/\/eltrabajo.cl\/portal\/wp-json\/wp\/v2\/types\/post"}],"author":[{"embeddable":true,"href":"https:\/\/eltrabajo.cl\/portal\/wp-json\/wp\/v2\/users\/482"}],"replies":[{"embeddable":true,"href":"https:\/\/eltrabajo.cl\/portal\/wp-json\/wp\/v2\/comments?post=48244"}],"version-history":[{"count":0,"href":"https:\/\/eltrabajo.cl\/portal\/wp-json\/wp\/v2\/posts\/48244\/revisions"}],"wp:featuredmedia":[{"embeddable":true,"href":"https:\/\/eltrabajo.cl\/portal\/wp-json\/wp\/v2\/media\/48245"}],"wp:attachment":[{"href":"https:\/\/eltrabajo.cl\/portal\/wp-json\/wp\/v2\/media?parent=48244"}],"wp:term":[{"taxonomy":"category","embeddable":true,"href":"https:\/\/eltrabajo.cl\/portal\/wp-json\/wp\/v2\/categories?post=48244"},{"taxonomy":"post_tag","embeddable":true,"href":"https:\/\/eltrabajo.cl\/portal\/wp-json\/wp\/v2\/tags?post=48244"}],"curies":[{"name":"wp","href":"https:\/\/api.w.org\/{rel}","templated":true}]}}