{"id":48247,"date":"2014-06-30T09:31:35","date_gmt":"2014-06-30T13:31:35","guid":{"rendered":"http:\/\/www.eltrabajo.cl\/portal\/?p=48247"},"modified":"2014-06-30T09:31:35","modified_gmt":"2014-06-30T13:31:35","slug":"bomberos-de-san-felipe-celebran-su-dia-en-la-plaza-de-armas","status":"publish","type":"post","link":"https:\/\/eltrabajo.cl\/portal\/bomberos-de-san-felipe-celebran-su-dia-en-la-plaza-de-armas\/","title":{"rendered":"Bomberos de San Felipe celebran su d\u00eda en la Plaza de Armas"},"content":{"rendered":"<figure id=\"attachment_48248\" aria-describedby=\"caption-attachment-48248\" style=\"width: 528px\" class=\"wp-caption alignnone\"><a href=\"https:\/\/i0.wp.com\/www.eltrabajo.cl\/portal\/wp-content\/uploads\/2014\/06\/Bomba1.jpg\"><img data-recalc-dims=\"1\" loading=\"lazy\" decoding=\"async\" class=\"size-full wp-image-48248\" alt=\"TRADICI\u00d3N Y SERVICIO.- El Cuerpo de Bomberos de San Felipe se fund\u00f3 en el a\u00f1o 1883 al servicio del Valle del Aconcagua.\" src=\"https:\/\/i0.wp.com\/www.eltrabajo.cl\/portal\/wp-content\/uploads\/2014\/06\/Bomba1.jpg?resize=528%2C378\" width=\"528\" height=\"378\" srcset=\"https:\/\/i0.wp.com\/eltrabajo.cl\/portal\/wp-content\/uploads\/2014\/06\/Bomba1.jpg?w=528&amp;ssl=1 528w, https:\/\/i0.wp.com\/eltrabajo.cl\/portal\/wp-content\/uploads\/2014\/06\/Bomba1.jpg?resize=200%2C143&amp;ssl=1 200w, https:\/\/i0.wp.com\/eltrabajo.cl\/portal\/wp-content\/uploads\/2014\/06\/Bomba1.jpg?resize=300%2C214&amp;ssl=1 300w, https:\/\/i0.wp.com\/eltrabajo.cl\/portal\/wp-content\/uploads\/2014\/06\/Bomba1.jpg?resize=150%2C107&amp;ssl=1 150w, https:\/\/i0.wp.com\/eltrabajo.cl\/portal\/wp-content\/uploads\/2014\/06\/Bomba1.jpg?resize=400%2C286&amp;ssl=1 400w\" sizes=\"auto, (max-width: 528px) 100vw, 528px\" \/><\/a><figcaption id=\"caption-attachment-48248\" class=\"wp-caption-text\">TRADICI\u00d3N Y SERVICIO.- El Cuerpo de Bomberos de San Felipe se fund\u00f3 en el a\u00f1o 1883 al servicio del Valle del Aconcagua.<\/figcaption><\/figure>\n<p>En el marco del D\u00eda Nacional de Bomberos de Chile, que se celebra en todo el pa\u00eds el 30 de junio, este s\u00e1bado el Cuerpo de Bomberos de San Felipe realiz\u00f3 una exhibici\u00f3n de todas sus unidades, equipamiento y habilidades de su personal. Las actividades se desarrollaron en la Plaza de Armas y en ella participaron cada una de las compa\u00f1\u00edas de la comuna.<\/p>\n<p>El Comandante del Cuerpo de Bomberos de San Felipe, Cristian Palma, dijo que \u201cesta celebraci\u00f3n se efect\u00faa desde que se funda el Cuerpo de Bomberos de Valpara\u00edso en el a\u00f1o 1851, lo que hace trascender la historia del pa\u00eds con los \u2018Caballeros del Fuego\u2019, atendiendo hoy en d\u00eda distintos tipos de emergencias como rescates mineros, vehiculares, emergencias que involucran el manejo de materiales peligrosos y por supuesto la extinci\u00f3n de incendios, entre otras, todas ellas destinadas a proteger la vida de las personas, su bienes y el medioambiente\u201d.<\/p>\n<p>Palma cont\u00f3 que el Cuerpo de Bomberos de San Felipe se fund\u00f3 en el a\u00f1o 1883 al servicio del Valle del Aconcagua y actualmente la instituci\u00f3n cuenta con siete compa\u00f1\u00edas, tres de las cuales se encuentran en sectores rurales como Curim\u00f3n, Panquehue y 21 de Mayo, con un n\u00famero aproximado de 200 bomberos al servicio de la comunidad.<\/p>\n<p>\u201cEsta actividad la realizamos para tener un acercamiento con la comunidad, sobre todo con los ni\u00f1os para quienes es importante que nos conozcan a nosotros, nuestro equipamiento y la forma en que trabajamos\u201d, concluy\u00f3.<\/p>\n<p>En tanto, Claudio Salgado Carvajal, Director de la 3\u00aa C\u00eda., cont\u00f3 que su compa\u00f1\u00eda se especializa en cuerdas y rescate t\u00e9cnico, cumpliendo ya varios a\u00f1os trabajando en esto, \u201cpor lo mismo vinimos a hacer una demostraci\u00f3n en todo lo relacionado con cuerdas, como tirolesas, subir y bajar, como sacar a un paciente desde un poso con el tr\u00edpode que tenemos instalado. Nuestra compa\u00f1\u00eda est\u00e1 formada por miembros honorarios, bomberos y cadetes y actualmente tenemos 20 bomberos activos; 15 honorarios y nueve cadetes, estos \u00faltimos son los ni\u00f1os que ser\u00e1n el futuro de Bomberos de San Felipe. \u201cA nivel de Cuerpo de Bomberos estamos muy gratificados, ya que vino bastante gente y eso como Cuerpo y Compa\u00f1\u00eda es bastante importante y nos alegra que las personas est\u00e9n cercanas al Cuerpo de Bomberos de San Felipe\u201d.<\/p>\n<div class=\"tiled-gallery type-rectangular tiled-gallery-unresized\" data-original-width=\"640\" data-carousel-extra='null' itemscope itemtype=\"http:\/\/schema.org\/ImageGallery\" > <div class=\"gallery-row\" style=\"width: 640px; height: 243px;\" data-original-width=\"640\" data-original-height=\"243\" > <div class=\"gallery-group images-1\" style=\"width: 321px; height: 243px;\" data-original-width=\"321\" data-original-height=\"243\" > <div class=\"tiled-gallery-item tiled-gallery-item-large\" itemprop=\"associatedMedia\" itemscope itemtype=\"http:\/\/schema.org\/ImageObject\"> <a href=\"https:\/\/eltrabajo.cl\/portal\/bomberos-de-san-felipe-celebran-su-dia-en-la-plaza-de-armas\/bomberos1-6\/\" border=\"0\" itemprop=\"url\"> <meta itemprop=\"width\" content=\"317\"> <meta itemprop=\"height\" content=\"239\"> <img decoding=\"async\" class=\"\" data-attachment-id=\"48249\" data-orig-file=\"https:\/\/eltrabajo.cl\/portal\/wp-content\/uploads\/2014\/06\/Bomberos11.jpg\" data-orig-size=\"529,398\" data-comments-opened=\"1\" data-image-meta=\"{&quot;aperture&quot;:&quot;0&quot;,&quot;credit&quot;:&quot;&quot;,&quot;camera&quot;:&quot;&quot;,&quot;caption&quot;:&quot;&quot;,&quot;created_timestamp&quot;:&quot;0&quot;,&quot;copyright&quot;:&quot;&quot;,&quot;focal_length&quot;:&quot;0&quot;,&quot;iso&quot;:&quot;0&quot;,&quot;shutter_speed&quot;:&quot;0&quot;,&quot;title&quot;:&quot;&quot;}\" data-image-title=\"Bomberos1\" data-image-description=\"&lt;p&gt;CABALLEROS DEL FUEGO.- Este s\u00e1bado el Cuerpo de Bomberos de San Felipe realiz\u00f3 una exhibici\u00f3n de todas sus unidades, equipamiento y habilidades de su personal.&lt;\/p&gt; \" data-medium-file=\"https:\/\/i0.wp.com\/eltrabajo.cl\/portal\/wp-content\/uploads\/2014\/06\/Bomberos11.jpg?fit=300%2C225&#038;ssl=1\" data-large-file=\"https:\/\/i0.wp.com\/eltrabajo.cl\/portal\/wp-content\/uploads\/2014\/06\/Bomberos11.jpg?fit=529%2C398&#038;ssl=1\" src=\"https:\/\/i0.wp.com\/eltrabajo.cl\/portal\/wp-content\/uploads\/2014\/06\/Bomberos11.jpg?w=317&#038;h=239&#038;ssl=1\" srcset=\"https:\/\/i0.wp.com\/eltrabajo.cl\/portal\/wp-content\/uploads\/2014\/06\/Bomberos11.jpg?w=529&amp;ssl=1 529w, https:\/\/i0.wp.com\/eltrabajo.cl\/portal\/wp-content\/uploads\/2014\/06\/Bomberos11.jpg?resize=200%2C150&amp;ssl=1 200w, https:\/\/i0.wp.com\/eltrabajo.cl\/portal\/wp-content\/uploads\/2014\/06\/Bomberos11.jpg?resize=300%2C225&amp;ssl=1 300w, https:\/\/i0.wp.com\/eltrabajo.cl\/portal\/wp-content\/uploads\/2014\/06\/Bomberos11.jpg?resize=150%2C112&amp;ssl=1 150w, https:\/\/i0.wp.com\/eltrabajo.cl\/portal\/wp-content\/uploads\/2014\/06\/Bomberos11.jpg?resize=400%2C300&amp;ssl=1 400w\" width=\"317\" height=\"239\" loading=\"lazy\" data-original-width=\"317\" data-original-height=\"239\" itemprop=\"http:\/\/schema.org\/image\" title=\"Bomberos1\" alt=\"CABALLEROS DEL FUEGO.- Este s\u00e1bado el Cuerpo de Bomberos de San Felipe realiz\u00f3 una exhibici\u00f3n de todas sus unidades, equipamiento y habilidades de su personal.\" style=\"width: 317px; height: 239px;\" \/> <\/a> <div class=\"tiled-gallery-caption\" itemprop=\"caption description\"> CABALLEROS DEL FUEGO.- Este s\u00e1bado el Cuerpo de Bomberos de San Felipe realiz\u00f3 una exhibici\u00f3n de todas sus unidades, equipamiento y habilidades de su personal. <\/div> <\/div> <\/div> <!-- close group --> <div class=\"gallery-group images-1\" style=\"width: 319px; height: 243px;\" data-original-width=\"319\" data-original-height=\"243\" > <div class=\"tiled-gallery-item tiled-gallery-item-large\" itemprop=\"associatedMedia\" itemscope itemtype=\"http:\/\/schema.org\/ImageObject\"> <a href=\"https:\/\/eltrabajo.cl\/portal\/bomberos-de-san-felipe-celebran-su-dia-en-la-plaza-de-armas\/bomberos3\/\" border=\"0\" itemprop=\"url\"> <meta itemprop=\"width\" content=\"315\"> <meta itemprop=\"height\" content=\"239\"> <img decoding=\"async\" class=\"\" data-attachment-id=\"48250\" data-orig-file=\"https:\/\/eltrabajo.cl\/portal\/wp-content\/uploads\/2014\/06\/Bomberos3.jpg\" data-orig-size=\"529,401\" data-comments-opened=\"1\" data-image-meta=\"{&quot;aperture&quot;:&quot;2.8&quot;,&quot;credit&quot;:&quot;&quot;,&quot;camera&quot;:&quot;COOLPIX P90&quot;,&quot;caption&quot;:&quot;&quot;,&quot;created_timestamp&quot;:&quot;1403985247&quot;,&quot;copyright&quot;:&quot;&quot;,&quot;focal_length&quot;:&quot;4.6&quot;,&quot;iso&quot;:&quot;400&quot;,&quot;shutter_speed&quot;:&quot;0.033333333333333&quot;,&quot;title&quot;:&quot;&quot;}\" data-image-title=\"Bomberos3\" data-image-description=\"&lt;p&gt;LAS MANIOBRAS.- Durante este fin de semana se realizaron varias maniobras en p\u00fablico a fin de mostra a los presentes c\u00f3mo trabajan los bomberos por el bienestar de la ciudadan\u00eda del vallle.&lt;\/p&gt; \" data-medium-file=\"https:\/\/i0.wp.com\/eltrabajo.cl\/portal\/wp-content\/uploads\/2014\/06\/Bomberos3.jpg?fit=300%2C227&#038;ssl=1\" data-large-file=\"https:\/\/i0.wp.com\/eltrabajo.cl\/portal\/wp-content\/uploads\/2014\/06\/Bomberos3.jpg?fit=529%2C401&#038;ssl=1\" src=\"https:\/\/i0.wp.com\/eltrabajo.cl\/portal\/wp-content\/uploads\/2014\/06\/Bomberos3.jpg?w=315&#038;h=239&#038;ssl=1\" srcset=\"https:\/\/i0.wp.com\/eltrabajo.cl\/portal\/wp-content\/uploads\/2014\/06\/Bomberos3.jpg?w=529&amp;ssl=1 529w, https:\/\/i0.wp.com\/eltrabajo.cl\/portal\/wp-content\/uploads\/2014\/06\/Bomberos3.jpg?resize=197%2C150&amp;ssl=1 197w, https:\/\/i0.wp.com\/eltrabajo.cl\/portal\/wp-content\/uploads\/2014\/06\/Bomberos3.jpg?resize=300%2C227&amp;ssl=1 300w, https:\/\/i0.wp.com\/eltrabajo.cl\/portal\/wp-content\/uploads\/2014\/06\/Bomberos3.jpg?resize=150%2C113&amp;ssl=1 150w, https:\/\/i0.wp.com\/eltrabajo.cl\/portal\/wp-content\/uploads\/2014\/06\/Bomberos3.jpg?resize=400%2C303&amp;ssl=1 400w\" width=\"315\" height=\"239\" loading=\"lazy\" data-original-width=\"315\" data-original-height=\"239\" itemprop=\"http:\/\/schema.org\/image\" title=\"Bomberos3\" alt=\"LAS MANIOBRAS.- Durante este fin de semana se realizaron varias maniobras en p\u00fablico a fin de mostra a los presentes c\u00f3mo trabajan los bomberos por el bienestar de la ciudadan\u00eda del vallle.\" style=\"width: 315px; height: 239px;\" \/> <\/a> <div class=\"tiled-gallery-caption\" itemprop=\"caption description\"> LAS MANIOBRAS.- Durante este fin de semana se realizaron varias maniobras en p\u00fablico a fin de mostra a los presentes c\u00f3mo trabajan los bomberos por el bienestar de la ciudadan\u00eda del vallle. <\/div> <\/div> <\/div> <!-- close group --> <\/div> <!-- close row --> <\/div>\n<p>&nbsp;<\/p>\n","protected":false},"excerpt":{"rendered":"<p>En el marco del D\u00eda Nacional de Bomberos de Chile, que se celebra en todo el pa\u00eds el 30 de junio, este s\u00e1bado el Cuerpo de Bomberos de San Felipe realiz\u00f3 una&#8230;<\/p>\n","protected":false},"author":482,"featured_media":48248,"comment_status":"open","ping_status":"closed","sticky":false,"template":"","format":"standard","meta":{"advanced_seo_description":"","jetpack_seo_html_title":"","jetpack_seo_noindex":false,"_jetpack_memberships_contains_paid_content":false,"footnotes":""},"categories":[15],"tags":[],"class_list":["post-48247","post","type-post","status-publish","format-standard","has-post-thumbnail","hentry","category-comunidad"],"jetpack_featured_media_url":"https:\/\/i0.wp.com\/eltrabajo.cl\/portal\/wp-content\/uploads\/2014\/06\/Bomba1.jpg?fit=528%2C378&ssl=1","jetpack_sharing_enabled":true,"jetpack_likes_enabled":true,"jetpack-related-posts":[],"_links":{"self":[{"href":"https:\/\/eltrabajo.cl\/portal\/wp-json\/wp\/v2\/posts\/48247","targetHints":{"allow":["GET"]}}],"collection":[{"href":"https:\/\/eltrabajo.cl\/portal\/wp-json\/wp\/v2\/posts"}],"about":[{"href":"https:\/\/eltrabajo.cl\/portal\/wp-json\/wp\/v2\/types\/post"}],"author":[{"embeddable":true,"href":"https:\/\/eltrabajo.cl\/portal\/wp-json\/wp\/v2\/users\/482"}],"replies":[{"embeddable":true,"href":"https:\/\/eltrabajo.cl\/portal\/wp-json\/wp\/v2\/comments?post=48247"}],"version-history":[{"count":0,"href":"https:\/\/eltrabajo.cl\/portal\/wp-json\/wp\/v2\/posts\/48247\/revisions"}],"wp:featuredmedia":[{"embeddable":true,"href":"https:\/\/eltrabajo.cl\/portal\/wp-json\/wp\/v2\/media\/48248"}],"wp:attachment":[{"href":"https:\/\/eltrabajo.cl\/portal\/wp-json\/wp\/v2\/media?parent=48247"}],"wp:term":[{"taxonomy":"category","embeddable":true,"href":"https:\/\/eltrabajo.cl\/portal\/wp-json\/wp\/v2\/categories?post=48247"},{"taxonomy":"post_tag","embeddable":true,"href":"https:\/\/eltrabajo.cl\/portal\/wp-json\/wp\/v2\/tags?post=48247"}],"curies":[{"name":"wp","href":"https:\/\/api.w.org\/{rel}","templated":true}]}}