{"id":48273,"date":"2014-06-30T09:50:29","date_gmt":"2014-06-30T13:50:29","guid":{"rendered":"http:\/\/www.eltrabajo.cl\/portal\/?p=48273"},"modified":"2014-06-30T09:50:29","modified_gmt":"2014-06-30T13:50:29","slug":"denuncian-contaminacion-del-rio-aconcagua-con-material-sospechoso","status":"publish","type":"post","link":"https:\/\/eltrabajo.cl\/portal\/denuncian-contaminacion-del-rio-aconcagua-con-material-sospechoso\/","title":{"rendered":"Denuncian contaminaci\u00f3n del r\u00edo Aconcagua con material sospechoso"},"content":{"rendered":"<figure id=\"attachment_48274\" aria-describedby=\"caption-attachment-48274\" style=\"width: 370px\" class=\"wp-caption alignleft\"><a href=\"https:\/\/i0.wp.com\/www.eltrabajo.cl\/portal\/wp-content\/uploads\/2014\/06\/Sedimento1.jpg\"><img data-recalc-dims=\"1\" loading=\"lazy\" decoding=\"async\" class=\" wp-image-48274 \" alt=\"SEDIMENTO SOSPECHOSO.- Silvia Ch\u00e1vez dijo que probablemente el sedimento que hay en el r\u00edo proviene de una actividad minera, especulaci\u00f3n que no ha sido confirmada.\" src=\"https:\/\/i0.wp.com\/www.eltrabajo.cl\/portal\/wp-content\/uploads\/2014\/06\/Sedimento1.jpg?resize=370%2C213\" width=\"370\" height=\"213\" srcset=\"https:\/\/i0.wp.com\/eltrabajo.cl\/portal\/wp-content\/uploads\/2014\/06\/Sedimento1.jpg?w=528&amp;ssl=1 528w, https:\/\/i0.wp.com\/eltrabajo.cl\/portal\/wp-content\/uploads\/2014\/06\/Sedimento1.jpg?resize=200%2C115&amp;ssl=1 200w, https:\/\/i0.wp.com\/eltrabajo.cl\/portal\/wp-content\/uploads\/2014\/06\/Sedimento1.jpg?resize=300%2C172&amp;ssl=1 300w, https:\/\/i0.wp.com\/eltrabajo.cl\/portal\/wp-content\/uploads\/2014\/06\/Sedimento1.jpg?resize=150%2C86&amp;ssl=1 150w, https:\/\/i0.wp.com\/eltrabajo.cl\/portal\/wp-content\/uploads\/2014\/06\/Sedimento1.jpg?resize=400%2C230&amp;ssl=1 400w\" sizes=\"auto, (max-width: 370px) 100vw, 370px\" \/><\/a><figcaption id=\"caption-attachment-48274\" class=\"wp-caption-text\">SEDIMENTO SOSPECHOSO.- Silvia Ch\u00e1vez dijo que probablemente el sedimento que hay en el r\u00edo proviene de una actividad minera, especulaci\u00f3n que no ha sido confirmada.<\/figcaption><\/figure>\n<p><strong>LOS ANDES<\/strong>.- La Brigada contra los delitos medioambientales de la PDI de Los Andes, inici\u00f3 las indagaciones por una eventual contaminaci\u00f3n de las aguas del R\u00edo Aconcagua que fue detectada por vecinos del camino internacional la tarde del d\u00eda viernes. La denuncia fue hecha por representantes de la Agrupaci\u00f3n Ecol\u00f3gica Aconcagua, luego de ser alertados por vecinos del sector Las Vizcachas sobre un repentino cambio de color de las aguas y la presencia de sedimento extra\u00f1o en la ribera.<\/p>\n<figure id=\"attachment_48275\" aria-describedby=\"caption-attachment-48275\" style=\"width: 370px\" class=\"wp-caption alignright\"><a href=\"https:\/\/i0.wp.com\/www.eltrabajo.cl\/portal\/wp-content\/uploads\/2014\/06\/Juncal1.jpg\"><img data-recalc-dims=\"1\" loading=\"lazy\" decoding=\"async\" class=\" wp-image-48275 \" alt=\"POLIC\u00cdA INVESTIGA.- La Brigada contra los delitos medioambientales de la PDI de Los Andes, inici\u00f3 las indagaciones por una eventual contaminaci\u00f3n de las aguas del R\u00edo Aconcagua.\" src=\"https:\/\/i0.wp.com\/www.eltrabajo.cl\/portal\/wp-content\/uploads\/2014\/06\/Juncal1.jpg?resize=370%2C281\" width=\"370\" height=\"281\" srcset=\"https:\/\/i0.wp.com\/eltrabajo.cl\/portal\/wp-content\/uploads\/2014\/06\/Juncal1.jpg?w=529&amp;ssl=1 529w, https:\/\/i0.wp.com\/eltrabajo.cl\/portal\/wp-content\/uploads\/2014\/06\/Juncal1.jpg?resize=197%2C150&amp;ssl=1 197w, https:\/\/i0.wp.com\/eltrabajo.cl\/portal\/wp-content\/uploads\/2014\/06\/Juncal1.jpg?resize=300%2C227&amp;ssl=1 300w, https:\/\/i0.wp.com\/eltrabajo.cl\/portal\/wp-content\/uploads\/2014\/06\/Juncal1.jpg?resize=150%2C113&amp;ssl=1 150w, https:\/\/i0.wp.com\/eltrabajo.cl\/portal\/wp-content\/uploads\/2014\/06\/Juncal1.jpg?resize=400%2C303&amp;ssl=1 400w\" sizes=\"auto, (max-width: 370px) 100vw, 370px\" \/><\/a><figcaption id=\"caption-attachment-48275\" class=\"wp-caption-text\">POLIC\u00cdA INVESTIGA.- La Brigada contra los delitos medioambientales de la PDI de Los Andes, inici\u00f3 las indagaciones por una eventual contaminaci\u00f3n de las aguas del R\u00edo Aconcagua.<\/figcaption><\/figure>\n<p><strong>EN INVESTIGACI\u00d3N<\/strong><\/p>\n<p>La vocera de la agrupaci\u00f3n, Silvia Ch\u00e1vez, se\u00f1al\u00f3 que una vez que recibieron la alerta por parte de los vecinos subieron hasta el sector y comprobaron la tonalidad diferente del cauce. Ch\u00e1vez manifest\u00f3 que la ma\u00f1ana de este s\u00e1bado realizaron la denuncia a la Brigada Medioambiental de la PDI, misma que se constituy\u00f3 en el lugar tomando muestras del caudal y tambi\u00e9n de los afluentes del r\u00edo a fin de poder determinar de qu\u00e9 sustancia o producto qu\u00edmico se trata y si es nocivo para la salud.<\/p>\n<p>La dirigente de los ecologistas dijo que la PDI ser\u00e1 la encargada de determinar el foco de origen de este derrame, \u201caunque estamos seguros que proviene del R\u00edo Blanco, pero lo que queremos saber es qu\u00e9 tipo de sustancia es la que se derram\u00f3 en el r\u00edo\u201d.<\/p>\n<p>Silvia Ch\u00e1vez dijo que probablemente el sedimento que hay en el r\u00edo proviene de una actividad minera, \u201cpero lo preocupante es que de esa agua estamos bebiendo y con esa agua se est\u00e1n regando nuestros campos y por eso es que lo estamos haciendo p\u00fablico, porque no podemos hacernos c\u00f3mplices de un delito\u201d.<\/p>\n<p>Agreg\u00f3 que le pidieron a la Gobernadora Mar\u00eda Victoria Rodr\u00edguez que informara a todos los estamentos que el R\u00edo Aconcagua est\u00e1 contaminado y que en estos momentos hay un derrame que debe ser informado a las autoridades de Salud y a Sernageomin.<\/p>\n<p>&nbsp;<\/p>\n","protected":false},"excerpt":{"rendered":"<p>LOS ANDES.- La Brigada contra los delitos medioambientales de la PDI de Los Andes, inici\u00f3 las indagaciones por una eventual contaminaci\u00f3n de las aguas del R\u00edo Aconcagua que fue detectada por vecinos&#8230;<\/p>\n","protected":false},"author":482,"featured_media":48274,"comment_status":"open","ping_status":"closed","sticky":false,"template":"","format":"standard","meta":{"advanced_seo_description":"","jetpack_seo_html_title":"","jetpack_seo_noindex":false,"_jetpack_memberships_contains_paid_content":false,"footnotes":""},"categories":[21],"tags":[],"class_list":["post-48273","post","type-post","status-publish","format-standard","has-post-thumbnail","hentry","category-policial"],"jetpack_featured_media_url":"https:\/\/i0.wp.com\/eltrabajo.cl\/portal\/wp-content\/uploads\/2014\/06\/Sedimento1.jpg?fit=528%2C304&ssl=1","jetpack_sharing_enabled":true,"jetpack_likes_enabled":true,"jetpack-related-posts":[],"_links":{"self":[{"href":"https:\/\/eltrabajo.cl\/portal\/wp-json\/wp\/v2\/posts\/48273","targetHints":{"allow":["GET"]}}],"collection":[{"href":"https:\/\/eltrabajo.cl\/portal\/wp-json\/wp\/v2\/posts"}],"about":[{"href":"https:\/\/eltrabajo.cl\/portal\/wp-json\/wp\/v2\/types\/post"}],"author":[{"embeddable":true,"href":"https:\/\/eltrabajo.cl\/portal\/wp-json\/wp\/v2\/users\/482"}],"replies":[{"embeddable":true,"href":"https:\/\/eltrabajo.cl\/portal\/wp-json\/wp\/v2\/comments?post=48273"}],"version-history":[{"count":0,"href":"https:\/\/eltrabajo.cl\/portal\/wp-json\/wp\/v2\/posts\/48273\/revisions"}],"wp:featuredmedia":[{"embeddable":true,"href":"https:\/\/eltrabajo.cl\/portal\/wp-json\/wp\/v2\/media\/48274"}],"wp:attachment":[{"href":"https:\/\/eltrabajo.cl\/portal\/wp-json\/wp\/v2\/media?parent=48273"}],"wp:term":[{"taxonomy":"category","embeddable":true,"href":"https:\/\/eltrabajo.cl\/portal\/wp-json\/wp\/v2\/categories?post=48273"},{"taxonomy":"post_tag","embeddable":true,"href":"https:\/\/eltrabajo.cl\/portal\/wp-json\/wp\/v2\/tags?post=48273"}],"curies":[{"name":"wp","href":"https:\/\/api.w.org\/{rel}","templated":true}]}}