{"id":48308,"date":"2014-07-01T09:24:06","date_gmt":"2014-07-01T13:24:06","guid":{"rendered":"http:\/\/www.eltrabajo.cl\/portal\/?p=48308"},"modified":"2014-07-01T09:27:49","modified_gmt":"2014-07-01T13:27:49","slug":"casa-de-residencia-pablo-vi-celebro-su-onomastico","status":"publish","type":"post","link":"https:\/\/eltrabajo.cl\/portal\/casa-de-residencia-pablo-vi-celebro-su-onomastico\/","title":{"rendered":"Casa de Residencia Pablo VI celebr\u00f3 su onom\u00e1stico"},"content":{"rendered":"<figure id=\"attachment_48309\" aria-describedby=\"caption-attachment-48309\" style=\"width: 529px\" class=\"wp-caption alignnone\"><a href=\"https:\/\/i0.wp.com\/www.eltrabajo.cl\/portal\/wp-content\/uploads\/2014\/07\/Hogar-Porta.jpg\"><img data-recalc-dims=\"1\" loading=\"lazy\" decoding=\"async\" class=\"size-full wp-image-48309\" alt=\"TODOS ALEGRES.- En el marco de la celebraci\u00f3n de San Pedro y San Pablo, en Residencia Pablo VI se desarroll\u00f3 una actividad durante este fin de semana en las dependencias de la instituci\u00f3n donde participaron ni\u00f1os, sostenedores y la comunidad educativa en general.\" src=\"https:\/\/i0.wp.com\/www.eltrabajo.cl\/portal\/wp-content\/uploads\/2014\/07\/Hogar-Porta.jpg?resize=529%2C401\" width=\"529\" height=\"401\" srcset=\"https:\/\/i0.wp.com\/eltrabajo.cl\/portal\/wp-content\/uploads\/2014\/07\/Hogar-Porta.jpg?w=529&amp;ssl=1 529w, https:\/\/i0.wp.com\/eltrabajo.cl\/portal\/wp-content\/uploads\/2014\/07\/Hogar-Porta.jpg?resize=197%2C150&amp;ssl=1 197w, https:\/\/i0.wp.com\/eltrabajo.cl\/portal\/wp-content\/uploads\/2014\/07\/Hogar-Porta.jpg?resize=300%2C227&amp;ssl=1 300w, https:\/\/i0.wp.com\/eltrabajo.cl\/portal\/wp-content\/uploads\/2014\/07\/Hogar-Porta.jpg?resize=150%2C113&amp;ssl=1 150w, https:\/\/i0.wp.com\/eltrabajo.cl\/portal\/wp-content\/uploads\/2014\/07\/Hogar-Porta.jpg?resize=400%2C303&amp;ssl=1 400w\" sizes=\"auto, (max-width: 529px) 100vw, 529px\" \/><\/a><figcaption id=\"caption-attachment-48309\" class=\"wp-caption-text\">TODOS ALEGRES.- En el marco de la celebraci\u00f3n de San Pedro y San Pablo, en Residencia Pablo VI se desarroll\u00f3 una actividad durante este fin de semana en las dependencias de la instituci\u00f3n donde participaron ni\u00f1os, sostenedores y la comunidad educativa en general.<\/figcaption><\/figure>\n<p>En el marco de la celebraci\u00f3n de San Pedro y San Pablo, en Residencia Pablo VI se desarroll\u00f3 una actividad durante este fin de semana en las dependencias de la instituci\u00f3n donde participaron ni\u00f1os, sostenedores y la comunidad educativa en general. Fueron varias las actividades que se desarrollaron durante la semana reci\u00e9n pasada y que culminaron con una Misa y un coctel este viernes reci\u00e9n pasado.<\/p>\n<p>Su directora Rommy Contreras Lucero, cont\u00f3 a Diario El Trabajo que \u00abla residencia tiene ya 42 a\u00f1os en Aconcagua, atendiendo ni\u00f1os de entre cuatro y 18 a\u00f1os que han sido vulnerados en sus derechos y quienes llegan a trav\u00e9s de Tribunales de Familia de las provincias de San Felipe y Los Andes\u00bb, dijo Contreras.<\/p>\n<p>En la residencia laboran con duplas psicosociales, quienes trabajan con los padres para lograr la pronta reinserci\u00f3n del ni\u00f1o en el hogar. En tanto para los ni\u00f1os que no cuentan con familia como referente, con ellos se trabaja en una l\u00ednea independiente para que el ni\u00f1o en el futuro pueda valerse por s\u00ed mismo.<\/p>\n<p>Contreras, agreg\u00f3 que la instituci\u00f3n \u00abtrabaja desde hace dos a\u00f1os atr\u00e1s a trav\u00e9s de la Fundaci\u00f3n Mar\u00eda de la luz Za\u00f1artu, que posee otro hogar de ni\u00f1as en Puc\u00f3n y su casa central est\u00e1 en Santiago, contamos con una gerente y un directorio\u00bb. La directora agreg\u00f3 que en la oportunidad se celebra el onom\u00e1stico de San Pablo, \u00abpero queremos celebrar tambi\u00e9n el hecho de que Pablo Sexto en octubre ser\u00e1 canonizado por lo que para nosotros es doble orgullo llevar su nombre en nuestra residencia y realizamos competencias a trav\u00e9s de las cuatro casas que componen el hogar, Bel\u00e9n (los m\u00e1s peque\u00f1os), Nazaret, Emaus y Betania (los m\u00e1s j\u00f3venes), que son parte de los 60 ni\u00f1os que se atienden\u00bb.<\/p>\n<p><strong>\u00a0A VECES S\u00cd,\u00a0A VECES NO<\/strong><\/p>\n<p>La Fundaci\u00f3n Mar\u00eda de la luz Za\u00f1artu tom\u00f3 hace catorce a\u00f1os un hogar de ni\u00f1as en Puc\u00f3n y ahora que se ha tomado la administraci\u00f3n del centro sanfelipe\u00f1o, se debe cumplir con un mandato de Sename, donde hay que tomar todas las acciones para que se cumplan los programas de reparaci\u00f3n y de convivencia entre los ni\u00f1os, pero lo principal es que ellos vuelvan a su vida familiar. As\u00ed lo manifest\u00f3 el director de la entidad Jaime Err\u00e1zuriz, quien agreg\u00f3 que \u00abpara ello se trabaja con los ni\u00f1os y con la familia, en la medida que sea posible, este \u00e9xito a veces se logra y otras se hace m\u00e1s dif\u00edcil y no se tiene \u00e9xito del todo, por lo que debemos ver como se proyectan los ni\u00f1os en la sociedad y nuestra labor es preocuparnos tambi\u00e9n que pasa con ellos en caso que no tengan el apoyo de sus familias\u00bb.<\/p>\n<p>La instituci\u00f3n funciona con un financiamiento b\u00e1sico de Sename, pero se ha dispuesto una serie de iniciativas tendientes a elevar el est\u00e1ndar de atenci\u00f3n de los menores para lo que han organizado varias actividades para reunir fondos, \u00abde hecho la organizaci\u00f3n ha debido ponerse los pantalones largos y pasar de atender a 30 ni\u00f1as y a casi 100 menores, por lo tanto actualmente estamos comenzando una campa\u00f1a local enfocada en algunas personas que viven ac\u00e1 y que se identifican con la zona y conocen el hogar por lo que pretendemos formar esta red de amigos para sobrellevar los gastos operativos y de sueldo de los funcionarios que ac\u00e1 laboran, adem\u00e1s de planes de mejoramiento de infraestructura del recinto\u00bb, concluy\u00f3 Err\u00e1zuriz.<\/p>\n<p>Eugenia Zald\u00edvar, coordinadora de educaci\u00f3n de la residencia, nos cont\u00f3 sobre su experiencia en la instituci\u00f3n y las actividades desarrolladas, manifestando que \u00abmis labores son las propias de una apoderada o de una mam\u00e1, o sea, debo preocuparme por la salud de los ni\u00f1os; qu\u00e9 medicamentos toman; proveerlos de materiales; ayudarlos a estudiar y organizar todo lo que tenga que ver con su educaci\u00f3n, actividades muy enriquecedoras, porque ellos valoran lo que es este apoyo para que puedan conseguir algo tan importante como es su desarrollo intelectual\u00bb, sostuvo la profesional.<\/p>\n<p>Agreg\u00f3 que \u00abcon lo que tenemos que luchar constantemente es con tratar de disminuir la tasa de repitentes, algo que es absolutamente evaluable, pero lo m\u00e1s duro es que los ni\u00f1os se tomen a conciencia lo que ac\u00e1 se hace por ellos y motivarlos para que realmente cumplan con sus tareas, pero es tremendamente motivador cuando ellos responden muy bien\u00bb, finaliz\u00f3.<\/p>\n<div class=\"tiled-gallery type-rectangular tiled-gallery-unresized\" data-original-width=\"640\" data-carousel-extra='null' itemscope itemtype=\"http:\/\/schema.org\/ImageGallery\" > <div class=\"gallery-row\" style=\"width: 640px; height: 301px;\" data-original-width=\"640\" data-original-height=\"301\" > <div class=\"gallery-group images-1\" style=\"width: 396px; height: 301px;\" data-original-width=\"396\" data-original-height=\"301\" > <div class=\"tiled-gallery-item tiled-gallery-item-large\" itemprop=\"associatedMedia\" itemscope itemtype=\"http:\/\/schema.org\/ImageObject\"> <a href=\"https:\/\/eltrabajo.cl\/portal\/casa-de-residencia-pablo-vi-celebro-su-onomastico\/ensamble-latinoamericano\/\" border=\"0\" itemprop=\"url\"> <meta itemprop=\"width\" content=\"392\"> <meta itemprop=\"height\" content=\"297\"> <img decoding=\"async\" class=\"\" data-attachment-id=\"48316\" data-orig-file=\"https:\/\/eltrabajo.cl\/portal\/wp-content\/uploads\/2014\/07\/Ensamble-Latinoamericano.jpg\" data-orig-size=\"529,401\" data-comments-opened=\"1\" data-image-meta=\"{&quot;aperture&quot;:&quot;3.5&quot;,&quot;credit&quot;:&quot;&quot;,&quot;camera&quot;:&quot;COOLPIX P90&quot;,&quot;caption&quot;:&quot;&quot;,&quot;created_timestamp&quot;:&quot;1403893054&quot;,&quot;copyright&quot;:&quot;&quot;,&quot;focal_length&quot;:&quot;11.8&quot;,&quot;iso&quot;:&quot;400&quot;,&quot;shutter_speed&quot;:&quot;0.054644808743169&quot;,&quot;title&quot;:&quot;&quot;}\" data-image-title=\"Ensamble Latinoamericano\" data-image-description=\"&lt;p&gt;ENSAMBLANDO ALEGR\u00cdAS.- La conocida agrupaci\u00f3n musical de Santa Mar\u00eda, Ensamble latinoamericano, hizo de las suyas para alegrar a los presentes en esta actividad.&lt;\/p&gt; \" data-medium-file=\"https:\/\/i0.wp.com\/eltrabajo.cl\/portal\/wp-content\/uploads\/2014\/07\/Ensamble-Latinoamericano.jpg?fit=300%2C227&#038;ssl=1\" data-large-file=\"https:\/\/i0.wp.com\/eltrabajo.cl\/portal\/wp-content\/uploads\/2014\/07\/Ensamble-Latinoamericano.jpg?fit=529%2C401&#038;ssl=1\" src=\"https:\/\/i0.wp.com\/eltrabajo.cl\/portal\/wp-content\/uploads\/2014\/07\/Ensamble-Latinoamericano.jpg?w=392&#038;h=297&#038;ssl=1\" srcset=\"https:\/\/i0.wp.com\/eltrabajo.cl\/portal\/wp-content\/uploads\/2014\/07\/Ensamble-Latinoamericano.jpg?w=529&amp;ssl=1 529w, https:\/\/i0.wp.com\/eltrabajo.cl\/portal\/wp-content\/uploads\/2014\/07\/Ensamble-Latinoamericano.jpg?resize=197%2C150&amp;ssl=1 197w, https:\/\/i0.wp.com\/eltrabajo.cl\/portal\/wp-content\/uploads\/2014\/07\/Ensamble-Latinoamericano.jpg?resize=300%2C227&amp;ssl=1 300w, https:\/\/i0.wp.com\/eltrabajo.cl\/portal\/wp-content\/uploads\/2014\/07\/Ensamble-Latinoamericano.jpg?resize=150%2C113&amp;ssl=1 150w, https:\/\/i0.wp.com\/eltrabajo.cl\/portal\/wp-content\/uploads\/2014\/07\/Ensamble-Latinoamericano.jpg?resize=400%2C303&amp;ssl=1 400w\" width=\"392\" height=\"297\" loading=\"lazy\" data-original-width=\"392\" data-original-height=\"297\" itemprop=\"http:\/\/schema.org\/image\" title=\"Ensamble Latinoamericano\" alt=\"ENSAMBLANDO ALEGR\u00cdAS.- La conocida agrupaci\u00f3n musical de Santa Mar\u00eda, Ensamble latinoamericano, hizo de las suyas para alegrar a los presentes en esta actividad.\" style=\"width: 392px; height: 297px;\" \/> <\/a> <div class=\"tiled-gallery-caption\" itemprop=\"caption description\"> ENSAMBLANDO ALEGR\u00cdAS.- La conocida agrupaci\u00f3n musical de Santa Mar\u00eda, Ensamble latinoamericano, hizo de las suyas para alegrar a los presentes en esta actividad. <\/div> <\/div> <\/div> <!-- close group --> <div class=\"gallery-group images-1\" style=\"width: 244px; height: 301px;\" data-original-width=\"244\" data-original-height=\"301\" > <div class=\"tiled-gallery-item tiled-gallery-item-small\" itemprop=\"associatedMedia\" itemscope itemtype=\"http:\/\/schema.org\/ImageObject\"> <a href=\"https:\/\/eltrabajo.cl\/portal\/casa-de-residencia-pablo-vi-celebro-su-onomastico\/eugenia-zaldivar\/\" border=\"0\" itemprop=\"url\"> <meta itemprop=\"width\" content=\"240\"> <meta itemprop=\"height\" content=\"297\"> <img decoding=\"async\" class=\"\" data-attachment-id=\"48317\" data-orig-file=\"https:\/\/eltrabajo.cl\/portal\/wp-content\/uploads\/2014\/07\/Eugenia-Zaldivar.jpg\" data-orig-size=\"529,656\" data-comments-opened=\"1\" data-image-meta=\"{&quot;aperture&quot;:&quot;2.8&quot;,&quot;credit&quot;:&quot;&quot;,&quot;camera&quot;:&quot;COOLPIX P90&quot;,&quot;caption&quot;:&quot;&quot;,&quot;created_timestamp&quot;:&quot;1403895744&quot;,&quot;copyright&quot;:&quot;&quot;,&quot;focal_length&quot;:&quot;5.2&quot;,&quot;iso&quot;:&quot;451&quot;,&quot;shutter_speed&quot;:&quot;0.10416666666667&quot;,&quot;title&quot;:&quot;&quot;}\" data-image-title=\"Eugenia Zaldivar\" data-image-description=\"&lt;p&gt;TODOS COMPARTIENDO.- Eugenia Zald\u00edvar, Coordinadora de Educaci\u00f3n de la Residencia Pablo VI, pos\u00f3 con este amiguito para las c\u00e1maras de Diario El Trabajo.&lt;\/p&gt; \" data-medium-file=\"https:\/\/i0.wp.com\/eltrabajo.cl\/portal\/wp-content\/uploads\/2014\/07\/Eugenia-Zaldivar.jpg?fit=241%2C300&#038;ssl=1\" data-large-file=\"https:\/\/i0.wp.com\/eltrabajo.cl\/portal\/wp-content\/uploads\/2014\/07\/Eugenia-Zaldivar.jpg?fit=529%2C656&#038;ssl=1\" src=\"https:\/\/i0.wp.com\/eltrabajo.cl\/portal\/wp-content\/uploads\/2014\/07\/Eugenia-Zaldivar.jpg?w=240&#038;h=297&#038;ssl=1\" srcset=\"https:\/\/i0.wp.com\/eltrabajo.cl\/portal\/wp-content\/uploads\/2014\/07\/Eugenia-Zaldivar.jpg?w=529&amp;ssl=1 529w, https:\/\/i0.wp.com\/eltrabajo.cl\/portal\/wp-content\/uploads\/2014\/07\/Eugenia-Zaldivar.jpg?resize=120%2C150&amp;ssl=1 120w, https:\/\/i0.wp.com\/eltrabajo.cl\/portal\/wp-content\/uploads\/2014\/07\/Eugenia-Zaldivar.jpg?resize=400%2C496&amp;ssl=1 400w\" width=\"240\" height=\"297\" loading=\"lazy\" data-original-width=\"240\" data-original-height=\"297\" itemprop=\"http:\/\/schema.org\/image\" title=\"Eugenia Zaldivar\" alt=\"TODOS COMPARTIENDO.- Eugenia Zald\u00edvar, Coordinadora de Educaci\u00f3n de la Residencia Pablo VI, pos\u00f3 con este amiguito para las c\u00e1maras de Diario El Trabajo.\" style=\"width: 240px; height: 297px;\" \/> <\/a> <div class=\"tiled-gallery-caption\" itemprop=\"caption description\"> TODOS COMPARTIENDO.- Eugenia Zald\u00edvar, Coordinadora de Educaci\u00f3n de la Residencia Pablo VI, pos\u00f3 con este amiguito para las c\u00e1maras de Diario El Trabajo. <\/div> <\/div> <\/div> <!-- close group --> <\/div> <!-- close row --> <div class=\"gallery-row\" style=\"width: 640px; height: 602px;\" data-original-width=\"640\" data-original-height=\"602\" > <div class=\"gallery-group images-1\" style=\"width: 640px; height: 602px;\" data-original-width=\"640\" data-original-height=\"602\" > <div class=\"tiled-gallery-item tiled-gallery-item-large\" itemprop=\"associatedMedia\" itemscope itemtype=\"http:\/\/schema.org\/ImageObject\"> <a href=\"https:\/\/eltrabajo.cl\/portal\/casa-de-residencia-pablo-vi-celebro-su-onomastico\/jaime-errazuriz\/\" border=\"0\" itemprop=\"url\"> <meta itemprop=\"width\" content=\"636\"> <meta itemprop=\"height\" content=\"598\"> <img decoding=\"async\" class=\"\" data-attachment-id=\"48318\" data-orig-file=\"https:\/\/eltrabajo.cl\/portal\/wp-content\/uploads\/2014\/07\/Jaime-Errazuriz.jpg\" data-orig-size=\"529,497\" data-comments-opened=\"1\" data-image-meta=\"{&quot;aperture&quot;:&quot;2.8&quot;,&quot;credit&quot;:&quot;&quot;,&quot;camera&quot;:&quot;COOLPIX P90&quot;,&quot;caption&quot;:&quot;&quot;,&quot;created_timestamp&quot;:&quot;1403895498&quot;,&quot;copyright&quot;:&quot;&quot;,&quot;focal_length&quot;:&quot;4.6&quot;,&quot;iso&quot;:&quot;400&quot;,&quot;shutter_speed&quot;:&quot;0.048076923076923&quot;,&quot;title&quot;:&quot;&quot;}\" data-image-title=\"Jaime Errazuriz\" data-image-description=\"&lt;p&gt;DIRECTOR REGAL\u00d3N.- Jaime Err\u00e1zuriz, Director de la Residencia Pablo VI, comparti\u00f3 alegremente con los peque\u00f1os de la instituci\u00f3n.&lt;\/p&gt; \" data-medium-file=\"https:\/\/i0.wp.com\/eltrabajo.cl\/portal\/wp-content\/uploads\/2014\/07\/Jaime-Errazuriz.jpg?fit=300%2C281&#038;ssl=1\" data-large-file=\"https:\/\/i0.wp.com\/eltrabajo.cl\/portal\/wp-content\/uploads\/2014\/07\/Jaime-Errazuriz.jpg?fit=529%2C497&#038;ssl=1\" src=\"https:\/\/i0.wp.com\/eltrabajo.cl\/portal\/wp-content\/uploads\/2014\/07\/Jaime-Errazuriz.jpg?w=636&#038;h=598&#038;ssl=1\" srcset=\"https:\/\/i0.wp.com\/eltrabajo.cl\/portal\/wp-content\/uploads\/2014\/07\/Jaime-Errazuriz.jpg?w=529&amp;ssl=1 529w, https:\/\/i0.wp.com\/eltrabajo.cl\/portal\/wp-content\/uploads\/2014\/07\/Jaime-Errazuriz.jpg?resize=159%2C150&amp;ssl=1 159w, https:\/\/i0.wp.com\/eltrabajo.cl\/portal\/wp-content\/uploads\/2014\/07\/Jaime-Errazuriz.jpg?resize=300%2C281&amp;ssl=1 300w, https:\/\/i0.wp.com\/eltrabajo.cl\/portal\/wp-content\/uploads\/2014\/07\/Jaime-Errazuriz.jpg?resize=150%2C140&amp;ssl=1 150w, https:\/\/i0.wp.com\/eltrabajo.cl\/portal\/wp-content\/uploads\/2014\/07\/Jaime-Errazuriz.jpg?resize=400%2C375&amp;ssl=1 400w\" width=\"636\" height=\"598\" loading=\"lazy\" data-original-width=\"636\" data-original-height=\"598\" itemprop=\"http:\/\/schema.org\/image\" title=\"Jaime Errazuriz\" alt=\"DIRECTOR REGAL\u00d3N.- Jaime Err\u00e1zuriz, Director de la Residencia Pablo VI, comparti\u00f3 alegremente con los peque\u00f1os de la instituci\u00f3n.\" style=\"width: 636px; height: 598px;\" \/> <\/a> <div class=\"tiled-gallery-caption\" itemprop=\"caption description\"> DIRECTOR REGAL\u00d3N.- Jaime Err\u00e1zuriz, Director de la Residencia Pablo VI, comparti\u00f3 alegremente con los peque\u00f1os de la instituci\u00f3n. <\/div> <\/div> <\/div> <!-- close group --> <\/div> <!-- close row --> <\/div>\n","protected":false},"excerpt":{"rendered":"<p>En el marco de la celebraci\u00f3n de San Pedro y San Pablo, en Residencia Pablo VI se desarroll\u00f3 una actividad durante este fin de semana en las dependencias de la instituci\u00f3n donde&#8230;<\/p>\n","protected":false},"author":482,"featured_media":48309,"comment_status":"open","ping_status":"closed","sticky":false,"template":"","format":"standard","meta":{"advanced_seo_description":"","jetpack_seo_html_title":"","jetpack_seo_noindex":false,"_jetpack_memberships_contains_paid_content":false,"footnotes":""},"categories":[15],"tags":[],"class_list":["post-48308","post","type-post","status-publish","format-standard","has-post-thumbnail","hentry","category-comunidad"],"jetpack_featured_media_url":"https:\/\/i0.wp.com\/eltrabajo.cl\/portal\/wp-content\/uploads\/2014\/07\/Hogar-Porta.jpg?fit=529%2C401&ssl=1","jetpack_sharing_enabled":true,"jetpack_likes_enabled":true,"jetpack-related-posts":[],"_links":{"self":[{"href":"https:\/\/eltrabajo.cl\/portal\/wp-json\/wp\/v2\/posts\/48308","targetHints":{"allow":["GET"]}}],"collection":[{"href":"https:\/\/eltrabajo.cl\/portal\/wp-json\/wp\/v2\/posts"}],"about":[{"href":"https:\/\/eltrabajo.cl\/portal\/wp-json\/wp\/v2\/types\/post"}],"author":[{"embeddable":true,"href":"https:\/\/eltrabajo.cl\/portal\/wp-json\/wp\/v2\/users\/482"}],"replies":[{"embeddable":true,"href":"https:\/\/eltrabajo.cl\/portal\/wp-json\/wp\/v2\/comments?post=48308"}],"version-history":[{"count":0,"href":"https:\/\/eltrabajo.cl\/portal\/wp-json\/wp\/v2\/posts\/48308\/revisions"}],"wp:featuredmedia":[{"embeddable":true,"href":"https:\/\/eltrabajo.cl\/portal\/wp-json\/wp\/v2\/media\/48309"}],"wp:attachment":[{"href":"https:\/\/eltrabajo.cl\/portal\/wp-json\/wp\/v2\/media?parent=48308"}],"wp:term":[{"taxonomy":"category","embeddable":true,"href":"https:\/\/eltrabajo.cl\/portal\/wp-json\/wp\/v2\/categories?post=48308"},{"taxonomy":"post_tag","embeddable":true,"href":"https:\/\/eltrabajo.cl\/portal\/wp-json\/wp\/v2\/tags?post=48308"}],"curies":[{"name":"wp","href":"https:\/\/api.w.org\/{rel}","templated":true}]}}