{"id":48311,"date":"2014-07-01T09:25:52","date_gmt":"2014-07-01T13:25:52","guid":{"rendered":"http:\/\/www.eltrabajo.cl\/portal\/?p=48311"},"modified":"2014-07-01T09:25:52","modified_gmt":"2014-07-01T13:25:52","slug":"peques-del-dario-salas-celebran-su-puntaje-simce","status":"publish","type":"post","link":"https:\/\/eltrabajo.cl\/portal\/peques-del-dario-salas-celebran-su-puntaje-simce\/","title":{"rendered":"Peques del Dar\u00edo Salas celebran su Puntaje Simce"},"content":{"rendered":"<figure id=\"attachment_48312\" aria-describedby=\"caption-attachment-48312\" style=\"width: 528px\" class=\"wp-caption alignnone\"><a href=\"https:\/\/i0.wp.com\/www.eltrabajo.cl\/portal\/wp-content\/uploads\/2014\/07\/Basica1.jpg\"><img data-recalc-dims=\"1\" loading=\"lazy\" decoding=\"async\" class=\"size-full wp-image-48312\" alt=\"BRILLANTES.- Nuevamente el Liceo Dar\u00edo Salas est\u00e1 marcando la diferencia, pues hoy est\u00e1n todos felices por los resultados obtenidos en la \u00faltima medici\u00f3n Simce 2013.\" src=\"https:\/\/i0.wp.com\/www.eltrabajo.cl\/portal\/wp-content\/uploads\/2014\/07\/Basica1.jpg?resize=528%2C347\" width=\"528\" height=\"347\" srcset=\"https:\/\/i0.wp.com\/eltrabajo.cl\/portal\/wp-content\/uploads\/2014\/07\/Basica1.jpg?w=528&amp;ssl=1 528w, https:\/\/i0.wp.com\/eltrabajo.cl\/portal\/wp-content\/uploads\/2014\/07\/Basica1.jpg?resize=200%2C131&amp;ssl=1 200w, https:\/\/i0.wp.com\/eltrabajo.cl\/portal\/wp-content\/uploads\/2014\/07\/Basica1.jpg?resize=300%2C197&amp;ssl=1 300w, https:\/\/i0.wp.com\/eltrabajo.cl\/portal\/wp-content\/uploads\/2014\/07\/Basica1.jpg?resize=150%2C98&amp;ssl=1 150w, https:\/\/i0.wp.com\/eltrabajo.cl\/portal\/wp-content\/uploads\/2014\/07\/Basica1.jpg?resize=400%2C262&amp;ssl=1 400w\" sizes=\"auto, (max-width: 528px) 100vw, 528px\" \/><\/a><figcaption id=\"caption-attachment-48312\" class=\"wp-caption-text\">BRILLANTES.- Nuevamente el Liceo Dar\u00edo Salas est\u00e1 marcando la diferencia, pues hoy est\u00e1n todos felices por los resultados obtenidos en la \u00faltima medici\u00f3n Simce 2013.<\/figcaption><\/figure>\n<p><strong>SANTA MAR\u00cdA.<\/strong>&#8211; Nuevamente el Liceo Dar\u00edo Salas est\u00e1 marcando la diferencia, pues hoy est\u00e1n todos felices por los resultados obtenidos en la \u00faltima medici\u00f3n Simce 2013. As\u00ed lo dio a conocer Walter Arancibia Brante, director de ese centro educativo. \u00abEl Simce es una instancia que nos permite medirnos a nivel comunal y nacional con los establecimientos de similares caracter\u00edsticas; y estos resultados nos demuestran que estamos haciendo bien las cosas. Estamos muy contentos con los resultados obtenidos, ya que hemos logrado en Segundo B\u00e1sico el puntaje m\u00e1s alto a nivel comunal por sobre todos los establecimientos municipalizados y particulares subvencionados de Santa Mar\u00eda\u00bb, coment\u00f3 Arancibia a Diario El Trabajo.<\/p>\n<figure id=\"attachment_48313\" aria-describedby=\"caption-attachment-48313\" style=\"width: 370px\" class=\"wp-caption alignright\"><a href=\"https:\/\/i0.wp.com\/www.eltrabajo.cl\/portal\/wp-content\/uploads\/2014\/07\/Basica2.jpg\"><img data-recalc-dims=\"1\" loading=\"lazy\" decoding=\"async\" class=\" wp-image-48313 \" alt=\"Y QUIEREN M\u00c1S.- \u00abEn los Octavos B\u00e1sicos la situaci\u00f3n es similar, ya que los aumentos son considerables y muy favorables para el liceo.\" src=\"https:\/\/i0.wp.com\/www.eltrabajo.cl\/portal\/wp-content\/uploads\/2014\/07\/Basica2.jpg?resize=370%2C268\" width=\"370\" height=\"268\" srcset=\"https:\/\/i0.wp.com\/eltrabajo.cl\/portal\/wp-content\/uploads\/2014\/07\/Basica2.jpg?w=529&amp;ssl=1 529w, https:\/\/i0.wp.com\/eltrabajo.cl\/portal\/wp-content\/uploads\/2014\/07\/Basica2.jpg?resize=200%2C144&amp;ssl=1 200w, https:\/\/i0.wp.com\/eltrabajo.cl\/portal\/wp-content\/uploads\/2014\/07\/Basica2.jpg?resize=300%2C217&amp;ssl=1 300w, https:\/\/i0.wp.com\/eltrabajo.cl\/portal\/wp-content\/uploads\/2014\/07\/Basica2.jpg?resize=150%2C108&amp;ssl=1 150w, https:\/\/i0.wp.com\/eltrabajo.cl\/portal\/wp-content\/uploads\/2014\/07\/Basica2.jpg?resize=400%2C289&amp;ssl=1 400w\" sizes=\"auto, (max-width: 370px) 100vw, 370px\" \/><\/a><figcaption id=\"caption-attachment-48313\" class=\"wp-caption-text\">Y QUIEREN M\u00c1S.- \u00abEn los Octavos B\u00e1sicos la situaci\u00f3n es similar, ya que los aumentos son considerables y muy favorables para el liceo.<\/figcaption><\/figure>\n<p>Los alumnos de Segundo B\u00e1sico alcanzaron en Comprensi\u00f3n lectora 274 puntos, subiendo den relaci\u00f3n al a\u00f1o anterior, 53 puntos m\u00e1s. En Cuarto B\u00e1sico el rendimiento ha sido sostenido en el tiempo, Lenguaje 266, Ciencias Naturales 252 y muy destacable el promedio alcanzado en Matem\u00e1ticas con 279 puntos, con un aumento de 20 puntos en relaci\u00f3n al a\u00f1o anterior; promedio que alcanz\u00f3 tambi\u00e9n puntaje comunal siendo el m\u00e1s alto de todos los colegios de Santa Mar\u00eda.<\/p>\n<p>\u00abEn los Octavos B\u00e1sicos la situaci\u00f3n es similar, ya que los aumentos son considerables y muy favorables para el liceo. Esto demuestra que se hace un trabajo serio y responsable, donde est\u00e1 el compromiso de todos los docentes que atienden los cursos, adem\u00e1s de demostrar que las estrategias aplicadas por la direcci\u00f3n del establecimiento est\u00e1n dando resultados. Es sabido que cada a\u00f1o las promociones son diferentes, pero ac\u00e1 se ve un trabajo sostenido y sistem\u00e1tico en el tiempo. Los octavos b\u00e1sicos tuvieron un aumento considerable en relaci\u00f3n al a\u00f1o anterior\u00bb, agreg\u00f3 el funcionario.<\/p>\n<p>Comprensi\u00f3n Lectora 264 puntos, m\u00e1s 34 puntos en relaci\u00f3n al a\u00f1o anterior; Matem\u00e1ticas con 248 puntos, m\u00e1s de 30 puntos del a\u00f1o anterior, mientras que en Ciencias Naturales 254 puntos, m\u00e1s 19 puntos respecto de la medici\u00f3n anterior.<\/p>\n<p>&nbsp;<\/p>\n<p>PUNTAJE EN MEDIA<\/p>\n<p>Las docentes indicaron a Diario el Trabajo sentirse con la tarea cumplida, pero adem\u00e1s indican que hoy han marcado la diferencia y que el llamado ahora, es a mantener estos resultados o bien subirlos a\u00fan m\u00e1s, pero no bajar.<\/p>\n<p>Los alumnos de Educaci\u00f3n Media no se quedaron atr\u00e1s, ya que los Segundos Medios lograron el primer lugar comunal en ambas mediciones. Comprensi\u00f3n lectora 267 puntos, subiendo en relaci\u00f3n a la medici\u00f3n anterior 38 puntos. En Matem\u00e1ticas 257 puntos, con un aumento respecto del a\u00f1o anterior de 47 puntos. Estos puntajes tambi\u00e9n lograron ser los m\u00e1s altos de la comuna.<\/p>\n<p>Hoy cuando est\u00e1 en titulares el cuestionamiento de la educaci\u00f3n p\u00fablica, de la cual se pide entregue gratuidad y calidad, el Liceo Dar\u00edo Salas est\u00e1 demostrando que se pueden lograr objetivos cuando existe un grupo comprometido de docentes y pol\u00edticas claras desde las direcciones de cada establecimiento.<\/p>\n<p>Arancibia indic\u00f3 que se seguir\u00e1 trabajando de forma responsable y comprometida, ya que est\u00e1 probado que escuelas efectivas, son aquellas que permiten que sus alumnos de origen vulnerable, con desventajas sociales, puedan desarrollar sus talentos y capacidades alcanzando est\u00e1ndares de alto rendimiento.<\/p>\n<p>&nbsp;<\/p>\n","protected":false},"excerpt":{"rendered":"<p>SANTA MAR\u00cdA.&#8211; Nuevamente el Liceo Dar\u00edo Salas est\u00e1 marcando la diferencia, pues hoy est\u00e1n todos felices por los resultados obtenidos en la \u00faltima medici\u00f3n Simce 2013. As\u00ed lo dio a conocer Walter&#8230;<\/p>\n","protected":false},"author":482,"featured_media":48312,"comment_status":"open","ping_status":"closed","sticky":false,"template":"","format":"standard","meta":{"advanced_seo_description":"","jetpack_seo_html_title":"","jetpack_seo_noindex":false,"_jetpack_memberships_contains_paid_content":false,"footnotes":""},"categories":[15],"tags":[],"class_list":["post-48311","post","type-post","status-publish","format-standard","has-post-thumbnail","hentry","category-comunidad"],"jetpack_featured_media_url":"https:\/\/i0.wp.com\/eltrabajo.cl\/portal\/wp-content\/uploads\/2014\/07\/Basica1.jpg?fit=528%2C347&ssl=1","jetpack_sharing_enabled":true,"jetpack_likes_enabled":true,"jetpack-related-posts":[],"_links":{"self":[{"href":"https:\/\/eltrabajo.cl\/portal\/wp-json\/wp\/v2\/posts\/48311","targetHints":{"allow":["GET"]}}],"collection":[{"href":"https:\/\/eltrabajo.cl\/portal\/wp-json\/wp\/v2\/posts"}],"about":[{"href":"https:\/\/eltrabajo.cl\/portal\/wp-json\/wp\/v2\/types\/post"}],"author":[{"embeddable":true,"href":"https:\/\/eltrabajo.cl\/portal\/wp-json\/wp\/v2\/users\/482"}],"replies":[{"embeddable":true,"href":"https:\/\/eltrabajo.cl\/portal\/wp-json\/wp\/v2\/comments?post=48311"}],"version-history":[{"count":0,"href":"https:\/\/eltrabajo.cl\/portal\/wp-json\/wp\/v2\/posts\/48311\/revisions"}],"wp:featuredmedia":[{"embeddable":true,"href":"https:\/\/eltrabajo.cl\/portal\/wp-json\/wp\/v2\/media\/48312"}],"wp:attachment":[{"href":"https:\/\/eltrabajo.cl\/portal\/wp-json\/wp\/v2\/media?parent=48311"}],"wp:term":[{"taxonomy":"category","embeddable":true,"href":"https:\/\/eltrabajo.cl\/portal\/wp-json\/wp\/v2\/categories?post=48311"},{"taxonomy":"post_tag","embeddable":true,"href":"https:\/\/eltrabajo.cl\/portal\/wp-json\/wp\/v2\/tags?post=48311"}],"curies":[{"name":"wp","href":"https:\/\/api.w.org\/{rel}","templated":true}]}}