{"id":48330,"date":"2014-07-01T09:37:27","date_gmt":"2014-07-01T13:37:27","guid":{"rendered":"http:\/\/www.eltrabajo.cl\/portal\/?p=48330"},"modified":"2014-07-01T10:08:09","modified_gmt":"2014-07-01T14:08:09","slug":"conmocion-causo-espectacular-y-feroz-rina-callejera-en-pleno-centro","status":"publish","type":"post","link":"https:\/\/eltrabajo.cl\/portal\/conmocion-causo-espectacular-y-feroz-rina-callejera-en-pleno-centro\/","title":{"rendered":"Conmoci\u00f3n caus\u00f3 espectacular y feroz ri\u00f1a callejera en pleno centro"},"content":{"rendered":"<figure id=\"attachment_48331\" aria-describedby=\"caption-attachment-48331\" style=\"width: 529px\" class=\"wp-caption alignnone\"><a href=\"https:\/\/i0.wp.com\/www.eltrabajo.cl\/portal\/wp-content\/uploads\/2014\/07\/rina-caracol-herido.jpg\"><img data-recalc-dims=\"1\" loading=\"lazy\" decoding=\"async\" class=\"size-full wp-image-48331\" alt=\"Carabineros de San Felipe adopt\u00f3 el procedimiento deteniendo a ambos involucrados.\" src=\"https:\/\/i0.wp.com\/www.eltrabajo.cl\/portal\/wp-content\/uploads\/2014\/07\/rina-caracol-herido.jpg?resize=529%2C432\" width=\"529\" height=\"432\" srcset=\"https:\/\/i0.wp.com\/eltrabajo.cl\/portal\/wp-content\/uploads\/2014\/07\/rina-caracol-herido.jpg?w=529&amp;ssl=1 529w, https:\/\/i0.wp.com\/eltrabajo.cl\/portal\/wp-content\/uploads\/2014\/07\/rina-caracol-herido.jpg?resize=183%2C150&amp;ssl=1 183w, https:\/\/i0.wp.com\/eltrabajo.cl\/portal\/wp-content\/uploads\/2014\/07\/rina-caracol-herido.jpg?resize=300%2C244&amp;ssl=1 300w, https:\/\/i0.wp.com\/eltrabajo.cl\/portal\/wp-content\/uploads\/2014\/07\/rina-caracol-herido.jpg?resize=150%2C122&amp;ssl=1 150w, https:\/\/i0.wp.com\/eltrabajo.cl\/portal\/wp-content\/uploads\/2014\/07\/rina-caracol-herido.jpg?resize=400%2C326&amp;ssl=1 400w\" sizes=\"auto, (max-width: 529px) 100vw, 529px\" \/><\/a><figcaption id=\"caption-attachment-48331\" class=\"wp-caption-text\">Carabineros de San Felipe adopt\u00f3 el procedimiento deteniendo a ambos involucrados.<\/figcaption><\/figure>\n<p>Dos sujetos fueron detenidos por personal de Carabineros luego de protagonizar una aparatosa y violenta ri\u00f1a callejera frente a la Plaza de Armas de San Felipe.<\/p>\n<p>El hecho se registr\u00f3 ayer a eso de las 16 horas frente al edificio caracol Los Portales de San Felipe, cuando dos sujetos identificados con las iniciales F.J.V.V. (24 a\u00f1os), y F.I.L.G. (26), se encontraron de casualidad en el lugar y se trenzaron en una \u00e1spera discusi\u00f3n por aparentes problemas que habr\u00edan tenido el fin de semana en una discoteca de la ciudad.<\/p>\n<p>Seg\u00fan algunos testigos, los sujetos discut\u00edan por plata hasta que repentinamente se enfrascaron en una ri\u00f1a, procediendo uno de ellos a arrojar al otro contra la mampara de vidrio de un local del edificio caracol por calle Coimas, rompi\u00e9ndolo aparatosamente y resultando con heridas cortantes que r\u00e1pidamente comenzaron a sangrar profusamente.<\/p>\n<p>Ambos involucrados fueron detenidos por personal de Carabineros que lleg\u00f3 al lugar, mientras cientos de transe\u00fantes observaban lo ocurrido.<\/p>\n<p>Al cierre de la presenta edici\u00f3n ambos sujetos permanec\u00edan detenidos a la espera de la decisi\u00f3n del Fiscal de turno que deb\u00eda determinar si quedan o no en libertad.<\/p>\n<p>Seg\u00fan trascendi\u00f3, ambos implicados no cuentan con antecedentes policiales.<\/p>\n<p>&nbsp;<\/p>\n<p>&nbsp;<br \/>\n<iframe loading=\"lazy\" width=\"470\" height=\"353\" src=\"\/\/www.youtube.com\/embed\/g_L2STv9NGU?rel=0\" frameborder=\"0\" allowfullscreen><\/iframe><\/p>\n","protected":false},"excerpt":{"rendered":"<p>Dos sujetos fueron detenidos por personal de Carabineros luego de protagonizar una aparatosa y violenta ri\u00f1a callejera frente a la Plaza de Armas de San Felipe. El hecho se registr\u00f3 ayer a&#8230;<\/p>\n","protected":false},"author":482,"featured_media":48331,"comment_status":"open","ping_status":"closed","sticky":false,"template":"","format":"standard","meta":{"advanced_seo_description":"","jetpack_seo_html_title":"","jetpack_seo_noindex":false,"_jetpack_memberships_contains_paid_content":false,"footnotes":""},"categories":[21],"tags":[],"class_list":["post-48330","post","type-post","status-publish","format-standard","has-post-thumbnail","hentry","category-policial"],"jetpack_featured_media_url":"https:\/\/i0.wp.com\/eltrabajo.cl\/portal\/wp-content\/uploads\/2014\/07\/rina-caracol-herido.jpg?fit=529%2C432&ssl=1","jetpack_sharing_enabled":true,"jetpack_likes_enabled":true,"jetpack-related-posts":[],"_links":{"self":[{"href":"https:\/\/eltrabajo.cl\/portal\/wp-json\/wp\/v2\/posts\/48330","targetHints":{"allow":["GET"]}}],"collection":[{"href":"https:\/\/eltrabajo.cl\/portal\/wp-json\/wp\/v2\/posts"}],"about":[{"href":"https:\/\/eltrabajo.cl\/portal\/wp-json\/wp\/v2\/types\/post"}],"author":[{"embeddable":true,"href":"https:\/\/eltrabajo.cl\/portal\/wp-json\/wp\/v2\/users\/482"}],"replies":[{"embeddable":true,"href":"https:\/\/eltrabajo.cl\/portal\/wp-json\/wp\/v2\/comments?post=48330"}],"version-history":[{"count":0,"href":"https:\/\/eltrabajo.cl\/portal\/wp-json\/wp\/v2\/posts\/48330\/revisions"}],"wp:featuredmedia":[{"embeddable":true,"href":"https:\/\/eltrabajo.cl\/portal\/wp-json\/wp\/v2\/media\/48331"}],"wp:attachment":[{"href":"https:\/\/eltrabajo.cl\/portal\/wp-json\/wp\/v2\/media?parent=48330"}],"wp:term":[{"taxonomy":"category","embeddable":true,"href":"https:\/\/eltrabajo.cl\/portal\/wp-json\/wp\/v2\/categories?post=48330"},{"taxonomy":"post_tag","embeddable":true,"href":"https:\/\/eltrabajo.cl\/portal\/wp-json\/wp\/v2\/tags?post=48330"}],"curies":[{"name":"wp","href":"https:\/\/api.w.org\/{rel}","templated":true}]}}