{"id":48344,"date":"2014-07-02T09:20:54","date_gmt":"2014-07-02T13:20:54","guid":{"rendered":"http:\/\/www.eltrabajo.cl\/portal\/?p=48344"},"modified":"2014-07-02T09:20:54","modified_gmt":"2014-07-02T13:20:54","slug":"cesfam-amplia-horario-ante-aumento-de-enfermedades-respiratorias","status":"publish","type":"post","link":"https:\/\/eltrabajo.cl\/portal\/cesfam-amplia-horario-ante-aumento-de-enfermedades-respiratorias\/","title":{"rendered":"Cesfam ampl\u00eda horario ante aumento de enfermedades respiratorias"},"content":{"rendered":"<figure id=\"attachment_48345\" aria-describedby=\"caption-attachment-48345\" style=\"width: 528px\" class=\"wp-caption alignnone\"><a href=\"https:\/\/i0.wp.com\/www.eltrabajo.cl\/portal\/wp-content\/uploads\/2014\/07\/Usuarios1.jpg\"><img data-recalc-dims=\"1\" loading=\"lazy\" decoding=\"async\" class=\"size-full wp-image-48345\" alt=\"El Cesfam Valle Los Libertadores ha comenzado a implementar la extensi\u00f3n horaria debido al brusco aumento de las consultas por enfermedades respiratorias registradas en los \u00faltimos d\u00edas.\" src=\"https:\/\/i0.wp.com\/www.eltrabajo.cl\/portal\/wp-content\/uploads\/2014\/07\/Usuarios1.jpg?resize=528%2C329\" width=\"528\" height=\"329\" srcset=\"https:\/\/i0.wp.com\/eltrabajo.cl\/portal\/wp-content\/uploads\/2014\/07\/Usuarios1.jpg?w=528&amp;ssl=1 528w, https:\/\/i0.wp.com\/eltrabajo.cl\/portal\/wp-content\/uploads\/2014\/07\/Usuarios1.jpg?resize=200%2C124&amp;ssl=1 200w, https:\/\/i0.wp.com\/eltrabajo.cl\/portal\/wp-content\/uploads\/2014\/07\/Usuarios1.jpg?resize=300%2C186&amp;ssl=1 300w, https:\/\/i0.wp.com\/eltrabajo.cl\/portal\/wp-content\/uploads\/2014\/07\/Usuarios1.jpg?resize=150%2C93&amp;ssl=1 150w, https:\/\/i0.wp.com\/eltrabajo.cl\/portal\/wp-content\/uploads\/2014\/07\/Usuarios1.jpg?resize=400%2C249&amp;ssl=1 400w\" sizes=\"auto, (max-width: 528px) 100vw, 528px\" \/><\/a><figcaption id=\"caption-attachment-48345\" class=\"wp-caption-text\">El Cesfam Valle Los Libertadores ha comenzado a implementar la extensi\u00f3n horaria debido al brusco aumento de las consultas por enfermedades respiratorias registradas en los \u00faltimos d\u00edas.<\/figcaption><\/figure>\n<p><strong>PUTAENDO<\/strong>.- El Cesfam Valle Los Libertadores ha comenzado a implementar la extensi\u00f3n horaria debido al brusco aumento de las consultas por enfermedades respiratorias registradas en los \u00faltimos d\u00edas. Tal como ya lo hab\u00eda anunciado, la Directora del Cesfam, Mireya Ponce, en los \u00faltimos d\u00edas y a prop\u00f3sito de las bajas temperaturas se ha registrado un considerable aumento en consultas relacionadas con enfermedades respiratorias, que ha llevado a que se implementara en forma inmediata la extensi\u00f3n horaria con dos m\u00e9dicos que atender\u00e1n desde las 17:00 hasta las 20:00 horas, para lo cual incluso habilitar\u00e1n la l\u00ednea 800500546, con la finalidad que los usuarios no tengan que concurrir en horas de la ma\u00f1ana hasta el Cesfam para solicitar horas m\u00e9dicas.<\/p>\n<p>Esta extensi\u00f3n horaria tambi\u00e9n se mantendr\u00e1 durante los s\u00e1bados de 08:00 a 13:00 horas y adem\u00e1s Ponce indic\u00f3 que la visita de m\u00e9dicos a las postas rurales se est\u00e1n desarrollando en forma normal y que se encuentran preparados para entregar una buena atenci\u00f3n ante un nuevo aumento de consultas por enfermedades respiratorias que podr\u00eda llevar al peak de estas consultas en los pr\u00f3ximos d\u00edas o semanas.<\/p>\n<p>La funcionaria sostuvo que la Municipalidad de Putaendo ha tomado todos los resguardos para tener un stock m\u00e1s que suficiente en medicamentos, que son recetados por cuadros cl\u00ednicos respiratorios, por lo que la comunidad puede estar tranquila que el Cesfam est\u00e1 trabajando en un 100% con la incorporaci\u00f3n de un nuevo m\u00e9dico que permita entregar una buena atenci\u00f3n ante el aumento de las consultas por enfermedades respiratorias.<\/p>\n<p>Patricio Gallardo M.<\/p>\n<p>&nbsp;<\/p>\n","protected":false},"excerpt":{"rendered":"<p>PUTAENDO.- El Cesfam Valle Los Libertadores ha comenzado a implementar la extensi\u00f3n horaria debido al brusco aumento de las consultas por enfermedades respiratorias registradas en los \u00faltimos d\u00edas. Tal como ya lo&#8230;<\/p>\n","protected":false},"author":482,"featured_media":48345,"comment_status":"open","ping_status":"closed","sticky":false,"template":"","format":"standard","meta":{"advanced_seo_description":"","jetpack_seo_html_title":"","jetpack_seo_noindex":false,"_jetpack_memberships_contains_paid_content":false,"footnotes":""},"categories":[15],"tags":[],"class_list":["post-48344","post","type-post","status-publish","format-standard","has-post-thumbnail","hentry","category-comunidad"],"jetpack_featured_media_url":"https:\/\/i0.wp.com\/eltrabajo.cl\/portal\/wp-content\/uploads\/2014\/07\/Usuarios1.jpg?fit=528%2C329&ssl=1","jetpack_sharing_enabled":true,"jetpack_likes_enabled":true,"jetpack-related-posts":[],"_links":{"self":[{"href":"https:\/\/eltrabajo.cl\/portal\/wp-json\/wp\/v2\/posts\/48344","targetHints":{"allow":["GET"]}}],"collection":[{"href":"https:\/\/eltrabajo.cl\/portal\/wp-json\/wp\/v2\/posts"}],"about":[{"href":"https:\/\/eltrabajo.cl\/portal\/wp-json\/wp\/v2\/types\/post"}],"author":[{"embeddable":true,"href":"https:\/\/eltrabajo.cl\/portal\/wp-json\/wp\/v2\/users\/482"}],"replies":[{"embeddable":true,"href":"https:\/\/eltrabajo.cl\/portal\/wp-json\/wp\/v2\/comments?post=48344"}],"version-history":[{"count":0,"href":"https:\/\/eltrabajo.cl\/portal\/wp-json\/wp\/v2\/posts\/48344\/revisions"}],"wp:featuredmedia":[{"embeddable":true,"href":"https:\/\/eltrabajo.cl\/portal\/wp-json\/wp\/v2\/media\/48345"}],"wp:attachment":[{"href":"https:\/\/eltrabajo.cl\/portal\/wp-json\/wp\/v2\/media?parent=48344"}],"wp:term":[{"taxonomy":"category","embeddable":true,"href":"https:\/\/eltrabajo.cl\/portal\/wp-json\/wp\/v2\/categories?post=48344"},{"taxonomy":"post_tag","embeddable":true,"href":"https:\/\/eltrabajo.cl\/portal\/wp-json\/wp\/v2\/tags?post=48344"}],"curies":[{"name":"wp","href":"https:\/\/api.w.org\/{rel}","templated":true}]}}