{"id":48348,"date":"2014-07-02T09:23:15","date_gmt":"2014-07-02T13:23:15","guid":{"rendered":"http:\/\/www.eltrabajo.cl\/portal\/?p=48348"},"modified":"2014-07-02T09:23:15","modified_gmt":"2014-07-02T13:23:15","slug":"superintendente-nelson-valenzuela-ser-bombero-es-una-forma-de-vida","status":"publish","type":"post","link":"https:\/\/eltrabajo.cl\/portal\/superintendente-nelson-valenzuela-ser-bombero-es-una-forma-de-vida\/","title":{"rendered":"Superintendente Nelson Valenzuela: \u00abSer bombero es una forma de vida\u00bb"},"content":{"rendered":"<figure id=\"attachment_48349\" aria-describedby=\"caption-attachment-48349\" style=\"width: 370px\" class=\"wp-caption alignleft\"><a href=\"https:\/\/i0.wp.com\/www.eltrabajo.cl\/portal\/wp-content\/uploads\/2014\/07\/Galvano1.jpg\"><img data-recalc-dims=\"1\" loading=\"lazy\" decoding=\"async\" class=\" wp-image-48349 \" alt=\"TRAYECTORIA.- Varios funcionarios recibieron su respectivo galvano de honor durante esta actividad, como muestra de agradecimiento por sus a\u00f1os de servicios.\" src=\"https:\/\/i0.wp.com\/www.eltrabajo.cl\/portal\/wp-content\/uploads\/2014\/07\/Galvano1.jpg?resize=370%2C338\" width=\"370\" height=\"338\" srcset=\"https:\/\/i0.wp.com\/eltrabajo.cl\/portal\/wp-content\/uploads\/2014\/07\/Galvano1.jpg?w=529&amp;ssl=1 529w, https:\/\/i0.wp.com\/eltrabajo.cl\/portal\/wp-content\/uploads\/2014\/07\/Galvano1.jpg?resize=164%2C150&amp;ssl=1 164w, https:\/\/i0.wp.com\/eltrabajo.cl\/portal\/wp-content\/uploads\/2014\/07\/Galvano1.jpg?resize=300%2C273&amp;ssl=1 300w, https:\/\/i0.wp.com\/eltrabajo.cl\/portal\/wp-content\/uploads\/2014\/07\/Galvano1.jpg?resize=150%2C136&amp;ssl=1 150w, https:\/\/i0.wp.com\/eltrabajo.cl\/portal\/wp-content\/uploads\/2014\/07\/Galvano1.jpg?resize=400%2C365&amp;ssl=1 400w\" sizes=\"auto, (max-width: 370px) 100vw, 370px\" \/><\/a><figcaption id=\"caption-attachment-48349\" class=\"wp-caption-text\">TRAYECTORIA.- Varios funcionarios recibieron su respectivo galvano de honor durante esta actividad, como muestra de agradecimiento por sus a\u00f1os de servicios.<\/figcaption><\/figure>\n<p><strong>LLAY LLAY<\/strong>.- Con una c\u00e1lida ceremonia que no rest\u00f3 marcialidad y disciplina; cualidad com\u00fan denominador de la gallard\u00eda de los voluntarios y voluntarias que conforman el Cuerpo de Bomberos de nuestra ciudad; fue festejado el D\u00eda Nacional del bombero voluntario.<\/p>\n<p>Celebrando esta importante fecha junto a los \u2018Caballeros del Fuego\u2019, estuvo en representaci\u00f3n del Alcalde de Llay Llay la Concejal Margarita Puebla y el Alcalde Subrogante, Luis Soto. La ceremonia tambi\u00e9n cont\u00f3 con la presencia de los concejales Edgardo Gonz\u00e1lez y el tambi\u00e9n bombero M\u00e9sala Gonz\u00e1lez, representando a Carabineros el Sargento 1\u00ba Jos\u00e9 P\u00e9rez Lazo y el Cura P\u00e1rroco del Templo Parroquial San Ignacio de Loyola, Sacerdote Gustavo Adolfo Morales L\u00f3pez.<\/p>\n<p>El Superintendente del Cuerpo de Bomberos de Llay Llay, Nelson Valenzuela, cont\u00f3 sobre la tradici\u00f3n de Bomberos en esta fecha, \u201cnosotros como instituci\u00f3n lo celebramos con entrega de premios por a\u00f1os de servicio, por asistencia. Lo festejamos junto a los familiares que nos acompa\u00f1an en todo momento\u201d.<\/p>\n<figure id=\"attachment_48350\" aria-describedby=\"caption-attachment-48350\" style=\"width: 370px\" class=\"wp-caption alignright\"><a href=\"https:\/\/i0.wp.com\/www.eltrabajo.cl\/portal\/wp-content\/uploads\/2014\/07\/Bomberos1.jpg\"><img data-recalc-dims=\"1\" loading=\"lazy\" decoding=\"async\" class=\" wp-image-48350 \" alt=\"EJEMPLARES.- Con una c\u00e1lida ceremonia fue festejado el D\u00eda Nacional del bombero voluntario. \" src=\"https:\/\/i0.wp.com\/www.eltrabajo.cl\/portal\/wp-content\/uploads\/2014\/07\/Bomberos1.jpg?resize=370%2C251\" width=\"370\" height=\"251\" srcset=\"https:\/\/i0.wp.com\/eltrabajo.cl\/portal\/wp-content\/uploads\/2014\/07\/Bomberos1.jpg?w=529&amp;ssl=1 529w, https:\/\/i0.wp.com\/eltrabajo.cl\/portal\/wp-content\/uploads\/2014\/07\/Bomberos1.jpg?resize=200%2C135&amp;ssl=1 200w, https:\/\/i0.wp.com\/eltrabajo.cl\/portal\/wp-content\/uploads\/2014\/07\/Bomberos1.jpg?resize=300%2C203&amp;ssl=1 300w, https:\/\/i0.wp.com\/eltrabajo.cl\/portal\/wp-content\/uploads\/2014\/07\/Bomberos1.jpg?resize=150%2C101&amp;ssl=1 150w, https:\/\/i0.wp.com\/eltrabajo.cl\/portal\/wp-content\/uploads\/2014\/07\/Bomberos1.jpg?resize=400%2C271&amp;ssl=1 400w\" sizes=\"auto, (max-width: 370px) 100vw, 370px\" \/><\/a><figcaption id=\"caption-attachment-48350\" class=\"wp-caption-text\">EJEMPLARES.- Con una c\u00e1lida ceremonia fue festejado el D\u00eda Nacional del bombero voluntario.<\/figcaption><\/figure>\n<p>La Alcaldesa Protocolar de la ceremonia, Margarita Puebla Terraza en representaci\u00f3n del Alcalde de Llay Llay, Mario Marillanca; salud\u00f3 a todos los bomberos en esta fecha especial, dedic\u00e1ndoles palabras que resumen la labor de los voluntarios, \u201cquiero agradecer toda la entrega, la perseverancia y el empuje que dan cada d\u00eda cuando se enfrentan a un peligro un riesgo. Est\u00e1n dispuestos a entregar su vida por salvar a otra persona\u201d.<\/p>\n<p>El Cuerpo de Bomberos de Llay Llay cuenta con funcionarios de larga trayectoria, entre los que destacan por a\u00f1os de servicio, tal como explic\u00f3 el Superintendente, Nelson Valenzuela, \u201cBomberos de Llay Llay cuenta con voluntarios con muchos a\u00f1os de servicio como Patricio Oyaneder, un voluntario que tiene 78 a\u00f1os cumplidos de bombero; Carlos Barraza, quien es de la segunda compa\u00f1\u00eda y tiene 70 a\u00f1os como bombero; Sergio Bernal con 60 a\u00f1os de voluntario, entre otros que cumplen y han cumplido una gran labor\u201d.<\/p>\n<p><strong>LA HISTORIA<\/strong><\/p>\n<p>La historia de Bomberos en Chile comienza en Valpara\u00edso en el a\u00f1o 1851, cuando se forma el primer Cuerpo de Bomberos Voluntarios del pa\u00eds. En los a\u00f1os siguientes se formaron nuevos Cuerpos en otras ciudades de Chile, con el fin de proteger a la ciudadan\u00eda de los posibles desastres.<\/p>\n","protected":false},"excerpt":{"rendered":"<p>LLAY LLAY.- Con una c\u00e1lida ceremonia que no rest\u00f3 marcialidad y disciplina; cualidad com\u00fan denominador de la gallard\u00eda de los voluntarios y voluntarias que conforman el Cuerpo de Bomberos de nuestra ciudad;&#8230;<\/p>\n","protected":false},"author":482,"featured_media":48350,"comment_status":"open","ping_status":"closed","sticky":false,"template":"","format":"standard","meta":{"advanced_seo_description":"","jetpack_seo_html_title":"","jetpack_seo_noindex":false,"_jetpack_memberships_contains_paid_content":false,"footnotes":""},"categories":[15],"tags":[],"class_list":["post-48348","post","type-post","status-publish","format-standard","has-post-thumbnail","hentry","category-comunidad"],"jetpack_featured_media_url":"https:\/\/i0.wp.com\/eltrabajo.cl\/portal\/wp-content\/uploads\/2014\/07\/Bomberos1.jpg?fit=529%2C359&ssl=1","jetpack_sharing_enabled":true,"jetpack_likes_enabled":true,"jetpack-related-posts":[],"_links":{"self":[{"href":"https:\/\/eltrabajo.cl\/portal\/wp-json\/wp\/v2\/posts\/48348","targetHints":{"allow":["GET"]}}],"collection":[{"href":"https:\/\/eltrabajo.cl\/portal\/wp-json\/wp\/v2\/posts"}],"about":[{"href":"https:\/\/eltrabajo.cl\/portal\/wp-json\/wp\/v2\/types\/post"}],"author":[{"embeddable":true,"href":"https:\/\/eltrabajo.cl\/portal\/wp-json\/wp\/v2\/users\/482"}],"replies":[{"embeddable":true,"href":"https:\/\/eltrabajo.cl\/portal\/wp-json\/wp\/v2\/comments?post=48348"}],"version-history":[{"count":0,"href":"https:\/\/eltrabajo.cl\/portal\/wp-json\/wp\/v2\/posts\/48348\/revisions"}],"wp:featuredmedia":[{"embeddable":true,"href":"https:\/\/eltrabajo.cl\/portal\/wp-json\/wp\/v2\/media\/48350"}],"wp:attachment":[{"href":"https:\/\/eltrabajo.cl\/portal\/wp-json\/wp\/v2\/media?parent=48348"}],"wp:term":[{"taxonomy":"category","embeddable":true,"href":"https:\/\/eltrabajo.cl\/portal\/wp-json\/wp\/v2\/categories?post=48348"},{"taxonomy":"post_tag","embeddable":true,"href":"https:\/\/eltrabajo.cl\/portal\/wp-json\/wp\/v2\/tags?post=48348"}],"curies":[{"name":"wp","href":"https:\/\/api.w.org\/{rel}","templated":true}]}}