{"id":48388,"date":"2014-07-02T09:39:32","date_gmt":"2014-07-02T13:39:32","guid":{"rendered":"http:\/\/www.eltrabajo.cl\/portal\/?p=48388"},"modified":"2014-07-02T09:39:32","modified_gmt":"2014-07-02T13:39:32","slug":"depravado-secuestra-y-viola-a-menor-de-edad-en-santa-maria","status":"publish","type":"post","link":"https:\/\/eltrabajo.cl\/portal\/depravado-secuestra-y-viola-a-menor-de-edad-en-santa-maria\/","title":{"rendered":"Depravado secuestra y viola a menor de edad en Santa Mar\u00eda"},"content":{"rendered":"<figure id=\"attachment_48389\" aria-describedby=\"caption-attachment-48389\" style=\"width: 529px\" class=\"wp-caption alignnone\"><a href=\"https:\/\/i0.wp.com\/www.eltrabajo.cl\/portal\/wp-content\/uploads\/2014\/07\/Secuestro1.jpg\"><img data-recalc-dims=\"1\" loading=\"lazy\" decoding=\"async\" class=\"size-full wp-image-48389\" alt=\"CAPTURADO.- El sujeto fue identificado con las iniciales C.E.C.LL., de 21 a\u00f1os y pas\u00f3 a disposici\u00f3n del Tribunal de Garant\u00eda de San Felipe para su formalizaci\u00f3n por el delito de Violaci\u00f3n con secuestro. (Archivo)\" src=\"https:\/\/i0.wp.com\/www.eltrabajo.cl\/portal\/wp-content\/uploads\/2014\/07\/Secuestro1.jpg?resize=529%2C358\" width=\"529\" height=\"358\" srcset=\"https:\/\/i0.wp.com\/eltrabajo.cl\/portal\/wp-content\/uploads\/2014\/07\/Secuestro1.jpg?w=529&amp;ssl=1 529w, https:\/\/i0.wp.com\/eltrabajo.cl\/portal\/wp-content\/uploads\/2014\/07\/Secuestro1.jpg?resize=200%2C135&amp;ssl=1 200w, https:\/\/i0.wp.com\/eltrabajo.cl\/portal\/wp-content\/uploads\/2014\/07\/Secuestro1.jpg?resize=300%2C203&amp;ssl=1 300w, https:\/\/i0.wp.com\/eltrabajo.cl\/portal\/wp-content\/uploads\/2014\/07\/Secuestro1.jpg?resize=150%2C101&amp;ssl=1 150w, https:\/\/i0.wp.com\/eltrabajo.cl\/portal\/wp-content\/uploads\/2014\/07\/Secuestro1.jpg?resize=400%2C270&amp;ssl=1 400w\" sizes=\"auto, (max-width: 529px) 100vw, 529px\" \/><\/a><figcaption id=\"caption-attachment-48389\" class=\"wp-caption-text\">CAPTURADO.- El sujeto fue identificado con las iniciales C.E.C.LL., de 21 a\u00f1os y pas\u00f3 a disposici\u00f3n del Tribunal de Garant\u00eda de San Felipe para su formalizaci\u00f3n por el delito de Violaci\u00f3n con secuestro. (Archivo)<\/figcaption><\/figure>\n<p><strong>SANTA MAR\u00cdA.<\/strong>&#8211; En la comuna de Santa Mar\u00eda fue ubicada una joven de 17 a\u00f1os que se encontraba desaparecida desde el pasado 15 de junio en la ciudad de Angol.<\/p>\n<p>La menor, quien estaba junto a su hijo lactante de ocho meses de vida, fue ubicada por oficiales de la Brigada de Homicidios de la PDI de Los Andes, producto de una investigaci\u00f3n coordinada con la Brigada de Investigaci\u00f3n Criminal de esa ciudad en virtud de una denuncia por presunta desgracia.<\/p>\n<p><strong>JOVEN VIOLADA<\/strong><\/p>\n<p>El Jefe de la Brigada de Homicidios, Comisario Carlos Alegr\u00eda, se\u00f1al\u00f3 que la joven se encontraba en la casa de un sujeto, con quien anteriormente hab\u00eda mantenido una relaci\u00f3n sentimental y que bajo amenazas la oblig\u00f3 a trasladarse hasta Santa Mar\u00eda.<\/p>\n<p>El oficial precis\u00f3 que el d\u00eda lunes este sujeto habr\u00eda mantenido relaciones sexuales contra la voluntad de la adolescente, concret\u00e1ndose el delito de Violaci\u00f3n, mismo que deber\u00e1 ser acreditado con las pericias ginecol\u00f3gicas del Servicio M\u00e9dico Legal.<\/p>\n<p>El Subcomisario Alegr\u00eda declin\u00f3 referirse a si el lactante que estaba con la v\u00edctima ser\u00eda hijo del captor, \u201cno obstante que todos los antecedentes ser\u00e1n remitidos al Ministerio P\u00fablico de la ciudad de San Felipe\u201d.<\/p>\n<p>El sujeto fue identificado con las iniciales C.E.C.L., de 21 a\u00f1os de edad y quien pas\u00f3 a disposici\u00f3n del Tribunal de Garant\u00eda de San Felipe para su formalizaci\u00f3n por el delito de Violaci\u00f3n con secuestro.<\/p>\n<p>El imputado qued\u00f3 en Prisi\u00f3n Preventiva por 75 d\u00edas, plazo dado para llevar adelante la investigaci\u00f3n de este dram\u00e1tico caso.<\/p>\n<p>Seg\u00fan se pudo conocer, el acusado es vecino de Santa Mar\u00eda. Diario El Trabajo supo por medio de una fuente cercana al caso, que el beb\u00e9 de ocho meses es de ambos, denunciante y denunciado.<\/p>\n","protected":false},"excerpt":{"rendered":"<p>SANTA MAR\u00cdA.&#8211; En la comuna de Santa Mar\u00eda fue ubicada una joven de 17 a\u00f1os que se encontraba desaparecida desde el pasado 15 de junio en la ciudad de Angol. La menor,&#8230;<\/p>\n","protected":false},"author":482,"featured_media":48389,"comment_status":"open","ping_status":"closed","sticky":false,"template":"","format":"standard","meta":{"advanced_seo_description":"","jetpack_seo_html_title":"","jetpack_seo_noindex":false,"_jetpack_memberships_contains_paid_content":false,"footnotes":""},"categories":[21],"tags":[],"class_list":["post-48388","post","type-post","status-publish","format-standard","has-post-thumbnail","hentry","category-policial"],"jetpack_featured_media_url":"https:\/\/i0.wp.com\/eltrabajo.cl\/portal\/wp-content\/uploads\/2014\/07\/Secuestro1.jpg?fit=529%2C358&ssl=1","jetpack_sharing_enabled":true,"jetpack_likes_enabled":true,"jetpack-related-posts":[],"_links":{"self":[{"href":"https:\/\/eltrabajo.cl\/portal\/wp-json\/wp\/v2\/posts\/48388","targetHints":{"allow":["GET"]}}],"collection":[{"href":"https:\/\/eltrabajo.cl\/portal\/wp-json\/wp\/v2\/posts"}],"about":[{"href":"https:\/\/eltrabajo.cl\/portal\/wp-json\/wp\/v2\/types\/post"}],"author":[{"embeddable":true,"href":"https:\/\/eltrabajo.cl\/portal\/wp-json\/wp\/v2\/users\/482"}],"replies":[{"embeddable":true,"href":"https:\/\/eltrabajo.cl\/portal\/wp-json\/wp\/v2\/comments?post=48388"}],"version-history":[{"count":0,"href":"https:\/\/eltrabajo.cl\/portal\/wp-json\/wp\/v2\/posts\/48388\/revisions"}],"wp:featuredmedia":[{"embeddable":true,"href":"https:\/\/eltrabajo.cl\/portal\/wp-json\/wp\/v2\/media\/48389"}],"wp:attachment":[{"href":"https:\/\/eltrabajo.cl\/portal\/wp-json\/wp\/v2\/media?parent=48388"}],"wp:term":[{"taxonomy":"category","embeddable":true,"href":"https:\/\/eltrabajo.cl\/portal\/wp-json\/wp\/v2\/categories?post=48388"},{"taxonomy":"post_tag","embeddable":true,"href":"https:\/\/eltrabajo.cl\/portal\/wp-json\/wp\/v2\/tags?post=48388"}],"curies":[{"name":"wp","href":"https:\/\/api.w.org\/{rel}","templated":true}]}}