{"id":48397,"date":"2014-07-03T09:19:43","date_gmt":"2014-07-03T13:19:43","guid":{"rendered":"http:\/\/www.eltrabajo.cl\/portal\/?p=48397"},"modified":"2014-07-03T09:19:43","modified_gmt":"2014-07-03T13:19:43","slug":"senda-realiza-positiva-intervencion-en-sectores-de-la-comuna","status":"publish","type":"post","link":"https:\/\/eltrabajo.cl\/portal\/senda-realiza-positiva-intervencion-en-sectores-de-la-comuna\/","title":{"rendered":"Senda realiza positiva intervenci\u00f3n en sectores de la comuna"},"content":{"rendered":"<figure id=\"attachment_48398\" aria-describedby=\"caption-attachment-48398\" style=\"width: 529px\" class=\"wp-caption alignnone\"><a href=\"https:\/\/i0.wp.com\/www.eltrabajo.cl\/portal\/wp-content\/uploads\/2014\/07\/Senda1.jpg\"><img data-recalc-dims=\"1\" loading=\"lazy\" decoding=\"async\" class=\"size-full wp-image-48398\" alt=\"SIN TABACO.- Una actividad que conmemor\u00f3 adem\u00e1s, el D\u00eda Internacional de la Prevenci\u00f3n de drogas y alcohol, igualmente se dio inicio al trabajo de pr\u00e1ctica de estudiantes de la carrera T\u00e9cnico en Trabajo Social del Instituto Aiep.\" src=\"https:\/\/i0.wp.com\/www.eltrabajo.cl\/portal\/wp-content\/uploads\/2014\/07\/Senda1.jpg?resize=529%2C308\" width=\"529\" height=\"308\" srcset=\"https:\/\/i0.wp.com\/eltrabajo.cl\/portal\/wp-content\/uploads\/2014\/07\/Senda1.jpg?w=529&amp;ssl=1 529w, https:\/\/i0.wp.com\/eltrabajo.cl\/portal\/wp-content\/uploads\/2014\/07\/Senda1.jpg?resize=200%2C116&amp;ssl=1 200w, https:\/\/i0.wp.com\/eltrabajo.cl\/portal\/wp-content\/uploads\/2014\/07\/Senda1.jpg?resize=300%2C174&amp;ssl=1 300w, https:\/\/i0.wp.com\/eltrabajo.cl\/portal\/wp-content\/uploads\/2014\/07\/Senda1.jpg?resize=150%2C87&amp;ssl=1 150w, https:\/\/i0.wp.com\/eltrabajo.cl\/portal\/wp-content\/uploads\/2014\/07\/Senda1.jpg?resize=400%2C232&amp;ssl=1 400w\" sizes=\"auto, (max-width: 529px) 100vw, 529px\" \/><\/a><figcaption id=\"caption-attachment-48398\" class=\"wp-caption-text\">SIN TABACO.- Una actividad que conmemor\u00f3 adem\u00e1s, el D\u00eda Internacional de la Prevenci\u00f3n de drogas y alcohol, igualmente se dio inicio al trabajo de pr\u00e1ctica de estudiantes de la carrera T\u00e9cnico en Trabajo Social del Instituto Aiep.<\/figcaption><\/figure>\n<p><strong>PUTAENDO<\/strong>.- Con la presencia de la Directora Regional de Senda, Claudia Berrios y del Administrador Municipal Fabi\u00e1n Mu\u00f1oz, la Oficina Comunal Previene Putaendo ha desarrollado una serie de talleres y actividades de intervenci\u00f3n en los sectores de Alto Las Coimas y Poblaci\u00f3n Santa Rita, lugares, donde dichas iniciativas han sido muy bien recibidas por los dirigentes, j\u00f3venes y ni\u00f1os del lugar.<\/p>\n<figure id=\"attachment_48399\" aria-describedby=\"caption-attachment-48399\" style=\"width: 422px\" class=\"wp-caption alignright\"><a href=\"https:\/\/i0.wp.com\/www.eltrabajo.cl\/portal\/wp-content\/uploads\/2014\/07\/Senda2.jpg\"><img data-recalc-dims=\"1\" loading=\"lazy\" decoding=\"async\" class=\" wp-image-48399 \" alt=\"PREVENCI\u00d3N.- Una nueva administraci\u00f3n nivel pa\u00eds que plantea la intervenci\u00f3n y recuperaci\u00f3n de espacios comunitarios como una efectiva forma de hacer prevenci\u00f3n.\" src=\"https:\/\/i0.wp.com\/www.eltrabajo.cl\/portal\/wp-content\/uploads\/2014\/07\/Senda2.jpg?resize=422%2C286\" width=\"422\" height=\"286\" srcset=\"https:\/\/i0.wp.com\/eltrabajo.cl\/portal\/wp-content\/uploads\/2014\/07\/Senda2.jpg?w=528&amp;ssl=1 528w, https:\/\/i0.wp.com\/eltrabajo.cl\/portal\/wp-content\/uploads\/2014\/07\/Senda2.jpg?resize=200%2C135&amp;ssl=1 200w, https:\/\/i0.wp.com\/eltrabajo.cl\/portal\/wp-content\/uploads\/2014\/07\/Senda2.jpg?resize=300%2C203&amp;ssl=1 300w, https:\/\/i0.wp.com\/eltrabajo.cl\/portal\/wp-content\/uploads\/2014\/07\/Senda2.jpg?resize=150%2C101&amp;ssl=1 150w, https:\/\/i0.wp.com\/eltrabajo.cl\/portal\/wp-content\/uploads\/2014\/07\/Senda2.jpg?resize=400%2C271&amp;ssl=1 400w\" sizes=\"auto, (max-width: 422px) 100vw, 422px\" \/><\/a><figcaption id=\"caption-attachment-48399\" class=\"wp-caption-text\">PREVENCI\u00d3N.- Una nueva administraci\u00f3n nivel pa\u00eds que plantea la intervenci\u00f3n y recuperaci\u00f3n de espacios comunitarios como una efectiva forma de hacer prevenci\u00f3n.<\/figcaption><\/figure>\n<p>Seg\u00fan expres\u00f3 Berrios, estas actividades reflejan el nuevo esp\u00edritu del Senda, que comenzar\u00e1 a realizar un trabajo enfocado m\u00e1s el territorio. \u201cEst\u00e1 demostrado que la intervenci\u00f3n de los espacios comunitarios, el compromiso y trabajo mancomunado con los dirigentes son la forma m\u00e1s efectiva para prevenir el consumo de drogas\u201d, expres\u00f3 la directora, valorando el compromiso de los dirigentes y el trabajo del municipio apoyando, gestionando y vinculando este tipo de programas con la comunidad.<\/p>\n<p>Por su parte, la Presidente de la Junta de Vecinos Los Manantiales de Las Coimas, Dorka Zamora, se mostr\u00f3 muy agradecida y contenta con la preocupaci\u00f3n que ha mostrado Senda Putaendo y el municipio para implementar campa\u00f1as preventivas en su sector, donde cont\u00f3 existe un importante n\u00famero de j\u00f3venes y ni\u00f1os con quienes hay que trabajar para prevenir el consumo de drogas y alcohol.<\/p>\n<p>Una actividad que conmemor\u00f3 adem\u00e1s, el D\u00eda Internacional de la Prevenci\u00f3n de drogas y alcohol, igualmente se dio inicio al trabajo de pr\u00e1ctica de estudiantes de la carrera T\u00e9cnico en Trabajo Social del Instituto Aiep, quienes continuar\u00e1n con los talleres durante el mes de julio. \u201cEn Alto Las Coimas y Poblaci\u00f3n Santa Rita nos estamos instalando con los estudiantes del Aiep para trabajar con la comunidad en talleres de prevenci\u00f3n\u201d, manifest\u00f3 el Coordinador de Senda Putaendo, Fernando Ovando, quien anunci\u00f3 que a mediados del mes de julio se firmar\u00e1 un convenio de colaboraci\u00f3n entre el Instituto Aiep y Senda, que permitir\u00e1 contar con pr\u00e1cticas profesionales de T\u00e9cnico en Trabajo Social para futuras intervenciones de este tipo.<\/p>\n<p>Una nueva administraci\u00f3n nivel pa\u00eds que plantea la intervenci\u00f3n y recuperaci\u00f3n de espacios comunitarios como una efectiva forma de hacer prevenci\u00f3n, visi\u00f3n claramente enmarcada dentro de las pol\u00edticas comunales de drogas de Putaendo.<\/p>\n<p>&nbsp;<\/p>\n","protected":false},"excerpt":{"rendered":"<p>PUTAENDO.- Con la presencia de la Directora Regional de Senda, Claudia Berrios y del Administrador Municipal Fabi\u00e1n Mu\u00f1oz, la Oficina Comunal Previene Putaendo ha desarrollado una serie de talleres y actividades de&#8230;<\/p>\n","protected":false},"author":482,"featured_media":48398,"comment_status":"open","ping_status":"closed","sticky":false,"template":"","format":"standard","meta":{"advanced_seo_description":"","jetpack_seo_html_title":"","jetpack_seo_noindex":false,"_jetpack_memberships_contains_paid_content":false,"footnotes":""},"categories":[15],"tags":[],"class_list":["post-48397","post","type-post","status-publish","format-standard","has-post-thumbnail","hentry","category-comunidad"],"jetpack_featured_media_url":"https:\/\/i0.wp.com\/eltrabajo.cl\/portal\/wp-content\/uploads\/2014\/07\/Senda1.jpg?fit=529%2C308&ssl=1","jetpack_sharing_enabled":true,"jetpack_likes_enabled":true,"jetpack-related-posts":[],"_links":{"self":[{"href":"https:\/\/eltrabajo.cl\/portal\/wp-json\/wp\/v2\/posts\/48397","targetHints":{"allow":["GET"]}}],"collection":[{"href":"https:\/\/eltrabajo.cl\/portal\/wp-json\/wp\/v2\/posts"}],"about":[{"href":"https:\/\/eltrabajo.cl\/portal\/wp-json\/wp\/v2\/types\/post"}],"author":[{"embeddable":true,"href":"https:\/\/eltrabajo.cl\/portal\/wp-json\/wp\/v2\/users\/482"}],"replies":[{"embeddable":true,"href":"https:\/\/eltrabajo.cl\/portal\/wp-json\/wp\/v2\/comments?post=48397"}],"version-history":[{"count":0,"href":"https:\/\/eltrabajo.cl\/portal\/wp-json\/wp\/v2\/posts\/48397\/revisions"}],"wp:featuredmedia":[{"embeddable":true,"href":"https:\/\/eltrabajo.cl\/portal\/wp-json\/wp\/v2\/media\/48398"}],"wp:attachment":[{"href":"https:\/\/eltrabajo.cl\/portal\/wp-json\/wp\/v2\/media?parent=48397"}],"wp:term":[{"taxonomy":"category","embeddable":true,"href":"https:\/\/eltrabajo.cl\/portal\/wp-json\/wp\/v2\/categories?post=48397"},{"taxonomy":"post_tag","embeddable":true,"href":"https:\/\/eltrabajo.cl\/portal\/wp-json\/wp\/v2\/tags?post=48397"}],"curies":[{"name":"wp","href":"https:\/\/api.w.org\/{rel}","templated":true}]}}