{"id":48419,"date":"2014-07-03T09:29:22","date_gmt":"2014-07-03T13:29:22","guid":{"rendered":"http:\/\/www.eltrabajo.cl\/portal\/?p=48419"},"modified":"2014-07-03T09:29:22","modified_gmt":"2014-07-03T13:29:22","slug":"rescatan-y-curan-heridas-a-perro-callejero-que-deambulaba-por-las-calles","status":"publish","type":"post","link":"https:\/\/eltrabajo.cl\/portal\/rescatan-y-curan-heridas-a-perro-callejero-que-deambulaba-por-las-calles\/","title":{"rendered":"Rescatan y curan heridas a perro callejero que deambulaba por las calles"},"content":{"rendered":"<figure id=\"attachment_48420\" aria-describedby=\"caption-attachment-48420\" style=\"width: 529px\" class=\"wp-caption alignnone\"><a href=\"https:\/\/i0.wp.com\/www.eltrabajo.cl\/portal\/wp-content\/uploads\/2014\/07\/Perro1.jpg\"><img data-recalc-dims=\"1\" loading=\"lazy\" decoding=\"async\" class=\"size-full wp-image-48420\" alt=\"RESCATADO.- Varios fueron los intentos de voluntarios de la Agrupaci\u00f3n Conciencia Animal por tratar de atrapar a este perrito y ponerlo en manos de la Veterinaria Alc\u00e1ntara de San Felipe.\" src=\"https:\/\/i0.wp.com\/www.eltrabajo.cl\/portal\/wp-content\/uploads\/2014\/07\/Perro1.jpg?resize=529%2C358\" width=\"529\" height=\"358\" srcset=\"https:\/\/i0.wp.com\/eltrabajo.cl\/portal\/wp-content\/uploads\/2014\/07\/Perro1.jpg?w=529&amp;ssl=1 529w, https:\/\/i0.wp.com\/eltrabajo.cl\/portal\/wp-content\/uploads\/2014\/07\/Perro1.jpg?resize=200%2C135&amp;ssl=1 200w, https:\/\/i0.wp.com\/eltrabajo.cl\/portal\/wp-content\/uploads\/2014\/07\/Perro1.jpg?resize=300%2C203&amp;ssl=1 300w, https:\/\/i0.wp.com\/eltrabajo.cl\/portal\/wp-content\/uploads\/2014\/07\/Perro1.jpg?resize=150%2C101&amp;ssl=1 150w, https:\/\/i0.wp.com\/eltrabajo.cl\/portal\/wp-content\/uploads\/2014\/07\/Perro1.jpg?resize=400%2C270&amp;ssl=1 400w\" sizes=\"auto, (max-width: 529px) 100vw, 529px\" \/><\/a><figcaption id=\"caption-attachment-48420\" class=\"wp-caption-text\">RESCATADO.- Varios fueron los intentos de voluntarios de la Agrupaci\u00f3n Conciencia Animal por tratar de atrapar a este perrito y ponerlo en manos de la Veterinaria Alc\u00e1ntara de San Felipe.<\/figcaption><\/figure>\n<p><strong>PUTAENDO<\/strong>.- Desde hace seis meses un perro callejero que habitualmente recorre el centro de la comuna, cojeaba visiblemente en su pata derecha luego que dos alambres ocupados como lazos para cazar conejos literalmente le cercenaran parte de su pata. Varios fueron los intentos de voluntarios de la Agrupaci\u00f3n Conciencia Animal por tratar de atrapar a este perrito, que a pesar de su dificultad para caminar nunca se dej\u00f3 atrapar.<\/p>\n<p>El viernes pasado el can lleg\u00f3 hasta una vivienda de Calle Sarmiento donde habitualmente le dan alimento y agua, y con la importante ayuda del vecino Carlos Saavedra que se atrevi\u00f3 a acercarse al perro, tomarlo en sus brazos y gracias a la disposici\u00f3n de Carabineros de Putaendo, en un furg\u00f3n policial fue trasladado hasta la cl\u00ednica veterinaria Alc\u00e1ntara de San Felipe.<\/p>\n<figure id=\"attachment_48421\" aria-describedby=\"caption-attachment-48421\" style=\"width: 317px\" class=\"wp-caption alignright\"><a href=\"https:\/\/i0.wp.com\/www.eltrabajo.cl\/portal\/wp-content\/uploads\/2014\/07\/Perro2.jpg\"><img data-recalc-dims=\"1\" loading=\"lazy\" decoding=\"async\" class=\" wp-image-48421 \" alt=\"CALIDAD DE VIDA.- Lo concreto es que hoy este perro seguir\u00e1 siendo uno m\u00e1s de la calle, pero gracias al inter\u00e9s de algunos vecinos, su calidad de vida ha cambiado radicalmente.\" src=\"https:\/\/i0.wp.com\/www.eltrabajo.cl\/portal\/wp-content\/uploads\/2014\/07\/Perro2.jpg?resize=317%2C215\" width=\"317\" height=\"215\" srcset=\"https:\/\/i0.wp.com\/eltrabajo.cl\/portal\/wp-content\/uploads\/2014\/07\/Perro2.jpg?w=529&amp;ssl=1 529w, https:\/\/i0.wp.com\/eltrabajo.cl\/portal\/wp-content\/uploads\/2014\/07\/Perro2.jpg?resize=200%2C135&amp;ssl=1 200w, https:\/\/i0.wp.com\/eltrabajo.cl\/portal\/wp-content\/uploads\/2014\/07\/Perro2.jpg?resize=300%2C203&amp;ssl=1 300w, https:\/\/i0.wp.com\/eltrabajo.cl\/portal\/wp-content\/uploads\/2014\/07\/Perro2.jpg?resize=150%2C101&amp;ssl=1 150w, https:\/\/i0.wp.com\/eltrabajo.cl\/portal\/wp-content\/uploads\/2014\/07\/Perro2.jpg?resize=400%2C270&amp;ssl=1 400w\" sizes=\"auto, (max-width: 317px) 100vw, 317px\" \/><\/a><figcaption id=\"caption-attachment-48421\" class=\"wp-caption-text\">CALIDAD DE VIDA.- Lo concreto es que hoy este perro seguir\u00e1 siendo uno m\u00e1s de la calle, pero gracias al inter\u00e9s de algunos vecinos, su calidad de vida ha cambiado radicalmente.<\/figcaption><\/figure>\n<p>El M\u00e9dico Veterinario Luis Vergara recibi\u00f3 a este perrito y luego de tomar las radiograf\u00edas correspondientes comprob\u00f3 que presentaba una peque\u00f1a fractura en uno de sus dedos y eran dos los alambres que ya estaban bajo la piel, los que ocasionaron mucho da\u00f1o. Despu\u00e9s de los ex\u00e1menes correspondientes, el Vergara realiz\u00f3 dos intervenciones, una de ellas bastante compleja, logr\u00f3 sacar los dos alambres y evitar una amputaci\u00f3n, que en un principio era una de las opciones que se manejaba.<\/p>\n<p>Pasado el mediod\u00eda del domingo, el perrito fue entregado nuevamente a nuestro medio y junto a Don Carlos Saavedra pudimos ver que a pesar de la operaci\u00f3n, despu\u00e9s de seis meses este perro ya puede caminar con normalidad y cuando lo dejamos en la plaza de Putaendo, donde habitualmente deambula, nos sorprendimos de c\u00f3mo incluso pudo rascarse con la extremidad que durante tanto tiempo tuvo lastimada.<\/p>\n<p>Nuevamente queremos agradecer la generosidad y disposici\u00f3n del veterinario Luis Vergara, que atendi\u00f3, oper\u00f3 e incluso castr\u00f3 totalmente gratis a este perrito y adem\u00e1s nos regal\u00f3 los medicamentos y antibi\u00f3ticos, que esperamos, alg\u00fan voluntario se los pueda suministrar durante los pr\u00f3ximos d\u00edas. Lo concreto es que hoy este perro seguir\u00e1 siendo uno m\u00e1s de la calle, pero gracias al inter\u00e9s de algunos vecinos y la colaboraci\u00f3n de Luis Vergara, su calidad de vida ha cambiado radicalmente.<\/p>\n<p>Patricio Gallardo M.<\/p>\n","protected":false},"excerpt":{"rendered":"<p>PUTAENDO.- Desde hace seis meses un perro callejero que habitualmente recorre el centro de la comuna, cojeaba visiblemente en su pata derecha luego que dos alambres ocupados como lazos para cazar conejos&#8230;<\/p>\n","protected":false},"author":482,"featured_media":48420,"comment_status":"open","ping_status":"closed","sticky":false,"template":"","format":"standard","meta":{"advanced_seo_description":"","jetpack_seo_html_title":"","jetpack_seo_noindex":false,"_jetpack_memberships_contains_paid_content":false,"footnotes":""},"categories":[15],"tags":[],"class_list":["post-48419","post","type-post","status-publish","format-standard","has-post-thumbnail","hentry","category-comunidad"],"jetpack_featured_media_url":"https:\/\/i0.wp.com\/eltrabajo.cl\/portal\/wp-content\/uploads\/2014\/07\/Perro1.jpg?fit=529%2C358&ssl=1","jetpack_sharing_enabled":true,"jetpack_likes_enabled":true,"jetpack-related-posts":[],"_links":{"self":[{"href":"https:\/\/eltrabajo.cl\/portal\/wp-json\/wp\/v2\/posts\/48419","targetHints":{"allow":["GET"]}}],"collection":[{"href":"https:\/\/eltrabajo.cl\/portal\/wp-json\/wp\/v2\/posts"}],"about":[{"href":"https:\/\/eltrabajo.cl\/portal\/wp-json\/wp\/v2\/types\/post"}],"author":[{"embeddable":true,"href":"https:\/\/eltrabajo.cl\/portal\/wp-json\/wp\/v2\/users\/482"}],"replies":[{"embeddable":true,"href":"https:\/\/eltrabajo.cl\/portal\/wp-json\/wp\/v2\/comments?post=48419"}],"version-history":[{"count":0,"href":"https:\/\/eltrabajo.cl\/portal\/wp-json\/wp\/v2\/posts\/48419\/revisions"}],"wp:featuredmedia":[{"embeddable":true,"href":"https:\/\/eltrabajo.cl\/portal\/wp-json\/wp\/v2\/media\/48420"}],"wp:attachment":[{"href":"https:\/\/eltrabajo.cl\/portal\/wp-json\/wp\/v2\/media?parent=48419"}],"wp:term":[{"taxonomy":"category","embeddable":true,"href":"https:\/\/eltrabajo.cl\/portal\/wp-json\/wp\/v2\/categories?post=48419"},{"taxonomy":"post_tag","embeddable":true,"href":"https:\/\/eltrabajo.cl\/portal\/wp-json\/wp\/v2\/tags?post=48419"}],"curies":[{"name":"wp","href":"https:\/\/api.w.org\/{rel}","templated":true}]}}