{"id":48428,"date":"2014-07-03T09:32:37","date_gmt":"2014-07-03T13:32:37","guid":{"rendered":"http:\/\/www.eltrabajo.cl\/portal\/?p=48428"},"modified":"2014-07-03T09:32:37","modified_gmt":"2014-07-03T13:32:37","slug":"camion-se-estrella-contra-pilares-de-cobertizo-en-la-ruta-internacional","status":"publish","type":"post","link":"https:\/\/eltrabajo.cl\/portal\/camion-se-estrella-contra-pilares-de-cobertizo-en-la-ruta-internacional\/","title":{"rendered":"Cami\u00f3n se estrella contra pilares de cobertizo en la ruta internacional"},"content":{"rendered":"<figure id=\"attachment_48429\" aria-describedby=\"caption-attachment-48429\" style=\"width: 529px\" class=\"wp-caption alignnone\"><a href=\"https:\/\/i0.wp.com\/www.eltrabajo.cl\/portal\/wp-content\/uploads\/2014\/07\/Choque1.jpg\"><img data-recalc-dims=\"1\" loading=\"lazy\" decoding=\"async\" class=\"size-full wp-image-48429\" alt=\"ALTO IMPACTO.- Con heridas de gravedad result\u00f3 un chofer de nacionalidad argentina identificado como Ad\u00e1n Alexis Ortiz Grimaldi (28), quien la tarde del martes choc\u00f3 su cami\u00f3n contra los pilares de cemento de un cobertizo en la ruta internacional.\" src=\"https:\/\/i0.wp.com\/www.eltrabajo.cl\/portal\/wp-content\/uploads\/2014\/07\/Choque1.jpg?resize=529%2C401\" width=\"529\" height=\"401\" srcset=\"https:\/\/i0.wp.com\/eltrabajo.cl\/portal\/wp-content\/uploads\/2014\/07\/Choque1.jpg?w=529&amp;ssl=1 529w, https:\/\/i0.wp.com\/eltrabajo.cl\/portal\/wp-content\/uploads\/2014\/07\/Choque1.jpg?resize=197%2C150&amp;ssl=1 197w, https:\/\/i0.wp.com\/eltrabajo.cl\/portal\/wp-content\/uploads\/2014\/07\/Choque1.jpg?resize=300%2C227&amp;ssl=1 300w, https:\/\/i0.wp.com\/eltrabajo.cl\/portal\/wp-content\/uploads\/2014\/07\/Choque1.jpg?resize=150%2C113&amp;ssl=1 150w, https:\/\/i0.wp.com\/eltrabajo.cl\/portal\/wp-content\/uploads\/2014\/07\/Choque1.jpg?resize=400%2C303&amp;ssl=1 400w\" sizes=\"auto, (max-width: 529px) 100vw, 529px\" \/><\/a><figcaption id=\"caption-attachment-48429\" class=\"wp-caption-text\">ALTO IMPACTO.- Con heridas de gravedad result\u00f3 un chofer de nacionalidad argentina identificado como Ad\u00e1n Alexis Ortiz Grimaldi (28), quien la tarde del martes choc\u00f3 su cami\u00f3n contra los pilares de cemento de un cobertizo en la ruta internacional.<\/figcaption><\/figure>\n<p><strong>LOS ANDES<\/strong>.- Con heridas de gravedad result\u00f3 un chofer de nacionalidad argentina identificado como Ad\u00e1n Alexis Ortiz Grimaldi (28), quien la tarde del martes choc\u00f3 su cami\u00f3n contra los pilares de cemento de un cobertizo en la ruta internacional. El accidente ocurri\u00f3 a eso de las 19:00 horas a la altura del kil\u00f3metro 84, cuando el cami\u00f3n perteneciente a la empresa argentina Treviso S.S., cargado con mostos de vino que se dirig\u00eda hacia Los Andes, perdi\u00f3 el control y choc\u00f3 contra tres pilares de cemento del segundo cobertizo. A ra\u00edz de ello el acoplado de la m\u00e1quina qued\u00f3 cruzado en medio de la calzada, mientras el chofer qued\u00f3 atrapado al interior de la deformada cabina.<\/p>\n<p>Producto de esta situaci\u00f3n se hizo necesaria la concurrencia de unidades de la Primera y Sexta Compa\u00f1\u00eda de Bomberos de Los Andes, as\u00ed como tambi\u00e9n de Bomberos de San Esteban, quienes trabajaron en el rescate del conductor, el cual luego fue entregado al Samu para su traslado hasta el hospital San Juan de Dios.<\/p>\n<p><strong>FRENOS O VELOCIDAD<\/strong><\/p>\n<p>Posteriormente el conductor fue derivado hasta el Hospital San Camilo de San Felipe, donde qued\u00f3 internado con diagn\u00f3stico de tec abierto y traumatismo cervical de car\u00e1cter grave. En tanto, personal de Carabineros de la Subcomisar\u00eda Los Libertadores adopt\u00f3 el procedimiento de rigor para determinar las causas de este accidente. Trascendi\u00f3 que el cami\u00f3n habr\u00eda sufrido una falla en el sistema de frenos, aun cuando no se descarta un exceso de velocidad.<\/p>\n<p>&nbsp;<\/p>\n","protected":false},"excerpt":{"rendered":"<p>LOS ANDES.- Con heridas de gravedad result\u00f3 un chofer de nacionalidad argentina identificado como Ad\u00e1n Alexis Ortiz Grimaldi (28), quien la tarde del martes choc\u00f3 su cami\u00f3n contra los pilares de cemento&#8230;<\/p>\n","protected":false},"author":482,"featured_media":48429,"comment_status":"open","ping_status":"closed","sticky":false,"template":"","format":"standard","meta":{"advanced_seo_description":"","jetpack_seo_html_title":"","jetpack_seo_noindex":false,"_jetpack_memberships_contains_paid_content":false,"footnotes":""},"categories":[21],"tags":[],"class_list":["post-48428","post","type-post","status-publish","format-standard","has-post-thumbnail","hentry","category-policial"],"jetpack_featured_media_url":"https:\/\/i0.wp.com\/eltrabajo.cl\/portal\/wp-content\/uploads\/2014\/07\/Choque1.jpg?fit=529%2C401&ssl=1","jetpack_sharing_enabled":true,"jetpack_likes_enabled":true,"jetpack-related-posts":[],"_links":{"self":[{"href":"https:\/\/eltrabajo.cl\/portal\/wp-json\/wp\/v2\/posts\/48428","targetHints":{"allow":["GET"]}}],"collection":[{"href":"https:\/\/eltrabajo.cl\/portal\/wp-json\/wp\/v2\/posts"}],"about":[{"href":"https:\/\/eltrabajo.cl\/portal\/wp-json\/wp\/v2\/types\/post"}],"author":[{"embeddable":true,"href":"https:\/\/eltrabajo.cl\/portal\/wp-json\/wp\/v2\/users\/482"}],"replies":[{"embeddable":true,"href":"https:\/\/eltrabajo.cl\/portal\/wp-json\/wp\/v2\/comments?post=48428"}],"version-history":[{"count":0,"href":"https:\/\/eltrabajo.cl\/portal\/wp-json\/wp\/v2\/posts\/48428\/revisions"}],"wp:featuredmedia":[{"embeddable":true,"href":"https:\/\/eltrabajo.cl\/portal\/wp-json\/wp\/v2\/media\/48429"}],"wp:attachment":[{"href":"https:\/\/eltrabajo.cl\/portal\/wp-json\/wp\/v2\/media?parent=48428"}],"wp:term":[{"taxonomy":"category","embeddable":true,"href":"https:\/\/eltrabajo.cl\/portal\/wp-json\/wp\/v2\/categories?post=48428"},{"taxonomy":"post_tag","embeddable":true,"href":"https:\/\/eltrabajo.cl\/portal\/wp-json\/wp\/v2\/tags?post=48428"}],"curies":[{"name":"wp","href":"https:\/\/api.w.org\/{rel}","templated":true}]}}